{"id":13725,"date":"2024-02-17T14:43:52","date_gmt":"2024-02-17T13:43:52","guid":{"rendered":"https:\/\/agora.xtec.cat\/ieselsplanells\/?p=13725"},"modified":"2024-09-09T09:35:15","modified_gmt":"2024-09-09T07:35:15","slug":"tallers-de-transferencia-de-la-universitat-de-lleida","status":"publish","type":"post","link":"https:\/\/agora.xtec.cat\/ieselsplanells\/general\/tallers-de-transferencia-de-la-universitat-de-lleida\/","title":{"rendered":"Tallers de transfer\u00e8ncia de la Universitat de Lleida"},"content":{"rendered":"<p>El passat dia 14 de febrer, professorat de l&#8217;Escola Polit\u00e8cnica Superior de la Universitat de Lleida, una escola que ofereix estudis en els \u00e0mbits de l&#8217;enginyeria inform\u00e0tica, l&#8217;enginyeria industrial, l&#8217;arquitectura t\u00e8cnica i el disseny digital, ens van oferir diferents tallers per apropar a l&#8217;alumnat el m\u00f3n de la t\u00e8cnica i la ci\u00e8ncia universit\u00e0ria.<a href=\"https:\/\/agora.xtec.cat\/ieselsplanells\/wp-content\/uploads\/usu1160\/2024\/02\/1708105978625-scaled.jpg\"><img loading=\"lazy\" decoding=\"async\" class=\"size-medium wp-image-13729 alignleft\" src=\"https:\/\/agora.xtec.cat\/ieselsplanells\/wp-content\/uploads\/usu1160\/2024\/02\/1708105978625-300x138.jpg\" alt=\"\" width=\"300\" height=\"138\" srcset=\"https:\/\/agora.xtec.cat\/ieselsplanells\/wp-content\/uploads\/usu1160\/2024\/02\/1708105978625-300x138.jpg 300w, https:\/\/agora.xtec.cat\/ieselsplanells\/wp-content\/uploads\/usu1160\/2024\/02\/1708105978625-1024x473.jpg 1024w, https:\/\/agora.xtec.cat\/ieselsplanells\/wp-content\/uploads\/usu1160\/2024\/02\/1708105978625-768x354.jpg 768w, https:\/\/agora.xtec.cat\/ieselsplanells\/wp-content\/uploads\/usu1160\/2024\/02\/1708105978625-1536x709.jpg 1536w, https:\/\/agora.xtec.cat\/ieselsplanells\/wp-content\/uploads\/usu1160\/2024\/02\/1708105978625-2048x945.jpg 2048w\" sizes=\"auto, (max-width: 300px) 100vw, 300px\" \/><\/a><\/p>\n<p>Mentre l&#8217;alumnat de 4t d&#8217;ESO realitzava un taller de <strong>Forces<\/strong> per familiaritzar-se i entendre el seu car\u00e0cter vectorial tot construint un dispositiu de simple fabricaci\u00f3 amb politges, i rebien una xerrada sobre els estudis que ofereixen tant a Lleida com a Igualada, l&#8217;alumnat de 3r d&#8217;ESO participava en dos tallers. En el primer de <strong>Criptografia<\/strong> van poder con\u00e8ixer multitud d&#8217;exemples de maneres d&#8217;encriptar missatges, des del criptosistema de C\u00e8sar fins als actuals basats en problemes matem\u00e0tics complexos. I en el segon de <strong>Neuroescalextric<\/strong>, van fer un tastet de les possibilitats de<a href=\"https:\/\/agora.xtec.cat\/ieselsplanells\/wp-content\/uploads\/usu1160\/2024\/02\/1708105978688-scaled.jpg\"><img loading=\"lazy\" decoding=\"async\" class=\"alignright size-medium wp-image-13730\" src=\"https:\/\/agora.xtec.cat\/ieselsplanells\/wp-content\/uploads\/usu1160\/2024\/02\/1708105978688-300x138.jpg\" alt=\"\" width=\"300\" height=\"138\" srcset=\"https:\/\/agora.xtec.cat\/ieselsplanells\/wp-content\/uploads\/usu1160\/2024\/02\/1708105978688-300x138.jpg 300w, https:\/\/agora.xtec.cat\/ieselsplanells\/wp-content\/uploads\/usu1160\/2024\/02\/1708105978688-1024x473.jpg 1024w, https:\/\/agora.xtec.cat\/ieselsplanells\/wp-content\/uploads\/usu1160\/2024\/02\/1708105978688-768x354.jpg 768w, https:\/\/agora.xtec.cat\/ieselsplanells\/wp-content\/uploads\/usu1160\/2024\/02\/1708105978688-1536x709.jpg 1536w, https:\/\/agora.xtec.cat\/ieselsplanells\/wp-content\/uploads\/usu1160\/2024\/02\/1708105978688-2048x945.jpg 2048w\" sizes=\"auto, (max-width: 300px) 100vw, 300px\" \/><\/a> la neuroci\u00e8ncia tot bellugant els cotxes amb la ment gr\u00e0cies a un casc neuronal que llegeix les ones cerebrals.<\/p>\n<p>Moltes gr\u00e0cies per la vostra dedicaci\u00f3, les experi\u00e8ncies vivencials sempre desperten vocacions.<\/p>\n<p>&nbsp;<\/p>\n<p>&nbsp;<\/p>\n<p>&nbsp;<\/p>\n<p>&nbsp;<\/p>\n","protected":false},"excerpt":{"rendered":"<p>El passat dia 14 de febrer, professorat de l&#8217;Escola Polit\u00e8cnica Superior de la Universitat de Lleida, una escola que ofereix estudis en els \u00e0mbits de l&#8217;enginyeria inform\u00e0tica, l&#8217;enginyeria industrial, l&#8217;arquitectura t\u00e8cnica i el disseny digital, ens van oferir diferents tallers per apropar a l&#8217;alumnat el&hellip;  <a href=\"https:\/\/agora.xtec.cat\/ieselsplanells\/general\/tallers-de-transferencia-de-la-universitat-de-lleida\/\" title=\"Read Tallers de transfer\u00e8ncia de la Universitat de Lleida\">Llegeix m\u00e9s\u00bb<\/a><\/p>\n","protected":false},"author":292,"featured_media":13728,"comment_status":"open","ping_status":"closed","sticky":false,"template":"","format":"standard","meta":{"_bbp_topic_count":0,"_bbp_reply_count":0,"_bbp_total_topic_count":0,"_bbp_total_reply_count":0,"_bbp_voice_count":0,"_bbp_anonymous_reply_count":0,"_bbp_topic_count_hidden":0,"_bbp_reply_count_hidden":0,"_bbp_forum_subforum_count":0,"footnotes":""},"categories":[6,238,510,170,1,29,176],"tags":[390,509,502,58],"class_list":["post-13725","post","type-post","status-publish","format-standard","has-post-thumbnail","hentry","category-eso-3","category-4t-eso","category-curs-2023-2024","category-experimentals","category-general","category-portada","category-tecno","tag-departament-experimentals","tag-departament-tecnologia","tag-experiencies-enriquidores","tag-tallers"],"post_mailing_queue_ids":[],"_links":{"self":[{"href":"https:\/\/agora.xtec.cat\/ieselsplanells\/wp-json\/wp\/v2\/posts\/13725","targetHints":{"allow":["GET"]}}],"collection":[{"href":"https:\/\/agora.xtec.cat\/ieselsplanells\/wp-json\/wp\/v2\/posts"}],"about":[{"href":"https:\/\/agora.xtec.cat\/ieselsplanells\/wp-json\/wp\/v2\/types\/post"}],"author":[{"embeddable":true,"href":"https:\/\/agora.xtec.cat\/ieselsplanells\/wp-json\/wp\/v2\/users\/292"}],"replies":[{"embeddable":true,"href":"https:\/\/agora.xtec.cat\/ieselsplanells\/wp-json\/wp\/v2\/comments?post=13725"}],"version-history":[{"count":4,"href":"https:\/\/agora.xtec.cat\/ieselsplanells\/wp-json\/wp\/v2\/posts\/13725\/revisions"}],"predecessor-version":[{"id":13732,"href":"https:\/\/agora.xtec.cat\/ieselsplanells\/wp-json\/wp\/v2\/posts\/13725\/revisions\/13732"}],"wp:featuredmedia":[{"embeddable":true,"href":"https:\/\/agora.xtec.cat\/ieselsplanells\/wp-json\/wp\/v2\/media\/13728"}],"wp:attachment":[{"href":"https:\/\/agora.xtec.cat\/ieselsplanells\/wp-json\/wp\/v2\/media?parent=13725"}],"wp:term":[{"taxonomy":"category","embeddable":true,"href":"https:\/\/agora.xtec.cat\/ieselsplanells\/wp-json\/wp\/v2\/categories?post=13725"},{"taxonomy":"post_tag","embeddable":true,"href":"https:\/\/agora.xtec.cat\/ieselsplanells\/wp-json\/wp\/v2\/tags?post=13725"}],"curies":[{"name":"wp","href":"https:\/\/api.w.org\/{rel}","templated":true}]}}