{"id":13709,"date":"2024-02-08T14:41:25","date_gmt":"2024-02-08T13:41:25","guid":{"rendered":"https:\/\/agora.xtec.cat\/ieselsplanells\/?p=13709"},"modified":"2024-09-09T09:35:16","modified_gmt":"2024-09-09T07:35:16","slug":"participacio-a-les-olimpiades-de-biologia-de-catalunya","status":"publish","type":"post","link":"https:\/\/agora.xtec.cat\/ieselsplanells\/general\/participacio-a-les-olimpiades-de-biologia-de-catalunya\/","title":{"rendered":"Participaci\u00f3 a les Olimp\u00edades de Biologia de Catalunya"},"content":{"rendered":"<p>El passat dia 3 de febrer, les alumnes de segon de batxillerat Maria Acosta i Rut Maza, van participar en la XIV Olimp\u00edada de Biologia 2024 a la subseu de Lleida.<\/p>\n<p><a href=\"https:\/\/agora.xtec.cat\/ieselsplanells\/wp-content\/uploads\/usu1160\/2024\/02\/logo-olimpiades-bio.jpg\"><img loading=\"lazy\" decoding=\"async\" class=\"alignright size-full wp-image-13712\" src=\"https:\/\/agora.xtec.cat\/ieselsplanells\/wp-content\/uploads\/usu1160\/2024\/02\/logo-olimpiades-bio.jpg\" alt=\"\" width=\"180\" height=\"176\" \/><\/a>L&#8217;olimp\u00edada consta d&#8217;una prova te\u00f2rica que es realitza simult\u00e0niament a totes les subseus. La prova va tenir una durada de dues hores i despr\u00e9s l&#8217;alumnat va poder participar de la confer\u00e8ncia &#8220;Aplicaci\u00f3 de noves tecnologies en l&#8217;estudi del c\u00e0ncer&#8221; a c\u00e0rrec de Mariona Pont G\u00f2dia (investigadora IRBL<wbr \/>leida).\u00a0Posteriorment,\u00a0la\u00a0UDL\u00a0<wbr \/>va presentar els Graus de Bioci\u00e8ncies que ofereix a l&#8217;alumnat. El mat\u00ed va concloure amb el lliurament de diplomes a l&#8217;alumnat participant\u00a0en la\u00a0XIV OBC 2024.<\/p>\n","protected":false},"excerpt":{"rendered":"<p>El passat dia 3 de febrer, les alumnes de segon de batxillerat Maria Acosta i Rut Maza, van participar en la XIV Olimp\u00edada de Biologia 2024 a la subseu de Lleida.<br \/>\n<a href=\"https:\/\/agora.xtec.cat\/ieselsplanells\/wp-content\/uploads\/usu1160\/2024\/02\/logo-olimpiades-bio.jpg\"><\/a>L&#8217;olimp\u00edada consta d&#8217;una prova te\u00f2rica que es realitza simult\u00e0niament a totes les subseus. La&hellip;  <a href=\"https:\/\/agora.xtec.cat\/ieselsplanells\/general\/participacio-a-les-olimpiades-de-biologia-de-catalunya\/\" title=\"Read Participaci\u00f3 a les Olimp\u00edades de Biologia de Catalunya\">Llegeix m\u00e9s\u00bb<\/a><\/p>\n","protected":false},"author":292,"featured_media":13711,"comment_status":"open","ping_status":"closed","sticky":false,"template":"","format":"standard","meta":{"_bbp_topic_count":0,"_bbp_reply_count":0,"_bbp_total_topic_count":0,"_bbp_total_reply_count":0,"_bbp_voice_count":0,"_bbp_anonymous_reply_count":0,"_bbp_topic_count_hidden":0,"_bbp_reply_count_hidden":0,"_bbp_forum_subforum_count":0,"footnotes":""},"categories":[146,8,104,510,170,1,29],"tags":[68,528,390,502],"class_list":["post-13709","post","type-post","status-publish","format-standard","has-post-thumbnail","hentry","category-2n-batx","category-batxillerat","category-concursos","category-curs-2023-2024","category-experimentals","category-general","category-portada","tag-batxillerat","tag-biologia","tag-departament-experimentals","tag-experiencies-enriquidores"],"post_mailing_queue_ids":[],"_links":{"self":[{"href":"https:\/\/agora.xtec.cat\/ieselsplanells\/wp-json\/wp\/v2\/posts\/13709","targetHints":{"allow":["GET"]}}],"collection":[{"href":"https:\/\/agora.xtec.cat\/ieselsplanells\/wp-json\/wp\/v2\/posts"}],"about":[{"href":"https:\/\/agora.xtec.cat\/ieselsplanells\/wp-json\/wp\/v2\/types\/post"}],"author":[{"embeddable":true,"href":"https:\/\/agora.xtec.cat\/ieselsplanells\/wp-json\/wp\/v2\/users\/292"}],"replies":[{"embeddable":true,"href":"https:\/\/agora.xtec.cat\/ieselsplanells\/wp-json\/wp\/v2\/comments?post=13709"}],"version-history":[{"count":2,"href":"https:\/\/agora.xtec.cat\/ieselsplanells\/wp-json\/wp\/v2\/posts\/13709\/revisions"}],"predecessor-version":[{"id":13714,"href":"https:\/\/agora.xtec.cat\/ieselsplanells\/wp-json\/wp\/v2\/posts\/13709\/revisions\/13714"}],"wp:featuredmedia":[{"embeddable":true,"href":"https:\/\/agora.xtec.cat\/ieselsplanells\/wp-json\/wp\/v2\/media\/13711"}],"wp:attachment":[{"href":"https:\/\/agora.xtec.cat\/ieselsplanells\/wp-json\/wp\/v2\/media?parent=13709"}],"wp:term":[{"taxonomy":"category","embeddable":true,"href":"https:\/\/agora.xtec.cat\/ieselsplanells\/wp-json\/wp\/v2\/categories?post=13709"},{"taxonomy":"post_tag","embeddable":true,"href":"https:\/\/agora.xtec.cat\/ieselsplanells\/wp-json\/wp\/v2\/tags?post=13709"}],"curies":[{"name":"wp","href":"https:\/\/api.w.org\/{rel}","templated":true}]}}