{"id":13701,"date":"2024-02-02T19:38:56","date_gmt":"2024-02-02T18:38:56","guid":{"rendered":"https:\/\/agora.xtec.cat\/ieselsplanells\/?p=13701"},"modified":"2024-09-09T09:35:16","modified_gmt":"2024-09-09T07:35:16","slug":"visita-a-letseafiv-i-a-lirta-fruitcentre","status":"publish","type":"post","link":"https:\/\/agora.xtec.cat\/ieselsplanells\/general\/visita-a-letseafiv-i-a-lirta-fruitcentre\/","title":{"rendered":"Visita a l&#8217;ETSEAFIV i a l&#8217;IRTA Fruitcentre"},"content":{"rendered":"<p>L&#8217;alumnat de segon de batxillerat cientificotecnol\u00f2gic hem anat a fer una visita al campus de l&#8217;Escola T\u00e8cnica i Superior d&#8217;Enginyeria Agr\u00e0ria, Forestal i Veterin\u00e0ria de la Universitat de Lleida, i a les instal\u00b7lacions Fruitcentre de l&#8217;Institut de Recerca i Tecnologia Agroaliment\u00e0ries.<\/p>\n<p><a href=\"https:\/\/agora.xtec.cat\/ieselsplanells\/wp-content\/uploads\/usu1160\/2024\/02\/1706898508073-scaled.jpg\"><img loading=\"lazy\" decoding=\"async\" class=\"alignright wp-image-13704\" src=\"https:\/\/agora.xtec.cat\/ieselsplanells\/wp-content\/uploads\/usu1160\/2024\/02\/1706898508073-300x138.jpg\" alt=\"\" width=\"261\" height=\"120\" srcset=\"https:\/\/agora.xtec.cat\/ieselsplanells\/wp-content\/uploads\/usu1160\/2024\/02\/1706898508073-300x138.jpg 300w, https:\/\/agora.xtec.cat\/ieselsplanells\/wp-content\/uploads\/usu1160\/2024\/02\/1706898508073-1024x473.jpg 1024w, https:\/\/agora.xtec.cat\/ieselsplanells\/wp-content\/uploads\/usu1160\/2024\/02\/1706898508073-768x354.jpg 768w, https:\/\/agora.xtec.cat\/ieselsplanells\/wp-content\/uploads\/usu1160\/2024\/02\/1706898508073-1536x709.jpg 1536w, https:\/\/agora.xtec.cat\/ieselsplanells\/wp-content\/uploads\/usu1160\/2024\/02\/1706898508073-2048x945.jpg 2048w\" sizes=\"auto, (max-width: 261px) 100vw, 261px\" \/><\/a>A primera hora, ens hem posat la bata de laboratori i hem realitzat un taller sobre\u00a0els greixos i la xocolata. Hem conegut un alcaloide que cont\u00e9 la xocolata, la Teobromina, paraula que prov\u00e9 del grec <em>Theo<\/em> (D\u00e9u) i <em>Broma<\/em> (aliment), \u00e9s a dir, l&#8217;aliment dels D\u00e9us.<\/p>\n<p>Tot seguit, hem anat al laboratori de microbiologia per a<a href=\"https:\/\/agora.xtec.cat\/ieselsplanells\/wp-content\/uploads\/usu1160\/2024\/02\/1706898507968-scaled.jpg\"><img loading=\"lazy\" decoding=\"async\" class=\"alignright size-medium wp-image-13706\" src=\"https:\/\/agora.xtec.cat\/ieselsplanells\/wp-content\/uploads\/usu1160\/2024\/02\/1706898507968-300x138.jpg\" alt=\"\" width=\"300\" height=\"138\" srcset=\"https:\/\/agora.xtec.cat\/ieselsplanells\/wp-content\/uploads\/usu1160\/2024\/02\/1706898507968-300x138.jpg 300w, https:\/\/agora.xtec.cat\/ieselsplanells\/wp-content\/uploads\/usu1160\/2024\/02\/1706898507968-1024x473.jpg 1024w, https:\/\/agora.xtec.cat\/ieselsplanells\/wp-content\/uploads\/usu1160\/2024\/02\/1706898507968-768x354.jpg 768w, https:\/\/agora.xtec.cat\/ieselsplanells\/wp-content\/uploads\/usu1160\/2024\/02\/1706898507968-1536x709.jpg 1536w, https:\/\/agora.xtec.cat\/ieselsplanells\/wp-content\/uploads\/usu1160\/2024\/02\/1706898507968-2048x945.jpg 2048w\" sizes=\"auto, (max-width: 300px) 100vw, 300px\" \/><\/a> con\u00e8ixer i observar a trav\u00e9s dels microscopis diferents fongs i bacteris que podem trobar en els aliments que consumim habitualment. Sab\u00edeu que en una sola cullerada de iogurt hi ha m\u00e9s de cent mil milions de microorganismes?<\/p>\n<p>Per acabar la jornada, hem visitat les instal\u00b7lacions de Fruitcentre, un referent mundial en la recerca destinat a la innovaci\u00f3 del proc\u00e9s productiu i de conservaci\u00f3 de la fruita. Hem pogut veure les cambres d&#8217;assaig on es controla la humitat, la temperatura i la quantitat d&#8217;oxigen ambiental, sensors NIR per a classificar la fruita segons el seu contingut en sucres, maquin\u00e0ria per a la quarta gamma, i fins i tot una cuina per investigar sobre els productes alimentaris de cinquena gamma.<\/p>\n<p>Una sortida molt profitosa, rematada amb la degustaci\u00f3 dels bombons elaborats per nosaltres mateixos.<\/p>\n","protected":false},"excerpt":{"rendered":"<p>L&#8217;alumnat de segon de batxillerat cientificotecnol\u00f2gic hem anat a fer una visita al campus de l&#8217;Escola T\u00e8cnica i Superior d&#8217;Enginyeria Agr\u00e0ria, Forestal i Veterin\u00e0ria de la Universitat de Lleida, i a les instal\u00b7lacions Fruitcentre de l&#8217;Institut de Recerca i Tecnologia Agroaliment\u00e0ries.<br \/>\n<a href=\"https:\/\/agora.xtec.cat\/ieselsplanells\/wp-content\/uploads\/usu1160\/2024\/02\/1706898508073-scaled.jpg\"><\/a>A primera hora, ens&hellip;  <a href=\"https:\/\/agora.xtec.cat\/ieselsplanells\/general\/visita-a-letseafiv-i-a-lirta-fruitcentre\/\" title=\"Read Visita a l&#8217;ETSEAFIV i a l&#8217;IRTA Fruitcentre\">Llegeix m\u00e9s\u00bb<\/a><\/p>\n","protected":false},"author":292,"featured_media":13708,"comment_status":"open","ping_status":"closed","sticky":false,"template":"","format":"standard","meta":{"_bbp_topic_count":0,"_bbp_reply_count":0,"_bbp_total_topic_count":0,"_bbp_total_reply_count":0,"_bbp_voice_count":0,"_bbp_anonymous_reply_count":0,"_bbp_topic_count_hidden":0,"_bbp_reply_count_hidden":0,"_bbp_forum_subforum_count":0,"footnotes":""},"categories":[146,8,510,170,1,29,92,176],"tags":[193,247,519,390,509,502],"class_list":["post-13701","post","type-post","status-publish","format-standard","has-post-thumbnail","hentry","category-2n-batx","category-batxillerat","category-curs-2023-2024","category-experimentals","category-general","category-portada","category-sortides","category-tecno","tag-2n-bat","tag-ciencia","tag-curs-2023-2024","tag-departament-experimentals","tag-departament-tecnologia","tag-experiencies-enriquidores"],"post_mailing_queue_ids":[],"_links":{"self":[{"href":"https:\/\/agora.xtec.cat\/ieselsplanells\/wp-json\/wp\/v2\/posts\/13701","targetHints":{"allow":["GET"]}}],"collection":[{"href":"https:\/\/agora.xtec.cat\/ieselsplanells\/wp-json\/wp\/v2\/posts"}],"about":[{"href":"https:\/\/agora.xtec.cat\/ieselsplanells\/wp-json\/wp\/v2\/types\/post"}],"author":[{"embeddable":true,"href":"https:\/\/agora.xtec.cat\/ieselsplanells\/wp-json\/wp\/v2\/users\/292"}],"replies":[{"embeddable":true,"href":"https:\/\/agora.xtec.cat\/ieselsplanells\/wp-json\/wp\/v2\/comments?post=13701"}],"version-history":[{"count":4,"href":"https:\/\/agora.xtec.cat\/ieselsplanells\/wp-json\/wp\/v2\/posts\/13701\/revisions"}],"predecessor-version":[{"id":13707,"href":"https:\/\/agora.xtec.cat\/ieselsplanells\/wp-json\/wp\/v2\/posts\/13701\/revisions\/13707"}],"wp:featuredmedia":[{"embeddable":true,"href":"https:\/\/agora.xtec.cat\/ieselsplanells\/wp-json\/wp\/v2\/media\/13708"}],"wp:attachment":[{"href":"https:\/\/agora.xtec.cat\/ieselsplanells\/wp-json\/wp\/v2\/media?parent=13701"}],"wp:term":[{"taxonomy":"category","embeddable":true,"href":"https:\/\/agora.xtec.cat\/ieselsplanells\/wp-json\/wp\/v2\/categories?post=13701"},{"taxonomy":"post_tag","embeddable":true,"href":"https:\/\/agora.xtec.cat\/ieselsplanells\/wp-json\/wp\/v2\/tags?post=13701"}],"curies":[{"name":"wp","href":"https:\/\/api.w.org\/{rel}","templated":true}]}}