{"id":13613,"date":"2023-11-27T15:29:40","date_gmt":"2023-11-27T14:29:40","guid":{"rendered":"https:\/\/agora.xtec.cat\/ieselsplanells\/?p=13613"},"modified":"2024-09-09T09:35:17","modified_gmt":"2024-09-09T07:35:17","slug":"visita-al-parc-astronomic-del-montsec-dager","status":"publish","type":"post","link":"https:\/\/agora.xtec.cat\/ieselsplanells\/general\/visita-al-parc-astronomic-del-montsec-dager\/","title":{"rendered":"Visita al Parc Astron\u00f2mic del Montsec d&#8217;\u00c0ger"},"content":{"rendered":"<p>Divendres 17 de novembre l&#8217;alumnat de 1 d&#8217;ESO hem anat a \u00c0ger per visitar el Parc Astron\u00f2mic del Montsec, on\u00a0 hem conegut els diferents telescopis que hi ha al m\u00f3n per poder observar les estrelles, i hem gaudit d&#8217;una sessi\u00f3 de planetari, amb una projecci\u00f3 de tem\u00e0tica astron\u00f2mica i una explicaci\u00f3 del cel amb el simulador. Hem conegut el Sol, l\u2019\u00fanica estrella que podem observar de dia. Hem vist com els milers d\u2019estels visibles es poden agrupar en formes i figures que antigues civilitzacions van dibuixar en el cel i que han arribat fins als nostres dies, les constel\u00b7lacions.<\/p>\n<p><a href=\"https:\/\/agora.xtec.cat\/ieselsplanells\/wp-content\/uploads\/usu1160\/2023\/11\/IMG_20231117_1249212-scaled.jpg\"><img loading=\"lazy\" decoding=\"async\" class=\"alignright size-medium wp-image-13631\" src=\"https:\/\/agora.xtec.cat\/ieselsplanells\/wp-content\/uploads\/usu1160\/2023\/11\/IMG_20231117_1249212-300x225.jpg\" alt=\"\" width=\"300\" height=\"225\" srcset=\"https:\/\/agora.xtec.cat\/ieselsplanells\/wp-content\/uploads\/usu1160\/2023\/11\/IMG_20231117_1249212-300x225.jpg 300w, https:\/\/agora.xtec.cat\/ieselsplanells\/wp-content\/uploads\/usu1160\/2023\/11\/IMG_20231117_1249212-1024x768.jpg 1024w, https:\/\/agora.xtec.cat\/ieselsplanells\/wp-content\/uploads\/usu1160\/2023\/11\/IMG_20231117_1249212-768x576.jpg 768w, https:\/\/agora.xtec.cat\/ieselsplanells\/wp-content\/uploads\/usu1160\/2023\/11\/IMG_20231117_1249212-1536x1152.jpg 1536w, https:\/\/agora.xtec.cat\/ieselsplanells\/wp-content\/uploads\/usu1160\/2023\/11\/IMG_20231117_1249212-2048x1536.jpg 2048w, https:\/\/agora.xtec.cat\/ieselsplanells\/wp-content\/uploads\/usu1160\/2023\/11\/IMG_20231117_1249212-200x150.jpg 200w\" sizes=\"auto, (max-width: 300px) 100vw, 300px\" \/><\/a><\/p>\n<p><a href=\"https:\/\/agora.xtec.cat\/ieselsplanells\/wp-content\/uploads\/usu1160\/2023\/11\/astronomic-01.jpg\"><img loading=\"lazy\" decoding=\"async\" class=\"alignright size-medium wp-image-13629\" src=\"https:\/\/agora.xtec.cat\/ieselsplanells\/wp-content\/uploads\/usu1160\/2023\/11\/astronomic-01-300x101.jpg\" alt=\"\" width=\"300\" height=\"101\" srcset=\"https:\/\/agora.xtec.cat\/ieselsplanells\/wp-content\/uploads\/usu1160\/2023\/11\/astronomic-01-300x101.jpg 300w, https:\/\/agora.xtec.cat\/ieselsplanells\/wp-content\/uploads\/usu1160\/2023\/11\/astronomic-01-768x258.jpg 768w, https:\/\/agora.xtec.cat\/ieselsplanells\/wp-content\/uploads\/usu1160\/2023\/11\/astronomic-01.jpg 974w\" sizes=\"auto, (max-width: 300px) 100vw, 300px\" \/><\/a><\/p>\n<p><a href=\"https:\/\/agora.xtec.cat\/ieselsplanells\/wp-content\/uploads\/usu1160\/2023\/11\/astronomic-03.jpg\"><img loading=\"lazy\" decoding=\"async\" class=\"alignright size-medium wp-image-13628\" src=\"https:\/\/agora.xtec.cat\/ieselsplanells\/wp-content\/uploads\/usu1160\/2023\/11\/astronomic-03-300x101.jpg\" alt=\"\" width=\"300\" height=\"101\" srcset=\"https:\/\/agora.xtec.cat\/ieselsplanells\/wp-content\/uploads\/usu1160\/2023\/11\/astronomic-03-300x101.jpg 300w, https:\/\/agora.xtec.cat\/ieselsplanells\/wp-content\/uploads\/usu1160\/2023\/11\/astronomic-03-768x258.jpg 768w, https:\/\/agora.xtec.cat\/ieselsplanells\/wp-content\/uploads\/usu1160\/2023\/11\/astronomic-03.jpg 974w\" sizes=\"auto, (max-width: 300px) 100vw, 300px\" \/><\/a><\/p>\n<p>Una experi\u00e8ncia enriquidora, que no oblidarem<\/p>\n","protected":false},"excerpt":{"rendered":"<p>Divendres 17 de novembre l&#8217;alumnat de 1 d&#8217;ESO hem anat a \u00c0ger per visitar el Parc Astron\u00f2mic del Montsec, on\u00a0 hem conegut els diferents telescopis que hi ha al m\u00f3n per poder observar les estrelles, i hem gaudit d&#8217;una sessi\u00f3 de planetari, amb una projecci\u00f3&hellip;  <a href=\"https:\/\/agora.xtec.cat\/ieselsplanells\/general\/visita-al-parc-astronomic-del-montsec-dager\/\" title=\"Read Visita al Parc Astron\u00f2mic del Montsec d&#8217;\u00c0ger\">Llegeix m\u00e9s\u00bb<\/a><\/p>\n","protected":false},"author":292,"featured_media":13614,"comment_status":"open","ping_status":"closed","sticky":false,"template":"","format":"standard","meta":{"_bbp_topic_count":0,"_bbp_reply_count":0,"_bbp_total_topic_count":0,"_bbp_total_reply_count":0,"_bbp_voice_count":0,"_bbp_anonymous_reply_count":0,"_bbp_topic_count_hidden":0,"_bbp_reply_count_hidden":0,"_bbp_forum_subforum_count":0,"footnotes":""},"categories":[4,510,170,1,29,92],"tags":[103,247,519,390],"class_list":["post-13613","post","type-post","status-publish","format-standard","has-post-thumbnail","hentry","category-eso-1","category-curs-2023-2024","category-experimentals","category-general","category-portada","category-sortides","tag-1r-eso","tag-ciencia","tag-curs-2023-2024","tag-departament-experimentals"],"post_mailing_queue_ids":[],"_links":{"self":[{"href":"https:\/\/agora.xtec.cat\/ieselsplanells\/wp-json\/wp\/v2\/posts\/13613","targetHints":{"allow":["GET"]}}],"collection":[{"href":"https:\/\/agora.xtec.cat\/ieselsplanells\/wp-json\/wp\/v2\/posts"}],"about":[{"href":"https:\/\/agora.xtec.cat\/ieselsplanells\/wp-json\/wp\/v2\/types\/post"}],"author":[{"embeddable":true,"href":"https:\/\/agora.xtec.cat\/ieselsplanells\/wp-json\/wp\/v2\/users\/292"}],"replies":[{"embeddable":true,"href":"https:\/\/agora.xtec.cat\/ieselsplanells\/wp-json\/wp\/v2\/comments?post=13613"}],"version-history":[{"count":7,"href":"https:\/\/agora.xtec.cat\/ieselsplanells\/wp-json\/wp\/v2\/posts\/13613\/revisions"}],"predecessor-version":[{"id":13633,"href":"https:\/\/agora.xtec.cat\/ieselsplanells\/wp-json\/wp\/v2\/posts\/13613\/revisions\/13633"}],"wp:featuredmedia":[{"embeddable":true,"href":"https:\/\/agora.xtec.cat\/ieselsplanells\/wp-json\/wp\/v2\/media\/13614"}],"wp:attachment":[{"href":"https:\/\/agora.xtec.cat\/ieselsplanells\/wp-json\/wp\/v2\/media?parent=13613"}],"wp:term":[{"taxonomy":"category","embeddable":true,"href":"https:\/\/agora.xtec.cat\/ieselsplanells\/wp-json\/wp\/v2\/categories?post=13613"},{"taxonomy":"post_tag","embeddable":true,"href":"https:\/\/agora.xtec.cat\/ieselsplanells\/wp-json\/wp\/v2\/tags?post=13613"}],"curies":[{"name":"wp","href":"https:\/\/api.w.org\/{rel}","templated":true}]}}