{"id":13548,"date":"2023-10-16T15:20:27","date_gmt":"2023-10-16T13:20:27","guid":{"rendered":"https:\/\/agora.xtec.cat\/ieselsplanells\/?p=13548"},"modified":"2023-10-16T15:31:55","modified_gmt":"2023-10-16T13:31:55","slug":"reunio-de-families-2023-24","status":"publish","type":"post","link":"https:\/\/agora.xtec.cat\/ieselsplanells\/general\/reunio-de-families-2023-24\/","title":{"rendered":"Reuni\u00f3 de Fam\u00edlies 2023-24"},"content":{"rendered":"<p>&nbsp;<\/p>\n<div>\n<div style=\"text-align: left;\">\n<p>El 26 d&#8217;octubre tindr\u00e0 lloc la reuni\u00f3 de fam\u00edlies d&#8217;inici de curs a l&#8217;Institut Els Planells. A les 20.30 hi haur\u00e0 una presentaci\u00f3 general a la sala polivalent i, tot seguit, les fam\u00edlies de cada grup es reuniran amb els\/les tutors\/res corresponents.<\/p>\n<p><strong>Us hi esperem.<\/strong><\/p>\n<\/div>\n<\/div>\n<div><\/div>\n<div><a href=\"https:\/\/agora.xtec.cat\/ieselsplanells\/wp-content\/uploads\/usu1160\/2023\/10\/Reunio-families-23-24.jpg\"><img loading=\"lazy\" decoding=\"async\" class=\"alignnone wp-image-13549\" src=\"https:\/\/agora.xtec.cat\/ieselsplanells\/wp-content\/uploads\/usu1160\/2023\/10\/Reunio-families-23-24.jpg\" alt=\"\" width=\"968\" height=\"473\" srcset=\"https:\/\/agora.xtec.cat\/ieselsplanells\/wp-content\/uploads\/usu1160\/2023\/10\/Reunio-families-23-24.jpg 991w, https:\/\/agora.xtec.cat\/ieselsplanells\/wp-content\/uploads\/usu1160\/2023\/10\/Reunio-families-23-24-300x147.jpg 300w, https:\/\/agora.xtec.cat\/ieselsplanells\/wp-content\/uploads\/usu1160\/2023\/10\/Reunio-families-23-24-768x375.jpg 768w\" sizes=\"auto, (max-width: 968px) 100vw, 968px\" \/><\/a><\/div>\n","protected":false},"excerpt":{"rendered":"<p>El 26 d&#8217;octubre tindr\u00e0 lloc la reuni\u00f3 de fam\u00edlies d&#8217;inici de curs a l&#8217;Institut Els Planells. A les 20.30 hi haur\u00e0 una presentaci\u00f3 general a la sala polivalent i, tot seguit, les fam\u00edlies de cada grup es reuniran amb els\/les tutors\/res corresponents.<br \/>\nUs hi esperem.&hellip;  <a href=\"https:\/\/agora.xtec.cat\/ieselsplanells\/general\/reunio-de-families-2023-24\/\" title=\"Read Reuni\u00f3 de Fam\u00edlies 2023-24\">Llegeix m\u00e9s\u00bb<\/a><\/p>\n","protected":false},"author":10,"featured_media":13549,"comment_status":"open","ping_status":"closed","sticky":false,"template":"","format":"standard","meta":{"_bbp_topic_count":0,"_bbp_reply_count":0,"_bbp_total_topic_count":0,"_bbp_total_reply_count":0,"_bbp_voice_count":0,"_bbp_anonymous_reply_count":0,"_bbp_topic_count_hidden":0,"_bbp_reply_count_hidden":0,"_bbp_forum_subforum_count":0,"footnotes":""},"categories":[510,1,29],"tags":[],"class_list":["post-13548","post","type-post","status-publish","format-standard","has-post-thumbnail","hentry","category-curs-2023-2024","category-general","category-portada"],"post_mailing_queue_ids":[],"_links":{"self":[{"href":"https:\/\/agora.xtec.cat\/ieselsplanells\/wp-json\/wp\/v2\/posts\/13548","targetHints":{"allow":["GET"]}}],"collection":[{"href":"https:\/\/agora.xtec.cat\/ieselsplanells\/wp-json\/wp\/v2\/posts"}],"about":[{"href":"https:\/\/agora.xtec.cat\/ieselsplanells\/wp-json\/wp\/v2\/types\/post"}],"author":[{"embeddable":true,"href":"https:\/\/agora.xtec.cat\/ieselsplanells\/wp-json\/wp\/v2\/users\/10"}],"replies":[{"embeddable":true,"href":"https:\/\/agora.xtec.cat\/ieselsplanells\/wp-json\/wp\/v2\/comments?post=13548"}],"version-history":[{"count":6,"href":"https:\/\/agora.xtec.cat\/ieselsplanells\/wp-json\/wp\/v2\/posts\/13548\/revisions"}],"predecessor-version":[{"id":13559,"href":"https:\/\/agora.xtec.cat\/ieselsplanells\/wp-json\/wp\/v2\/posts\/13548\/revisions\/13559"}],"wp:featuredmedia":[{"embeddable":true,"href":"https:\/\/agora.xtec.cat\/ieselsplanells\/wp-json\/wp\/v2\/media\/13549"}],"wp:attachment":[{"href":"https:\/\/agora.xtec.cat\/ieselsplanells\/wp-json\/wp\/v2\/media?parent=13548"}],"wp:term":[{"taxonomy":"category","embeddable":true,"href":"https:\/\/agora.xtec.cat\/ieselsplanells\/wp-json\/wp\/v2\/categories?post=13548"},{"taxonomy":"post_tag","embeddable":true,"href":"https:\/\/agora.xtec.cat\/ieselsplanells\/wp-json\/wp\/v2\/tags?post=13548"}],"curies":[{"name":"wp","href":"https:\/\/api.w.org\/{rel}","templated":true}]}}