{"id":13432,"date":"2023-06-16T12:52:29","date_gmt":"2023-06-16T10:52:29","guid":{"rendered":"https:\/\/agora.xtec.cat\/ieselsplanells\/?p=13432"},"modified":"2023-06-16T12:54:01","modified_gmt":"2023-06-16T10:54:01","slug":"serveis-a-la-comunitat-curs-22-23-guanyar-i-aprendre-donant","status":"publish","type":"post","link":"https:\/\/agora.xtec.cat\/ieselsplanells\/general\/serveis-a-la-comunitat-curs-22-23-guanyar-i-aprendre-donant\/","title":{"rendered":"Serveis a la comunitat curs 22-23: guanyar i aprendre donant."},"content":{"rendered":"<p>A l\u2019acabar el curs, tamb\u00e9 s\u2019acaba el Servei a la Comunitat que desenvolupem a l&#8217;institut, des de les assignatures de religi\u00f3 i cultura i valors. Aquest curs,\u00a0 s&#8217;ha realitzat a 4t d&#8217;ESO i ha consistit en\u00a0 tres projectes que han decidit\u00a0 tots els alumnes per tal d&#8217;aportar el seu granet\u00a0 en la\u00a0 millora del nostre entorn: Han preparat jocs d\u2019acollida per alumnes nouvinguts, han dinamitzat els patis de l\u2019escola, a prim\u00e0ria i han visitat els padrins de la resid\u00e8ncia.<\/p>\n<p>Amb l\u2019organitzaci\u00f3 d\u2019aquestes activitats s\u2019han treballat moltes compet\u00e8ncies amb els alumnes de 4t, algunes de contingut acad\u00e8mic i altres de personal i social. Per\u00f2 lluny de conceptes\u00a0 te\u00f2rics el que compta s\u00f3n els resultats, us els resumim: Els alumnes de prim\u00e0ria han gaudit d&#8217;alguns patis diferents i ben entretinguts. Els alumnes de l\u2019aula d\u2019acollida han tingut una altre element per a la integraci\u00f3, el coneixement de la llengua i s&#8217;ha promogut la relaci\u00f3 entre tot el grup. Tot plegat ha estat possible perqu\u00e8\u00a0 l\u2019alumnat de 4t\u00a0 s\u2019ha esfor\u00e7at per a organitzar-se, s\u2019ha\u00a0 responsabilitzat\u00a0 i ha sentit empatia.<\/p>\n<p><a href=\"https:\/\/agora.xtec.cat\/ieselsplanells\/wp-content\/uploads\/usu1160\/2023\/06\/Pati-1.jpg\"><img loading=\"lazy\" decoding=\"async\" class=\"alignnone size-large wp-image-13433\" src=\"https:\/\/agora.xtec.cat\/ieselsplanells\/wp-content\/uploads\/usu1160\/2023\/06\/Pati-1-1024x727.jpg\" alt=\"\" width=\"1024\" height=\"727\" srcset=\"https:\/\/agora.xtec.cat\/ieselsplanells\/wp-content\/uploads\/usu1160\/2023\/06\/Pati-1-1024x727.jpg 1024w, https:\/\/agora.xtec.cat\/ieselsplanells\/wp-content\/uploads\/usu1160\/2023\/06\/Pati-1-300x213.jpg 300w, https:\/\/agora.xtec.cat\/ieselsplanells\/wp-content\/uploads\/usu1160\/2023\/06\/Pati-1-768x545.jpg 768w, https:\/\/agora.xtec.cat\/ieselsplanells\/wp-content\/uploads\/usu1160\/2023\/06\/Pati-1.jpg 1194w\" sizes=\"auto, (max-width: 1024px) 100vw, 1024px\" \/><\/a><\/p>\n<p>Potser el projecte que m\u00e9s els ha impressionat ha estat el de la resid\u00e8ncia. Durant tot el curs, a estones, han fet companyia als padrins , han escoltat les hist\u00f2ries de la seva vida. Han compartit jocs, rialles i can\u00e7ons. Els padrins i padrines han\u00a0 estat molt contents, creiem que les noies i els nois els han aportat distracci\u00f3, alegria i est\u00edmul, Per\u00f2, segurament, qui m\u00e9s s\u2019ha beneficiat d\u2019aquestes trobades ha estat l\u2019alumnat de 4t, ja que han apr\u00e8s un munt de coses, han escoltat amb paci\u00e8ncia, i inter\u00e8s i sobretot s&#8217;han adonat que amb tendresa, alegria i respecte tots podem millorar el nostre m\u00f3n.<\/p>\n<p><a href=\"https:\/\/agora.xtec.cat\/ieselsplanells\/wp-content\/uploads\/usu1160\/2023\/06\/Psdrins-2.jpg\"><img loading=\"lazy\" decoding=\"async\" class=\"alignnone size-large wp-image-13434\" src=\"https:\/\/agora.xtec.cat\/ieselsplanells\/wp-content\/uploads\/usu1160\/2023\/06\/Psdrins-2-1024x694.jpg\" alt=\"\" width=\"1024\" height=\"694\" srcset=\"https:\/\/agora.xtec.cat\/ieselsplanells\/wp-content\/uploads\/usu1160\/2023\/06\/Psdrins-2-1024x694.jpg 1024w, https:\/\/agora.xtec.cat\/ieselsplanells\/wp-content\/uploads\/usu1160\/2023\/06\/Psdrins-2-300x203.jpg 300w, https:\/\/agora.xtec.cat\/ieselsplanells\/wp-content\/uploads\/usu1160\/2023\/06\/Psdrins-2-768x521.jpg 768w, https:\/\/agora.xtec.cat\/ieselsplanells\/wp-content\/uploads\/usu1160\/2023\/06\/Psdrins-2.jpg 1192w\" sizes=\"auto, (max-width: 1024px) 100vw, 1024px\" \/><\/a><\/p>\n","protected":false},"excerpt":{"rendered":"<p>A l\u2019acabar el curs, tamb\u00e9 s\u2019acaba el Servei a la Comunitat que desenvolupem a l&#8217;institut, des de les assignatures de religi\u00f3 i cultura i valors. Aquest curs,\u00a0 s&#8217;ha realitzat a 4t d&#8217;ESO i ha consistit en\u00a0 tres projectes que han decidit\u00a0 tots els alumnes per tal d&#8217;aportar el seu granet\u00a0 en la\u00a0 millora del nostre entorn.&hellip;  <a href=\"https:\/\/agora.xtec.cat\/ieselsplanells\/general\/serveis-a-la-comunitat-curs-22-23-guanyar-i-aprendre-donant\/\" title=\"Read Serveis a la comunitat curs 22-23: guanyar i aprendre donant.\">Llegeix m\u00e9s\u00bb<\/a><\/p>\n","protected":false},"author":10,"featured_media":13434,"comment_status":"open","ping_status":"closed","sticky":false,"template":"","format":"standard","meta":{"_bbp_topic_count":0,"_bbp_reply_count":0,"_bbp_total_topic_count":0,"_bbp_total_reply_count":0,"_bbp_voice_count":0,"_bbp_anonymous_reply_count":0,"_bbp_topic_count_hidden":0,"_bbp_reply_count_hidden":0,"_bbp_forum_subforum_count":0,"footnotes":""},"categories":[499,1,29],"tags":[],"class_list":["post-13432","post","type-post","status-publish","format-standard","has-post-thumbnail","hentry","category-curs-2022-2023","category-general","category-portada"],"post_mailing_queue_ids":[],"_links":{"self":[{"href":"https:\/\/agora.xtec.cat\/ieselsplanells\/wp-json\/wp\/v2\/posts\/13432","targetHints":{"allow":["GET"]}}],"collection":[{"href":"https:\/\/agora.xtec.cat\/ieselsplanells\/wp-json\/wp\/v2\/posts"}],"about":[{"href":"https:\/\/agora.xtec.cat\/ieselsplanells\/wp-json\/wp\/v2\/types\/post"}],"author":[{"embeddable":true,"href":"https:\/\/agora.xtec.cat\/ieselsplanells\/wp-json\/wp\/v2\/users\/10"}],"replies":[{"embeddable":true,"href":"https:\/\/agora.xtec.cat\/ieselsplanells\/wp-json\/wp\/v2\/comments?post=13432"}],"version-history":[{"count":3,"href":"https:\/\/agora.xtec.cat\/ieselsplanells\/wp-json\/wp\/v2\/posts\/13432\/revisions"}],"predecessor-version":[{"id":13440,"href":"https:\/\/agora.xtec.cat\/ieselsplanells\/wp-json\/wp\/v2\/posts\/13432\/revisions\/13440"}],"wp:featuredmedia":[{"embeddable":true,"href":"https:\/\/agora.xtec.cat\/ieselsplanells\/wp-json\/wp\/v2\/media\/13434"}],"wp:attachment":[{"href":"https:\/\/agora.xtec.cat\/ieselsplanells\/wp-json\/wp\/v2\/media?parent=13432"}],"wp:term":[{"taxonomy":"category","embeddable":true,"href":"https:\/\/agora.xtec.cat\/ieselsplanells\/wp-json\/wp\/v2\/categories?post=13432"},{"taxonomy":"post_tag","embeddable":true,"href":"https:\/\/agora.xtec.cat\/ieselsplanells\/wp-json\/wp\/v2\/tags?post=13432"}],"curies":[{"name":"wp","href":"https:\/\/api.w.org\/{rel}","templated":true}]}}