{"id":13217,"date":"2023-03-07T13:27:38","date_gmt":"2023-03-07T12:27:38","guid":{"rendered":"https:\/\/agora.xtec.cat\/ieselsplanells\/?p=13217"},"modified":"2023-03-07T13:28:51","modified_gmt":"2023-03-07T12:28:51","slug":"activitats-de-transferencia-secundaria-universitat-udl","status":"publish","type":"post","link":"https:\/\/agora.xtec.cat\/ieselsplanells\/general\/activitats-de-transferencia-secundaria-universitat-udl\/","title":{"rendered":"Activitats de transfer\u00e8ncia secund\u00e0ria-universitat (UdL)"},"content":{"rendered":"<p><a href=\"https:\/\/agora.xtec.cat\/ieselsplanells\/wp-content\/uploads\/usu1160\/2023\/03\/1678191044725-scaled.jpg\"><img loading=\"lazy\" decoding=\"async\" class=\" wp-image-13242 alignright\" src=\"https:\/\/agora.xtec.cat\/ieselsplanells\/wp-content\/uploads\/usu1160\/2023\/03\/1678191044725-138x300.jpg\" alt=\"\" width=\"116\" height=\"252\" srcset=\"https:\/\/agora.xtec.cat\/ieselsplanells\/wp-content\/uploads\/usu1160\/2023\/03\/1678191044725-138x300.jpg 138w, https:\/\/agora.xtec.cat\/ieselsplanells\/wp-content\/uploads\/usu1160\/2023\/03\/1678191044725-473x1024.jpg 473w, https:\/\/agora.xtec.cat\/ieselsplanells\/wp-content\/uploads\/usu1160\/2023\/03\/1678191044725-768x1664.jpg 768w, https:\/\/agora.xtec.cat\/ieselsplanells\/wp-content\/uploads\/usu1160\/2023\/03\/1678191044725-709x1536.jpg 709w, https:\/\/agora.xtec.cat\/ieselsplanells\/wp-content\/uploads\/usu1160\/2023\/03\/1678191044725-945x2048.jpg 945w, https:\/\/agora.xtec.cat\/ieselsplanells\/wp-content\/uploads\/usu1160\/2023\/03\/1678191044725-scaled.jpg 1182w\" sizes=\"auto, (max-width: 116px) 100vw, 116px\" \/><\/a><\/p>\n<p>Divendres 4 de mar\u00e7, es van realitzar uns tallers en el centre per a alumnat de 3r i 4t d&#8217;ESO duts a terme per professorat i alumnat de l&#8217;Escola Polit\u00e8cnica Superior de la Universitat de Lleida, organitzats pels departaments de Ci\u00e8ncies Experimentals i Tecnologia.<\/p>\n<p><em><strong><a href=\"https:\/\/agora.xtec.cat\/ieselsplanells\/wp-content\/uploads\/usu1160\/2023\/03\/1678191044710-scaled.jpg\"><img loading=\"lazy\" decoding=\"async\" class=\"alignleft wp-image-13240\" src=\"https:\/\/agora.xtec.cat\/ieselsplanells\/wp-content\/uploads\/usu1160\/2023\/03\/1678191044710-300x138.jpg\" alt=\"\" width=\"374\" height=\"172\" srcset=\"https:\/\/agora.xtec.cat\/ieselsplanells\/wp-content\/uploads\/usu1160\/2023\/03\/1678191044710-300x138.jpg 300w, https:\/\/agora.xtec.cat\/ieselsplanells\/wp-content\/uploads\/usu1160\/2023\/03\/1678191044710-1024x473.jpg 1024w, https:\/\/agora.xtec.cat\/ieselsplanells\/wp-content\/uploads\/usu1160\/2023\/03\/1678191044710-768x354.jpg 768w, https:\/\/agora.xtec.cat\/ieselsplanells\/wp-content\/uploads\/usu1160\/2023\/03\/1678191044710-1536x709.jpg 1536w, https:\/\/agora.xtec.cat\/ieselsplanells\/wp-content\/uploads\/usu1160\/2023\/03\/1678191044710-2048x945.jpg 2048w\" sizes=\"auto, (max-width: 374px) 100vw, 374px\" \/><\/a>Esc\u00e0ner 3D<\/strong> <\/em>era el t\u00edtol del taller adre\u00e7at a alumnat de 3r d&#8217;ESO, on despr\u00e9s d&#8217;una breu introducci\u00f3 te\u00f2rica, van poder manipular i experimentar amb un esc\u00e0ner 3D, un dispositiu que serveix<br \/>\nper capturar la geometria d&#8217;un objecte i el seu color per a formar despr\u00e9s un model en tres dimensions<br \/>\ndel mateix. L&#8217;alumnat va poder posar en pr\u00e0ctica la teoria, tot escanejant-se a ells mateixos, creant un avatar que pot ser posteriorment manipulat amb les aplicacions inform\u00e0t<a href=\"https:\/\/agora.xtec.cat\/ieselsplanells\/wp-content\/uploads\/usu1160\/2023\/03\/1678191044672-scaled.jpg\"><img loading=\"lazy\" decoding=\"async\" class=\"alignright size-medium wp-image-13241\" src=\"https:\/\/agora.xtec.cat\/ieselsplanells\/wp-content\/uploads\/usu1160\/2023\/03\/1678191044672-138x300.jpg\" alt=\"\" width=\"138\" height=\"300\" srcset=\"https:\/\/agora.xtec.cat\/ieselsplanells\/wp-content\/uploads\/usu1160\/2023\/03\/1678191044672-138x300.jpg 138w, https:\/\/agora.xtec.cat\/ieselsplanells\/wp-content\/uploads\/usu1160\/2023\/03\/1678191044672-473x1024.jpg 473w, https:\/\/agora.xtec.cat\/ieselsplanells\/wp-content\/uploads\/usu1160\/2023\/03\/1678191044672-768x1664.jpg 768w, https:\/\/agora.xtec.cat\/ieselsplanells\/wp-content\/uploads\/usu1160\/2023\/03\/1678191044672-709x1536.jpg 709w, https:\/\/agora.xtec.cat\/ieselsplanells\/wp-content\/uploads\/usu1160\/2023\/03\/1678191044672-945x2048.jpg 945w, https:\/\/agora.xtec.cat\/ieselsplanells\/wp-content\/uploads\/usu1160\/2023\/03\/1678191044672-scaled.jpg 1182w\" sizes=\"auto, (max-width: 138px) 100vw, 138px\" \/><\/a>iques adequades.<\/p>\n<p class=\"western\" lang=\"ca-ES\" align=\"justify\"><span style=\"font-family: Arial, sans-serif; font-size: medium;\"><em><strong>F\u00edsica: forces<\/strong><\/em>, era el taller adre\u00e7at a l&#8217;alumnat de les optatives de F\u00edsica i Qu\u00edmica i Tecnologia de 4t d&#8217;ESO, per familiaritzar-se i entendre el car\u00e0cter vectorial de les forces. A partir d&#8217;experi\u00e8ncies ben simples, utilitzant pilotes, molles, cordes i politges, van realitzar diferents construccions per arrossegar un cos, que il\u00b7lustren i fan entenedores les diferents forces a l&#8217;univers i la seva composici\u00f3 en un punt.<\/span><\/p>\n<p lang=\"ca-ES\" align=\"justify\"><a href=\"https:\/\/agora.xtec.cat\/ieselsplanells\/wp-content\/uploads\/usu1160\/2023\/03\/1678191044741-scaled.jpg\"><img loading=\"lazy\" decoding=\"async\" class=\"alignleft size-medium wp-image-13243\" src=\"https:\/\/agora.xtec.cat\/ieselsplanells\/wp-content\/uploads\/usu1160\/2023\/03\/1678191044741-300x138.jpg\" alt=\"\" width=\"300\" height=\"138\" srcset=\"https:\/\/agora.xtec.cat\/ieselsplanells\/wp-content\/uploads\/usu1160\/2023\/03\/1678191044741-300x138.jpg 300w, https:\/\/agora.xtec.cat\/ieselsplanells\/wp-content\/uploads\/usu1160\/2023\/03\/1678191044741-1024x473.jpg 1024w, https:\/\/agora.xtec.cat\/ieselsplanells\/wp-content\/uploads\/usu1160\/2023\/03\/1678191044741-768x354.jpg 768w, https:\/\/agora.xtec.cat\/ieselsplanells\/wp-content\/uploads\/usu1160\/2023\/03\/1678191044741-1536x709.jpg 1536w, https:\/\/agora.xtec.cat\/ieselsplanells\/wp-content\/uploads\/usu1160\/2023\/03\/1678191044741-2048x945.jpg 2048w\" sizes=\"auto, (max-width: 300px) 100vw, 300px\" \/><\/a><\/p>\n<p lang=\"ca-ES\" align=\"justify\">Tota una experi\u00e8ncia que esperem repetir en properes edicions. Les col\u00b7laboracions amb el m\u00f3n universitari ens enriqueixen a totes.<\/p>\n<p class=\"western\" lang=\"ca-ES\" align=\"justify\">\n","protected":false},"excerpt":{"rendered":"<p><a href=\"https:\/\/agora.xtec.cat\/ieselsplanells\/wp-content\/uploads\/usu1160\/2023\/03\/1678191044725-scaled.jpg\"><\/a><br \/>\nDivendres 4 de mar\u00e7, es van realitzar uns tallers en el centre per a alumnat de 3r i 4t d&#8217;ESO duts a terme per professorat i alumnat de l&#8217;Escola Polit\u00e8cnica Superior de la Universitat de Lleida, organitzats pels departaments de Ci\u00e8ncies Experimentals i Tecnologia.<br \/>\n<a&hellip;  <a href=\"https:\/\/agora.xtec.cat\/ieselsplanells\/general\/activitats-de-transferencia-secundaria-universitat-udl\/\" title=\"Read Activitats de transfer\u00e8ncia secund\u00e0ria-universitat (UdL)\">Llegeix m\u00e9s\u00bb<\/a><\/p>\n","protected":false},"author":292,"featured_media":13239,"comment_status":"open","ping_status":"closed","sticky":false,"template":"","format":"standard","meta":{"_bbp_topic_count":0,"_bbp_reply_count":0,"_bbp_total_topic_count":0,"_bbp_total_reply_count":0,"_bbp_voice_count":0,"_bbp_anonymous_reply_count":0,"_bbp_topic_count_hidden":0,"_bbp_reply_count_hidden":0,"_bbp_forum_subforum_count":0,"footnotes":""},"categories":[6,238,499,170,1,29,176],"tags":[320,390,449,58],"class_list":["post-13217","post","type-post","status-publish","format-standard","has-post-thumbnail","hentry","category-eso-3","category-4t-eso","category-curs-2022-2023","category-experimentals","category-general","category-portada","category-tecno","tag-activitats","tag-departament-experimentals","tag-departament-tecnologic","tag-tallers"],"post_mailing_queue_ids":[],"_links":{"self":[{"href":"https:\/\/agora.xtec.cat\/ieselsplanells\/wp-json\/wp\/v2\/posts\/13217","targetHints":{"allow":["GET"]}}],"collection":[{"href":"https:\/\/agora.xtec.cat\/ieselsplanells\/wp-json\/wp\/v2\/posts"}],"about":[{"href":"https:\/\/agora.xtec.cat\/ieselsplanells\/wp-json\/wp\/v2\/types\/post"}],"author":[{"embeddable":true,"href":"https:\/\/agora.xtec.cat\/ieselsplanells\/wp-json\/wp\/v2\/users\/292"}],"replies":[{"embeddable":true,"href":"https:\/\/agora.xtec.cat\/ieselsplanells\/wp-json\/wp\/v2\/comments?post=13217"}],"version-history":[{"count":3,"href":"https:\/\/agora.xtec.cat\/ieselsplanells\/wp-json\/wp\/v2\/posts\/13217\/revisions"}],"predecessor-version":[{"id":13246,"href":"https:\/\/agora.xtec.cat\/ieselsplanells\/wp-json\/wp\/v2\/posts\/13217\/revisions\/13246"}],"wp:featuredmedia":[{"embeddable":true,"href":"https:\/\/agora.xtec.cat\/ieselsplanells\/wp-json\/wp\/v2\/media\/13239"}],"wp:attachment":[{"href":"https:\/\/agora.xtec.cat\/ieselsplanells\/wp-json\/wp\/v2\/media?parent=13217"}],"wp:term":[{"taxonomy":"category","embeddable":true,"href":"https:\/\/agora.xtec.cat\/ieselsplanells\/wp-json\/wp\/v2\/categories?post=13217"},{"taxonomy":"post_tag","embeddable":true,"href":"https:\/\/agora.xtec.cat\/ieselsplanells\/wp-json\/wp\/v2\/tags?post=13217"}],"curies":[{"name":"wp","href":"https:\/\/api.w.org\/{rel}","templated":true}]}}