{"id":13193,"date":"2023-02-23T12:28:39","date_gmt":"2023-02-23T11:28:39","guid":{"rendered":"https:\/\/agora.xtec.cat\/ieselsplanells\/?p=13193"},"modified":"2023-02-23T12:28:39","modified_gmt":"2023-02-23T11:28:39","slug":"leds-go-ads-competeix-a-la-first-lego-league-2023","status":"publish","type":"post","link":"https:\/\/agora.xtec.cat\/ieselsplanells\/general\/leds-go-ads-competeix-a-la-first-lego-league-2023\/","title":{"rendered":"Led&#8217;s Go ADS competeix a la First\u00a0Lego\u00a0League 2023"},"content":{"rendered":"<p style=\"font-weight: 400;\">El dissabte 25 de febrer, torna la competici\u00f3 First Lego League\u00a0 en qu\u00e8 el nostre centre participar\u00e0 amb l\u2019equip de 4t d\u2019ESO<strong>\u00a0<\/strong><em><strong>Led\u2019s go ADS<\/strong>.<\/em><\/p>\n<p style=\"font-weight: 400;\">La nostra\u00a0<strong>exposici\u00f3\u00a0<\/strong>comen\u00e7a a les\u00a0<strong>9 h del mat\u00ed,<\/strong>\u00a0est\u00e0 permesa l&#8217;assist\u00e8ncia del p\u00fablic a la sala, per\u00f2 \u00e9s imprescindible assistir-hi amb puntualitat, ja que no deixen entrar-hi una vegada ha comen\u00e7at.<\/p>\n<p>Despr\u00e9s de la presentaci\u00f3, durant el mat\u00ed, hi haur\u00e0 <strong>3 rondes de robot<\/strong> a l&#8217;escenari principal i, en acabar, tindr\u00e0 lloc l\u2019entrega de premis, encara que \u00e9s molt probable que no tothom pugui accedir a la sala per assistir-hi .<\/p>\n<p style=\"font-weight: 400;\">Durant tot el mat\u00ed es retransmetr\u00e0 la jornada\u00a0en directe per\u00a0<strong>Lleida TV.\u00a0<\/strong>Per altra banda, la participaci\u00f3 de tots els equips es podr\u00e0 seguir en directe des de l&#8217;adre\u00e7a\u00a0<a href=\"http:\/\/www.firstlegoleague.udl.cat\/ca\/\" data-saferedirecturl=\"https:\/\/www.google.com\/url?q=http:\/\/www.firstlegoleague.udl.cat\/ca\/&amp;source=gmail&amp;ust=1677234142125000&amp;usg=AOvVaw3xT0Pwqz-D8mFNpcVnvDqq\">http:\/\/www.firstlegoleague.udl.cat\/ca\/<\/a>, on podeu trobar tamb\u00e9 tota la\u00a0informaci\u00f3\u00a0de la competici\u00f3, amb els participants, els horaris, els premis&#8230;<\/p>\n<p>Molta sort, Led\u2019s go ADS!<\/p>\n","protected":false},"excerpt":{"rendered":"<p>El dissabte 25 de febrer, torna la competici\u00f3 First Lego League\u00a0 en qu\u00e8 el nostre centre participar\u00e0 amb l\u2019equip de 4t d\u2019ESO\u00a0Led\u2019s go ADS.&hellip;  <a href=\"https:\/\/agora.xtec.cat\/ieselsplanells\/general\/leds-go-ads-competeix-a-la-first-lego-league-2023\/\" title=\"Read Led&#8217;s Go ADS competeix a la First\u00a0Lego\u00a0League 2023\">Llegeix m\u00e9s\u00bb<\/a><\/p>\n","protected":false},"author":10,"featured_media":13194,"comment_status":"open","ping_status":"closed","sticky":false,"template":"","format":"standard","meta":{"_bbp_topic_count":0,"_bbp_reply_count":0,"_bbp_total_topic_count":0,"_bbp_total_reply_count":0,"_bbp_voice_count":0,"_bbp_anonymous_reply_count":0,"_bbp_topic_count_hidden":0,"_bbp_reply_count_hidden":0,"_bbp_forum_subforum_count":0,"footnotes":""},"categories":[499,1,29],"tags":[],"class_list":["post-13193","post","type-post","status-publish","format-standard","has-post-thumbnail","hentry","category-curs-2022-2023","category-general","category-portada"],"post_mailing_queue_ids":[],"_links":{"self":[{"href":"https:\/\/agora.xtec.cat\/ieselsplanells\/wp-json\/wp\/v2\/posts\/13193","targetHints":{"allow":["GET"]}}],"collection":[{"href":"https:\/\/agora.xtec.cat\/ieselsplanells\/wp-json\/wp\/v2\/posts"}],"about":[{"href":"https:\/\/agora.xtec.cat\/ieselsplanells\/wp-json\/wp\/v2\/types\/post"}],"author":[{"embeddable":true,"href":"https:\/\/agora.xtec.cat\/ieselsplanells\/wp-json\/wp\/v2\/users\/10"}],"replies":[{"embeddable":true,"href":"https:\/\/agora.xtec.cat\/ieselsplanells\/wp-json\/wp\/v2\/comments?post=13193"}],"version-history":[{"count":1,"href":"https:\/\/agora.xtec.cat\/ieselsplanells\/wp-json\/wp\/v2\/posts\/13193\/revisions"}],"predecessor-version":[{"id":13195,"href":"https:\/\/agora.xtec.cat\/ieselsplanells\/wp-json\/wp\/v2\/posts\/13193\/revisions\/13195"}],"wp:featuredmedia":[{"embeddable":true,"href":"https:\/\/agora.xtec.cat\/ieselsplanells\/wp-json\/wp\/v2\/media\/13194"}],"wp:attachment":[{"href":"https:\/\/agora.xtec.cat\/ieselsplanells\/wp-json\/wp\/v2\/media?parent=13193"}],"wp:term":[{"taxonomy":"category","embeddable":true,"href":"https:\/\/agora.xtec.cat\/ieselsplanells\/wp-json\/wp\/v2\/categories?post=13193"},{"taxonomy":"post_tag","embeddable":true,"href":"https:\/\/agora.xtec.cat\/ieselsplanells\/wp-json\/wp\/v2\/tags?post=13193"}],"curies":[{"name":"wp","href":"https:\/\/api.w.org\/{rel}","templated":true}]}}