{"id":13112,"date":"2022-12-16T12:36:06","date_gmt":"2022-12-16T11:36:06","guid":{"rendered":"https:\/\/agora.xtec.cat\/ieselsplanells\/?p=13112"},"modified":"2022-12-16T12:42:05","modified_gmt":"2022-12-16T11:42:05","slug":"organitzacio-dels-dies-previs-a-les-vacances-de-nadal","status":"publish","type":"post","link":"https:\/\/agora.xtec.cat\/ieselsplanells\/general\/organitzacio-dels-dies-previs-a-les-vacances-de-nadal\/","title":{"rendered":"Organitzaci\u00f3 dels dies previs a les vacances de Nadal"},"content":{"rendered":"<p>Com cada any, a l\u2019Institut preparem el Nadal amb un seguit d\u2019activitats que alteren l\u2019horari habitual. Us les detallem per dies i us adjuntem el cartell informatiu.<\/p>\n<ul>\n<li>DIMARTS 20 de desembre, a la tarda ( 15:10h-17:00h), a la Sala Polivalent : <em>Sarau Nadalenc, <\/em>amb actuacions musicals dutes a terme per l&#8217;alumnat. Els \/ les alumnes que hi participen faran assajos durant aquell mat\u00ed i es quedaran a dinar a l&#8217;Institut ( han de dur l&#8217;entrep\u00e0).<\/li>\n<li>DIMECRES 21 de desembre, al mat\u00ed ( 9:00h &#8211; 13:00h): <em>Torneig solidari<\/em>, activitat de solidaritat inscrita a La Marat\u00f3 2022 , dedicada a la salut cardiovascular. Aquest torneig multiesports se celebrar\u00e0 a diferents espais ( Institut, camp de futbol i pavell\u00f3 poliesportiu) , per la qual cosa hem lliurat a l&#8217;alumnat l&#8217;autoritzaci\u00f3 que cal retornar signada. Acabarem la jornada al poliesportiu, on es far\u00e0 l&#8217;esmorzar solidari i el lliurament de premis .<\/li>\n<li>Tothom que hi vulgui col\u00b7laborar podr\u00e0 fer una\u00a0 donaci\u00f3 de 2\u20ac que s\u2019ingressar\u00e0 \u00edntegrament a <em>La Marat\u00f3 de TV3<\/em>. A l&#8217;entrada de l&#8217;Institut est\u00e0 instal\u00b7lada la <em>Guardiola de La Marat\u00f3<\/em>.<\/li>\n<li>Dimecres 21 acabarem a les 13:00h. El transport escolar sortir\u00e0 a les 13:00h del centre i no hi haur\u00e0 servei de menjador.<\/li>\n<li>VACANCES DE NADAL : del 22 de desembre al 6 de gener, ambd\u00f3s inclosos. (Comencem les classes el dilluns 9 de gener)<\/li>\n<\/ul>\n","protected":false},"excerpt":{"rendered":"<p>Com cada any, a l\u2019Institut preparem el Nadal amb un seguit d\u2019activitats que alteren l\u2019horari habitual. Us les detallem per dies i us adjuntem el cartell informatiu.&hellip;  <a href=\"https:\/\/agora.xtec.cat\/ieselsplanells\/general\/organitzacio-dels-dies-previs-a-les-vacances-de-nadal\/\" title=\"Read Organitzaci\u00f3 dels dies previs a les vacances de Nadal\">Llegeix m\u00e9s\u00bb<\/a><\/p>\n","protected":false},"author":10,"featured_media":13114,"comment_status":"open","ping_status":"closed","sticky":false,"template":"","format":"standard","meta":{"_bbp_topic_count":0,"_bbp_reply_count":0,"_bbp_total_topic_count":0,"_bbp_total_reply_count":0,"_bbp_voice_count":0,"_bbp_anonymous_reply_count":0,"_bbp_topic_count_hidden":0,"_bbp_reply_count_hidden":0,"_bbp_forum_subforum_count":0,"footnotes":""},"categories":[499,1,29],"tags":[],"class_list":["post-13112","post","type-post","status-publish","format-standard","has-post-thumbnail","hentry","category-curs-2022-2023","category-general","category-portada"],"post_mailing_queue_ids":[],"_links":{"self":[{"href":"https:\/\/agora.xtec.cat\/ieselsplanells\/wp-json\/wp\/v2\/posts\/13112","targetHints":{"allow":["GET"]}}],"collection":[{"href":"https:\/\/agora.xtec.cat\/ieselsplanells\/wp-json\/wp\/v2\/posts"}],"about":[{"href":"https:\/\/agora.xtec.cat\/ieselsplanells\/wp-json\/wp\/v2\/types\/post"}],"author":[{"embeddable":true,"href":"https:\/\/agora.xtec.cat\/ieselsplanells\/wp-json\/wp\/v2\/users\/10"}],"replies":[{"embeddable":true,"href":"https:\/\/agora.xtec.cat\/ieselsplanells\/wp-json\/wp\/v2\/comments?post=13112"}],"version-history":[{"count":2,"href":"https:\/\/agora.xtec.cat\/ieselsplanells\/wp-json\/wp\/v2\/posts\/13112\/revisions"}],"predecessor-version":[{"id":13115,"href":"https:\/\/agora.xtec.cat\/ieselsplanells\/wp-json\/wp\/v2\/posts\/13112\/revisions\/13115"}],"wp:featuredmedia":[{"embeddable":true,"href":"https:\/\/agora.xtec.cat\/ieselsplanells\/wp-json\/wp\/v2\/media\/13114"}],"wp:attachment":[{"href":"https:\/\/agora.xtec.cat\/ieselsplanells\/wp-json\/wp\/v2\/media?parent=13112"}],"wp:term":[{"taxonomy":"category","embeddable":true,"href":"https:\/\/agora.xtec.cat\/ieselsplanells\/wp-json\/wp\/v2\/categories?post=13112"},{"taxonomy":"post_tag","embeddable":true,"href":"https:\/\/agora.xtec.cat\/ieselsplanells\/wp-json\/wp\/v2\/tags?post=13112"}],"curies":[{"name":"wp","href":"https:\/\/api.w.org\/{rel}","templated":true}]}}