{"id":13021,"date":"2022-07-29T12:58:02","date_gmt":"2022-07-29T10:58:02","guid":{"rendered":"https:\/\/agora.xtec.cat\/ieselsplanells\/?p=13021"},"modified":"2022-07-29T13:09:14","modified_gmt":"2022-07-29T11:09:14","slug":"els-projectes-etwinning-dels-planells-obtenen-2-segells-de-qualitat","status":"publish","type":"post","link":"https:\/\/agora.xtec.cat\/ieselsplanells\/general\/els-projectes-etwinning-dels-planells-obtenen-2-segells-de-qualitat\/","title":{"rendered":"Els Projectes eTwinning d&#8217;Els Planells obtenen 2 Segells de Qualitat"},"content":{"rendered":"<p><span style=\"font-weight: 400;\">L&#8217;Institut Els Planells ha rebut dos Segells de Qualitat Nacional (SQN) pels projectes Etwinning realitzats per l\u2019alumnat de 2n i 3r d\u2019ESO amb col\u00b7laboraci\u00f3 amb altres instituts europeus.\u00a0<\/span><\/p>\n<p><span style=\"font-weight: 400;\"> <a href=\"https:\/\/agora.xtec.cat\/ieselsplanells\/wp-content\/uploads\/usu1160\/2022\/07\/love.png\"><img loading=\"lazy\" decoding=\"async\" class=\"alignnone wp-image-13024\" src=\"https:\/\/agora.xtec.cat\/ieselsplanells\/wp-content\/uploads\/usu1160\/2022\/07\/love.png\" alt=\"\" width=\"341\" height=\"342\" srcset=\"https:\/\/agora.xtec.cat\/ieselsplanells\/wp-content\/uploads\/usu1160\/2022\/07\/love.png 815w, https:\/\/agora.xtec.cat\/ieselsplanells\/wp-content\/uploads\/usu1160\/2022\/07\/love-300x300.png 300w, https:\/\/agora.xtec.cat\/ieselsplanells\/wp-content\/uploads\/usu1160\/2022\/07\/love-150x150.png 150w, https:\/\/agora.xtec.cat\/ieselsplanells\/wp-content\/uploads\/usu1160\/2022\/07\/love-768x770.png 768w\" sizes=\"auto, (max-width: 341px) 100vw, 341px\" \/><\/a> \u00a0 \u00a0 <a href=\"https:\/\/agora.xtec.cat\/ieselsplanells\/wp-content\/uploads\/usu1160\/2022\/06\/portada.jpg\"><img loading=\"lazy\" decoding=\"async\" class=\"alignnone wp-image-12980\" src=\"https:\/\/agora.xtec.cat\/ieselsplanells\/wp-content\/uploads\/usu1160\/2022\/06\/portada.jpg\" alt=\"\" width=\"622\" height=\"339\" srcset=\"https:\/\/agora.xtec.cat\/ieselsplanells\/wp-content\/uploads\/usu1160\/2022\/06\/portada.jpg 903w, https:\/\/agora.xtec.cat\/ieselsplanells\/wp-content\/uploads\/usu1160\/2022\/06\/portada-300x163.jpg 300w, https:\/\/agora.xtec.cat\/ieselsplanells\/wp-content\/uploads\/usu1160\/2022\/06\/portada-768x418.jpg 768w\" sizes=\"auto, (max-width: 622px) 100vw, 622px\" \/>\u00a0 \u00a0\u00a0\u00a0<\/a><\/span><\/p>\n<p><span style=\"font-weight: 400;\">Els alumnes de 3r d\u2019ESO, amb el projecte \u201cLet\u2019s build the EUtopian 2050 smart city!\u201d dirigits per la professora d\u2019angl\u00e8s Eva Vidal i la de tecnologia Carme Pascual, han reflexionat sobre les necessitats social i energ\u00e8tiques de les ciutats del futur i han dissenyat la maqueta d\u2019una ciutat intel\u00b7ligent.<\/span><\/p>\n<p><span style=\"font-weight: 400;\">Els alumnes de 2n d\u2019ESO han realitzat el projecte \u201cLove &amp; Poetry\u201d, amb la professora d\u2019angl\u00e8s Mireia Olarte, amb el qual han desenvolupat el gust per la lectura i l\u2019escriptura, la creativitat i les habilitats liter\u00e0ries.<\/span><\/p>\n<p><span style=\"font-weight: 400;\">Els SQN\u00a0s\u2019atorguen a aquells projectes que acompleixen els 5 criteris de qualitat que s\u2019han de tenir en compte\u00a0 per a la planificaci\u00f3, el desenvolupament i l\u2019avaluaci\u00f3 d\u2019un projecte col\u00b7laboratiu eTwinning: Innovaci\u00f3 pedag\u00f2gica i creativitat, integraci\u00f3 al curr\u00edculum, col\u00b7laboraci\u00f3 entre centres escolars associats, \u00fas de la tecnologia i resultat, impacte i documentaci\u00f3.<\/span><\/p>\n<p><span style=\"font-weight: 400;\">Aquests projectes incideixen tamb\u00e9 en la dimensi\u00f3 europea i en el desenvolupament de la compet\u00e8ncia pluriling\u00fce de l\u2019alumnat.<\/span><\/p>\n<p><span style=\"font-weight: 400;\">Estem molt satisfets d\u2019aquest reconeixement.<\/span><\/p>\n","protected":false},"excerpt":{"rendered":"<p>L&#8217;Institut Els Planells ha rebut dos Segells de Qualitat Nacional (SQN) pels projectes Etwinning realitzats per l\u2019alumnat de 2n i 3r d\u2019ESO amb col\u00b7laboraci\u00f3 amb altres instituts europeus.\u00a0&hellip;  <a href=\"https:\/\/agora.xtec.cat\/ieselsplanells\/general\/els-projectes-etwinning-dels-planells-obtenen-2-segells-de-qualitat\/\" title=\"Read Els Projectes eTwinning d&#8217;Els Planells obtenen 2 Segells de Qualitat\">Llegeix m\u00e9s\u00bb<\/a><\/p>\n","protected":false},"author":10,"featured_media":13033,"comment_status":"open","ping_status":"closed","sticky":false,"template":"","format":"standard","meta":{"_bbp_topic_count":0,"_bbp_reply_count":0,"_bbp_total_topic_count":0,"_bbp_total_reply_count":0,"_bbp_voice_count":0,"_bbp_anonymous_reply_count":0,"_bbp_topic_count_hidden":0,"_bbp_reply_count_hidden":0,"_bbp_forum_subforum_count":0,"footnotes":""},"categories":[1,29],"tags":[],"class_list":["post-13021","post","type-post","status-publish","format-standard","has-post-thumbnail","hentry","category-general","category-portada"],"post_mailing_queue_ids":[],"_links":{"self":[{"href":"https:\/\/agora.xtec.cat\/ieselsplanells\/wp-json\/wp\/v2\/posts\/13021","targetHints":{"allow":["GET"]}}],"collection":[{"href":"https:\/\/agora.xtec.cat\/ieselsplanells\/wp-json\/wp\/v2\/posts"}],"about":[{"href":"https:\/\/agora.xtec.cat\/ieselsplanells\/wp-json\/wp\/v2\/types\/post"}],"author":[{"embeddable":true,"href":"https:\/\/agora.xtec.cat\/ieselsplanells\/wp-json\/wp\/v2\/users\/10"}],"replies":[{"embeddable":true,"href":"https:\/\/agora.xtec.cat\/ieselsplanells\/wp-json\/wp\/v2\/comments?post=13021"}],"version-history":[{"count":4,"href":"https:\/\/agora.xtec.cat\/ieselsplanells\/wp-json\/wp\/v2\/posts\/13021\/revisions"}],"predecessor-version":[{"id":13034,"href":"https:\/\/agora.xtec.cat\/ieselsplanells\/wp-json\/wp\/v2\/posts\/13021\/revisions\/13034"}],"wp:featuredmedia":[{"embeddable":true,"href":"https:\/\/agora.xtec.cat\/ieselsplanells\/wp-json\/wp\/v2\/media\/13033"}],"wp:attachment":[{"href":"https:\/\/agora.xtec.cat\/ieselsplanells\/wp-json\/wp\/v2\/media?parent=13021"}],"wp:term":[{"taxonomy":"category","embeddable":true,"href":"https:\/\/agora.xtec.cat\/ieselsplanells\/wp-json\/wp\/v2\/categories?post=13021"},{"taxonomy":"post_tag","embeddable":true,"href":"https:\/\/agora.xtec.cat\/ieselsplanells\/wp-json\/wp\/v2\/tags?post=13021"}],"curies":[{"name":"wp","href":"https:\/\/api.w.org\/{rel}","templated":true}]}}