{"id":12786,"date":"2022-03-14T14:50:06","date_gmt":"2022-03-14T13:50:06","guid":{"rendered":"https:\/\/agora.xtec.cat\/ieselsplanells\/?p=12786"},"modified":"2022-03-14T14:50:06","modified_gmt":"2022-03-14T13:50:06","slug":"visitem-els-laboratoris-de-la-udl-a-igualada","status":"publish","type":"post","link":"https:\/\/agora.xtec.cat\/ieselsplanells\/portada\/visitem-els-laboratoris-de-la-udl-a-igualada\/","title":{"rendered":"Visitem els laboratoris de la UdL a Igualada"},"content":{"rendered":"<p><span style=\"color: #444444;\"><span style=\"font-family: Arial, sans-serif;\"><span style=\"font-size: medium;\"><a href=\"https:\/\/agora.xtec.cat\/ieselsplanells\/wp-content\/uploads\/usu1160\/2022\/03\/1647261700523-scaled.jpg\"><img loading=\"lazy\" decoding=\"async\" class=\"wp-image-12790 aligncenter\" src=\"https:\/\/agora.xtec.cat\/ieselsplanells\/wp-content\/uploads\/usu1160\/2022\/03\/1647261700523-1024x473.jpg\" alt=\"\" width=\"544\" height=\"251\" srcset=\"https:\/\/agora.xtec.cat\/ieselsplanells\/wp-content\/uploads\/usu1160\/2022\/03\/1647261700523-1024x473.jpg 1024w, https:\/\/agora.xtec.cat\/ieselsplanells\/wp-content\/uploads\/usu1160\/2022\/03\/1647261700523-300x138.jpg 300w, https:\/\/agora.xtec.cat\/ieselsplanells\/wp-content\/uploads\/usu1160\/2022\/03\/1647261700523-768x354.jpg 768w, https:\/\/agora.xtec.cat\/ieselsplanells\/wp-content\/uploads\/usu1160\/2022\/03\/1647261700523-1536x709.jpg 1536w, https:\/\/agora.xtec.cat\/ieselsplanells\/wp-content\/uploads\/usu1160\/2022\/03\/1647261700523-2048x945.jpg 2048w\" sizes=\"auto, (max-width: 544px) 100vw, 544px\" \/><\/a><\/span><\/span><\/span><\/p>\n<p><span style=\"color: #444444;\"><span style=\"font-family: Arial, sans-serif;\"><span style=\"font-size: medium;\">Dimecres, 11 de mar\u00e7, l\u2019alumnat dels batxillerats Cient\u00edfic i Tecnol\u00f2gic van visitar el Campus universitari de la universitat de Lleida a Igualada. Despr\u00e9s d\u2019una presentaci\u00f3 dels diferents estudis que ofereixen, van poder viure en primera persona diferents tallers.<\/span><\/span><\/span><\/p>\n<p><span style=\"color: #444444;\"><span style=\"font-family: Arial, sans-serif;\"><span style=\"font-size: medium;\"><b>Reaccions qu\u00edmiques<\/b>: per experimentar al laboratori amb l\u2019acidesa i basicitat de diversos productes quotidians i la seva neutralitzaci\u00f3, amb reaccions de precipitaci\u00f3 de subst\u00e0ncies insolubles en aigua, amb reaccions d\u2019oxidaci\u00f3 i oxidaci\u00f3, i finalment amb reaccions quimioluminiscents.<\/span><\/span><\/span><\/p>\n<p><span style=\"color: #444444;\"><span style=\"font-family: Arial, sans-serif;\"><span style=\"font-size: medium;\"><b>Contingut de cafe\u00efna d\u2019una beguda de cola<\/b>: per con\u00e8ixer la t\u00e8cnica de separaci\u00f3 dels components d\u2019una mescla l\u00edquida i determinar la concentraci\u00f3 dels seus components: an\u00e0lisi quantitativa en qu\u00edmica anal\u00edtica per determinar la concentraci\u00f3 de cafe\u00efna en la beguda, i qu\u00edmica instrumental, amb una cromatografia en fase l\u00edquida (HPLC).<\/span><\/span><\/span><\/p>\n<p><span style=\"color: #444444;\"><span style=\"font-family: Arial, sans-serif;\"><span style=\"font-size: medium;\"><b>Let\u2019s code<\/b>: taller introductori, pr\u00e0ctic i visual del programari educacional Greenfoot, amb exemples d\u2019Instagram, Twitter, p\u00e0gines web, jocs i apps, per aprendre a programar de manera f\u00e0cil i entenedora.<\/span><\/span><\/span><\/p>\n<p><a href=\"https:\/\/agora.xtec.cat\/ieselsplanells\/wp-content\/uploads\/usu1160\/2022\/03\/1647261858290-scaled.jpg\"><img loading=\"lazy\" decoding=\"async\" class=\"wp-image-12789 aligncenter\" src=\"https:\/\/agora.xtec.cat\/ieselsplanells\/wp-content\/uploads\/usu1160\/2022\/03\/1647261858290-1024x473.jpg\" alt=\"\" width=\"635\" height=\"293\" srcset=\"https:\/\/agora.xtec.cat\/ieselsplanells\/wp-content\/uploads\/usu1160\/2022\/03\/1647261858290-1024x473.jpg 1024w, https:\/\/agora.xtec.cat\/ieselsplanells\/wp-content\/uploads\/usu1160\/2022\/03\/1647261858290-300x138.jpg 300w, https:\/\/agora.xtec.cat\/ieselsplanells\/wp-content\/uploads\/usu1160\/2022\/03\/1647261858290-768x354.jpg 768w, https:\/\/agora.xtec.cat\/ieselsplanells\/wp-content\/uploads\/usu1160\/2022\/03\/1647261858290-1536x709.jpg 1536w, https:\/\/agora.xtec.cat\/ieselsplanells\/wp-content\/uploads\/usu1160\/2022\/03\/1647261858290-2048x945.jpg 2048w\" sizes=\"auto, (max-width: 635px) 100vw, 635px\" \/><\/a><\/p>\n<p align=\"justify\"><span style=\"color: #444444;\"><span style=\"font-family: Arial, sans-serif;\"><span style=\"font-size: medium;\">Tota una experi\u00e8ncia que esperem repetir en properes edicions. Les col\u00b7laboracions amb el m\u00f3n universitari ens enriqueixen a tots.<\/span><\/span><\/span><\/p>\n","protected":false},"excerpt":{"rendered":"<p><a href=\"https:\/\/agora.xtec.cat\/ieselsplanells\/wp-content\/uploads\/usu1160\/2022\/03\/1647261700523-scaled.jpg\"><\/a><br \/>\nDimecres, 11 de mar\u00e7, l\u2019alumnat dels batxillerats Cient\u00edfic i Tecnol\u00f2gic van visitar el Campus universitari de la universitat de Lleida a Igualada. Despr\u00e9s d\u2019una presentaci\u00f3 dels diferents estudis que ofereixen, van poder viure en primera persona diferents tallers.<br \/>\nReaccions qu\u00edmiques: per experimentar al laboratori amb&hellip;  <a href=\"https:\/\/agora.xtec.cat\/ieselsplanells\/portada\/visitem-els-laboratoris-de-la-udl-a-igualada\/\" title=\"Read Visitem els laboratoris de la UdL a Igualada\">Llegeix m\u00e9s\u00bb<\/a><\/p>\n","protected":false},"author":292,"featured_media":12788,"comment_status":"open","ping_status":"closed","sticky":false,"template":"","format":"standard","meta":{"_bbp_topic_count":0,"_bbp_reply_count":0,"_bbp_total_topic_count":0,"_bbp_total_reply_count":0,"_bbp_voice_count":0,"_bbp_anonymous_reply_count":0,"_bbp_topic_count_hidden":0,"_bbp_reply_count_hidden":0,"_bbp_forum_subforum_count":0,"footnotes":""},"categories":[29],"tags":[455],"class_list":["post-12786","post","type-post","status-publish","format-standard","has-post-thumbnail","hentry","category-portada","tag-2021-2022"],"post_mailing_queue_ids":[],"_links":{"self":[{"href":"https:\/\/agora.xtec.cat\/ieselsplanells\/wp-json\/wp\/v2\/posts\/12786","targetHints":{"allow":["GET"]}}],"collection":[{"href":"https:\/\/agora.xtec.cat\/ieselsplanells\/wp-json\/wp\/v2\/posts"}],"about":[{"href":"https:\/\/agora.xtec.cat\/ieselsplanells\/wp-json\/wp\/v2\/types\/post"}],"author":[{"embeddable":true,"href":"https:\/\/agora.xtec.cat\/ieselsplanells\/wp-json\/wp\/v2\/users\/292"}],"replies":[{"embeddable":true,"href":"https:\/\/agora.xtec.cat\/ieselsplanells\/wp-json\/wp\/v2\/comments?post=12786"}],"version-history":[{"count":3,"href":"https:\/\/agora.xtec.cat\/ieselsplanells\/wp-json\/wp\/v2\/posts\/12786\/revisions"}],"predecessor-version":[{"id":12793,"href":"https:\/\/agora.xtec.cat\/ieselsplanells\/wp-json\/wp\/v2\/posts\/12786\/revisions\/12793"}],"wp:featuredmedia":[{"embeddable":true,"href":"https:\/\/agora.xtec.cat\/ieselsplanells\/wp-json\/wp\/v2\/media\/12788"}],"wp:attachment":[{"href":"https:\/\/agora.xtec.cat\/ieselsplanells\/wp-json\/wp\/v2\/media?parent=12786"}],"wp:term":[{"taxonomy":"category","embeddable":true,"href":"https:\/\/agora.xtec.cat\/ieselsplanells\/wp-json\/wp\/v2\/categories?post=12786"},{"taxonomy":"post_tag","embeddable":true,"href":"https:\/\/agora.xtec.cat\/ieselsplanells\/wp-json\/wp\/v2\/tags?post=12786"}],"curies":[{"name":"wp","href":"https:\/\/api.w.org\/{rel}","templated":true}]}}