{"id":12577,"date":"2021-12-16T11:43:12","date_gmt":"2021-12-16T10:43:12","guid":{"rendered":"https:\/\/agora.xtec.cat\/ieselsplanells\/?p=12577"},"modified":"2021-12-16T12:41:17","modified_gmt":"2021-12-16T11:41:17","slug":"marato-2021-fem-passes-per-a-desfer-murs","status":"publish","type":"post","link":"https:\/\/agora.xtec.cat\/ieselsplanells\/general\/marato-2021-fem-passes-per-a-desfer-murs\/","title":{"rendered":"Marat\u00f3 2021 &#8216;Fem passes per a desfer murs&#8217;"},"content":{"rendered":"<p>El dia <strong>22 de desembre<\/strong> realitzarem un acte solidari dedicat a la Marat\u00f3 de TV3. Consistir\u00e0 en un acte de car\u00e0cter participatiu i simb\u00f2lic. El programa de l&#8217;acte &#8216;Fem passes &#8216; \u00e9s el seg\u00fcent:<\/p>\n<ul>\n<li>De 09:00 hores a 09:30 hores: preparaci\u00f3, per tutories, dels maons i les petjades.<\/li>\n<li>De 09:30 a 10.00 hores: anem al pati i, per grups de tutoria, enganxarem els maons al mur.<\/li>\n<li>Seguidament, es llegir\u00e0 un petit manifest acompanyat de m\u00fasica.<\/li>\n<li>Finalment, enganxarem les petjades al cam\u00ed.<\/li>\n<\/ul>\n<p>Tamb\u00e9, es repartiran unes xapes per a tot l&#8217;alumnat del centre. El\u00a0 logo guanyador caldria especificar de qu\u00e8 aquest any ha estat el de l&#8217;alumna Ares Camats de 4t d&#8217;ESO.<\/p>\n<p>Tothom que vulgui podr\u00e0 fer l&#8217;aportaci\u00f3 volunt\u00e0ria de 2 euros. Aquest import anir\u00e0 \u00edntegrament per la Marat\u00f3.<\/p>\n<p>Si la metereologia ens ho permet, la part final de la jornada ser\u00e0 una caminada solid\u00e0ria per indrets significatius de l&#8217;entorn d&#8217;Artesa.<\/p>\n<p>Els grups i els llocs a visitar seran els seg\u00fcents:<\/p>\n<p>1r d&#8217;ESO: La F\u00e0brica.<\/p>\n<p>2n ESO: LandArt.<\/p>\n<p>3r d&#8217;ESO: Lo padr\u00ed de Montson\u00eds.<\/p>\n<p>4t d&#8217;ESO: Santuari de Salgar.<\/p>\n<p>Batxillerat i Cicles formatius: Ermita Sant Salvador Alentorn.<\/p>\n<p>A les 13:00 hores farem el retorn cap al centre i finalitzarem la jornada a les 14:00 hores.<\/p>\n<p><a href=\"https:\/\/agora.xtec.cat\/ieselsplanells\/wp-content\/uploads\/usu1160\/2021\/12\/Cartell-Fem-passes-scaled.jpg\"><img loading=\"lazy\" decoding=\"async\" class=\"alignnone wp-image-12581\" src=\"https:\/\/agora.xtec.cat\/ieselsplanells\/wp-content\/uploads\/usu1160\/2021\/12\/Cartell-Fem-passes-724x1024.jpg\" alt=\"\" width=\"426\" height=\"603\" srcset=\"https:\/\/agora.xtec.cat\/ieselsplanells\/wp-content\/uploads\/usu1160\/2021\/12\/Cartell-Fem-passes-724x1024.jpg 724w, https:\/\/agora.xtec.cat\/ieselsplanells\/wp-content\/uploads\/usu1160\/2021\/12\/Cartell-Fem-passes-212x300.jpg 212w, https:\/\/agora.xtec.cat\/ieselsplanells\/wp-content\/uploads\/usu1160\/2021\/12\/Cartell-Fem-passes-768x1086.jpg 768w, https:\/\/agora.xtec.cat\/ieselsplanells\/wp-content\/uploads\/usu1160\/2021\/12\/Cartell-Fem-passes-1086x1536.jpg 1086w, https:\/\/agora.xtec.cat\/ieselsplanells\/wp-content\/uploads\/usu1160\/2021\/12\/Cartell-Fem-passes-1448x2048.jpg 1448w, https:\/\/agora.xtec.cat\/ieselsplanells\/wp-content\/uploads\/usu1160\/2021\/12\/Cartell-Fem-passes-scaled.jpg 1810w\" sizes=\"auto, (max-width: 426px) 100vw, 426px\" \/><\/a><\/p>\n<p>&nbsp;<\/p>\n","protected":false},"excerpt":{"rendered":"<p>El dia 22 de desembre realitzarem un acte solidari dedicat a la Marat\u00f3 de TV3. Consistir\u00e0 en un acte de car\u00e0cter participatiu i simb\u00f2lic. El programa de l&#8217;acte &#8216;Fem passes &#8216; \u00e9s el seg\u00fcent:<\/p>\n<ul>\n<li>De 09:00 hores a 09:30 hores: preparaci\u00f3, per tutories, dels maons i&hellip;  <a href=\"https:\/\/agora.xtec.cat\/ieselsplanells\/general\/marato-2021-fem-passes-per-a-desfer-murs\/\" title=\"Read Marat\u00f3 2021 &#8216;Fem passes per a desfer murs&#8217;\">Llegeix m\u00e9s\u00bb<\/a><br \/>\n","protected":false},"author":277,"featured_media":12578,"comment_status":"open","ping_status":"closed","sticky":false,"template":"","format":"standard","meta":{"_bbp_topic_count":0,"_bbp_reply_count":0,"_bbp_total_topic_count":0,"_bbp_total_reply_count":0,"_bbp_voice_count":0,"_bbp_anonymous_reply_count":0,"_bbp_topic_count_hidden":0,"_bbp_reply_count_hidden":0,"_bbp_forum_subforum_count":0,"footnotes":""},"categories":[1,29],"tags":[],"class_list":["post-12577","post","type-post","status-publish","format-standard","has-post-thumbnail","hentry","category-general","category-portada"],"post_mailing_queue_ids":[],"_links":{"self":[{"href":"https:\/\/agora.xtec.cat\/ieselsplanells\/wp-json\/wp\/v2\/posts\/12577","targetHints":{"allow":["GET"]}}],"collection":[{"href":"https:\/\/agora.xtec.cat\/ieselsplanells\/wp-json\/wp\/v2\/posts"}],"about":[{"href":"https:\/\/agora.xtec.cat\/ieselsplanells\/wp-json\/wp\/v2\/types\/post"}],"author":[{"embeddable":true,"href":"https:\/\/agora.xtec.cat\/ieselsplanells\/wp-json\/wp\/v2\/users\/277"}],"replies":[{"embeddable":true,"href":"https:\/\/agora.xtec.cat\/ieselsplanells\/wp-json\/wp\/v2\/comments?post=12577"}],"version-history":[{"count":3,"href":"https:\/\/agora.xtec.cat\/ieselsplanells\/wp-json\/wp\/v2\/posts\/12577\/revisions"}],"predecessor-version":[{"id":12588,"href":"https:\/\/agora.xtec.cat\/ieselsplanells\/wp-json\/wp\/v2\/posts\/12577\/revisions\/12588"}],"wp:featuredmedia":[{"embeddable":true,"href":"https:\/\/agora.xtec.cat\/ieselsplanells\/wp-json\/wp\/v2\/media\/12578"}],"wp:attachment":[{"href":"https:\/\/agora.xtec.cat\/ieselsplanells\/wp-json\/wp\/v2\/media?parent=12577"}],"wp:term":[{"taxonomy":"category","embeddable":true,"href":"https:\/\/agora.xtec.cat\/ieselsplanells\/wp-json\/wp\/v2\/categories?post=12577"},{"taxonomy":"post_tag","embeddable":true,"href":"https:\/\/agora.xtec.cat\/ieselsplanells\/wp-json\/wp\/v2\/tags?post=12577"}],"curies":[{"name":"wp","href":"https:\/\/api.w.org\/{rel}","templated":true}]}}