{"id":12340,"date":"2021-07-05T19:32:52","date_gmt":"2021-07-05T17:32:52","guid":{"rendered":"http:\/\/agora.xtec.cat\/ieselsplanells\/?p=12340"},"modified":"2021-09-10T12:17:41","modified_gmt":"2021-09-10T10:17:41","slug":"el-futur-del-planeta-any-2050","status":"publish","type":"post","link":"https:\/\/agora.xtec.cat\/ieselsplanells\/portada\/el-futur-del-planeta-any-2050\/","title":{"rendered":"El futur del planeta. Any 2050"},"content":{"rendered":"<p style=\"text-align: justify;\">L&#8217;alumnat de 1r de Batxillerat, en la mat\u00e8ria de Ci\u00e8ncies del m\u00f3n contemporani, ha fet un treball de reflexi\u00f3 al voltant del desenvolupament sostenible.<\/p>\n<p style=\"text-align: justify;\">La Berta Ob\u00f3n, professora de la mat\u00e8ria, els va proposar analitzar la situaci\u00f3 actual de diverses q\u00fcestions relacionades amb el medi ambient i el planeta com l&#8217;esgotament del petroli, la contaminaci\u00f3 dels aq\u00fc\u00edfers, l&#8217;efecte hivernacle o l&#8217;augment en la generaci\u00f3 de residus.<\/p>\n<p style=\"text-align: justify;\">A partir d&#8217;aquesta an\u00e0lisi, la proposta demanava a l&#8217;alumnat que fes una predicci\u00f3 justificada de com evolucionaria la situaci\u00f3 en els propers 30 anys i quines conseq\u00fc\u00e8ncies tindria aquesta evoluci\u00f3 en la societat.<\/p>\n<p>Com a resultat del treball realitzat, els nois i noies de 1r de Batxillerat van acabar editant dos v\u00eddeos, un de caire optimista i un altre de m\u00e9s pessimista, imaginant el futur.<\/p>\n<p>I tu, com t&#8217;imagines el planeta l&#8217;any 2050?<\/p>\n<p>Aqu\u00ed us deixem les dues propostes:<\/p>\n<div><iframe loading=\"lazy\" src=\"\/\/www.youtube.com\/embed\/pmrBL7ofbTo\" width=\"700\" height=\"393\"><\/iframe><\/div>\n<div><\/div>\n<div><\/div>\n<div><iframe loading=\"lazy\" src=\"\/\/www.youtube.com\/embed\/7Mn4pB5pXsE\" width=\"700\" height=\"393\"><\/iframe><\/div>\n","protected":false},"excerpt":{"rendered":"<p>L&#8217;alumnat de 1r de Batxillerat, en la mat\u00e8ria de Ci\u00e8ncies del m\u00f3n contemporani, ha fet un treball de reflexi\u00f3 al voltant del desenvolupament sostenible.<br \/>\nLa Berta Ob\u00f3n, professora de la mat\u00e8ria, els va proposar analitzar la situaci\u00f3 actual de diverses q\u00fcestions relacionades amb el medi ambient&hellip;  <a href=\"https:\/\/agora.xtec.cat\/ieselsplanells\/portada\/el-futur-del-planeta-any-2050\/\" title=\"Read El futur del planeta. Any 2050\">Llegeix m\u00e9s\u00bb<\/a><\/p>\n","protected":false},"author":1,"featured_media":12341,"comment_status":"open","ping_status":"closed","sticky":false,"template":"","format":"standard","meta":{"_bbp_topic_count":0,"_bbp_reply_count":0,"_bbp_total_topic_count":0,"_bbp_total_reply_count":0,"_bbp_voice_count":0,"_bbp_anonymous_reply_count":0,"_bbp_topic_count_hidden":0,"_bbp_reply_count_hidden":0,"_bbp_forum_subforum_count":0,"footnotes":""},"categories":[454,29],"tags":[441,452],"class_list":["post-12340","post","type-post","status-publish","format-standard","has-post-thumbnail","hentry","category-curs-2020-2021","category-portada","tag-2020-2021","tag-ciencies-del-mon-contemporani"],"post_mailing_queue_ids":[],"_links":{"self":[{"href":"https:\/\/agora.xtec.cat\/ieselsplanells\/wp-json\/wp\/v2\/posts\/12340","targetHints":{"allow":["GET"]}}],"collection":[{"href":"https:\/\/agora.xtec.cat\/ieselsplanells\/wp-json\/wp\/v2\/posts"}],"about":[{"href":"https:\/\/agora.xtec.cat\/ieselsplanells\/wp-json\/wp\/v2\/types\/post"}],"author":[{"embeddable":true,"href":"https:\/\/agora.xtec.cat\/ieselsplanells\/wp-json\/wp\/v2\/users\/1"}],"replies":[{"embeddable":true,"href":"https:\/\/agora.xtec.cat\/ieselsplanells\/wp-json\/wp\/v2\/comments?post=12340"}],"version-history":[{"count":3,"href":"https:\/\/agora.xtec.cat\/ieselsplanells\/wp-json\/wp\/v2\/posts\/12340\/revisions"}],"predecessor-version":[{"id":12345,"href":"https:\/\/agora.xtec.cat\/ieselsplanells\/wp-json\/wp\/v2\/posts\/12340\/revisions\/12345"}],"wp:featuredmedia":[{"embeddable":true,"href":"https:\/\/agora.xtec.cat\/ieselsplanells\/wp-json\/wp\/v2\/media\/12341"}],"wp:attachment":[{"href":"https:\/\/agora.xtec.cat\/ieselsplanells\/wp-json\/wp\/v2\/media?parent=12340"}],"wp:term":[{"taxonomy":"category","embeddable":true,"href":"https:\/\/agora.xtec.cat\/ieselsplanells\/wp-json\/wp\/v2\/categories?post=12340"},{"taxonomy":"post_tag","embeddable":true,"href":"https:\/\/agora.xtec.cat\/ieselsplanells\/wp-json\/wp\/v2\/tags?post=12340"}],"curies":[{"name":"wp","href":"https:\/\/api.w.org\/{rel}","templated":true}]}}