{"id":11949,"date":"2020-04-02T13:30:48","date_gmt":"2020-04-02T11:30:48","guid":{"rendered":"http:\/\/agora.xtec.cat\/ieselsplanells\/?p=11949"},"modified":"2021-09-10T12:22:59","modified_gmt":"2021-09-10T10:22:59","slug":"comunicat-del-departament-de-justicia","status":"publish","type":"post","link":"https:\/\/agora.xtec.cat\/ieselsplanells\/confinament-per-la-covid19\/comunicat-del-departament-de-justicia\/","title":{"rendered":"Comunicat del Departament de Just\u00edcia"},"content":{"rendered":"<p style=\"text-align: justify;\">Seguim treballant amb la voluntat d&#8217;acompanyar-vos durant el confinament per l&#8217;estat d&#8217;alarma i mantenir-vos informats. Per aix\u00f2, us fem arribar un comunicat del Departament de Just\u00edcia en relaci\u00f3 als r\u00e8gims de comunicaci\u00f3 i estan\u00e7a dels fills i filles durant aquests dies.<\/p>\n<p>Podeu llegir el comunicat \u00edntegre <a href=\"https:\/\/drive.google.com\/file\/d\/1qTzGqWQFLdoDWM8CXv83nUSi-VUG_wtP\/view?usp=sharing\" target=\"_blank\" rel=\"noopener noreferrer\">aqu\u00ed<\/a>.<\/p>\n","protected":false},"excerpt":{"rendered":"<p>Seguim treballant amb la voluntat d&#8217;acompanyar-vos durant el confinament per l&#8217;estat d&#8217;alarma i mantenir-vos informats. Per aix\u00f2, us fem arribar un comunicat del Departament de Just\u00edcia en relaci\u00f3 als r\u00e8gims de comunicaci\u00f3 i estan\u00e7a dels fills i filles durant aquests dies.<br \/>\nPodeu llegir el comunicat \u00edntegre&hellip;  <a href=\"https:\/\/agora.xtec.cat\/ieselsplanells\/confinament-per-la-covid19\/comunicat-del-departament-de-justicia\/\" title=\"Read Comunicat del Departament de Just\u00edcia\">Llegeix m\u00e9s\u00bb<\/a><\/p>\n","protected":false},"author":1,"featured_media":11950,"comment_status":"open","ping_status":"closed","sticky":false,"template":"","format":"standard","meta":{"_bbp_topic_count":0,"_bbp_reply_count":0,"_bbp_total_topic_count":0,"_bbp_total_reply_count":0,"_bbp_voice_count":0,"_bbp_anonymous_reply_count":0,"_bbp_topic_count_hidden":0,"_bbp_reply_count_hidden":0,"_bbp_forum_subforum_count":0,"footnotes":""},"categories":[426,453],"tags":[379,427,424],"class_list":["post-11949","post","type-post","status-publish","format-standard","has-post-thumbnail","hentry","category-confinament-per-la-covid19","category-curs-2019-2020","tag-2019-2020","tag-confinament","tag-coronavirus"],"post_mailing_queue_ids":[],"_links":{"self":[{"href":"https:\/\/agora.xtec.cat\/ieselsplanells\/wp-json\/wp\/v2\/posts\/11949","targetHints":{"allow":["GET"]}}],"collection":[{"href":"https:\/\/agora.xtec.cat\/ieselsplanells\/wp-json\/wp\/v2\/posts"}],"about":[{"href":"https:\/\/agora.xtec.cat\/ieselsplanells\/wp-json\/wp\/v2\/types\/post"}],"author":[{"embeddable":true,"href":"https:\/\/agora.xtec.cat\/ieselsplanells\/wp-json\/wp\/v2\/users\/1"}],"replies":[{"embeddable":true,"href":"https:\/\/agora.xtec.cat\/ieselsplanells\/wp-json\/wp\/v2\/comments?post=11949"}],"version-history":[{"count":1,"href":"https:\/\/agora.xtec.cat\/ieselsplanells\/wp-json\/wp\/v2\/posts\/11949\/revisions"}],"predecessor-version":[{"id":11951,"href":"https:\/\/agora.xtec.cat\/ieselsplanells\/wp-json\/wp\/v2\/posts\/11949\/revisions\/11951"}],"wp:featuredmedia":[{"embeddable":true,"href":"https:\/\/agora.xtec.cat\/ieselsplanells\/wp-json\/wp\/v2\/media\/11950"}],"wp:attachment":[{"href":"https:\/\/agora.xtec.cat\/ieselsplanells\/wp-json\/wp\/v2\/media?parent=11949"}],"wp:term":[{"taxonomy":"category","embeddable":true,"href":"https:\/\/agora.xtec.cat\/ieselsplanells\/wp-json\/wp\/v2\/categories?post=11949"},{"taxonomy":"post_tag","embeddable":true,"href":"https:\/\/agora.xtec.cat\/ieselsplanells\/wp-json\/wp\/v2\/tags?post=11949"}],"curies":[{"name":"wp","href":"https:\/\/api.w.org\/{rel}","templated":true}]}}