{"id":11946,"date":"2020-04-01T13:07:31","date_gmt":"2020-04-01T11:07:31","guid":{"rendered":"http:\/\/agora.xtec.cat\/ieselsplanells\/?p=11946"},"modified":"2021-09-10T12:22:59","modified_gmt":"2021-09-10T10:22:59","slug":"criteris-nous-per-a-la-formacio-en-centres-de-treball","status":"publish","type":"post","link":"https:\/\/agora.xtec.cat\/ieselsplanells\/estada-en-empresa\/criteris-nous-per-a-la-formacio-en-centres-de-treball\/","title":{"rendered":"Criteris nous per a la Formaci\u00f3 en Centres de Treball"},"content":{"rendered":"<p style=\"text-align: justify;\">El Departament d&#8217;Educaci\u00f3 ha publicat una resoluci\u00f3 per a establir els nous criteris que regulen les pr\u00e0ctiques en les empreses que realitza l&#8217;alumnat de la Formaci\u00f3 Professional.<\/p>\n<p style=\"text-align: justify;\">En la situaci\u00f3 de confinament actual, l&#8217;alumnat de Formaci\u00f3 Professional ha susp\u00e8s la realitzaci\u00f3 del m\u00f2dul de Formaci\u00f3 en Centres de Treball (FCT), imprescindible per a l&#8217;obtenci\u00f3 del t\u00edtol. \u00c9s per aquest motiu que el Departament ha establert diverses mesures de flexibilitzaci\u00f3 que pretenen facilitar l&#8217;obtenci\u00f3 del corresponent t\u00edtol en la finalitzaci\u00f3 d&#8217;aquest curs acad\u00e8mic.<\/p>\n<p style=\"text-align: justify;\">Amb aquestes mesures es pret\u00e9n fer possible que l&#8217;alumnat pugui continuar amb el seu itinerari formatiu el proper curs, o b\u00e9, que puguin accedir al mercat de treball amb el t\u00edtol del cicle formatiu que han estat cursant.<\/p>\n<p>Trobareu la nota de premsa del Departament d&#8217;Educaci\u00f3 <a href=\"http:\/\/ensenyament.gencat.cat\/ca\/inici\/nota-premsa\/?id=384299\" target=\"_blank\" rel=\"noopener noreferrer\">aqu\u00ed<\/a>.<\/p>\n","protected":false},"excerpt":{"rendered":"<p>El Departament d&#8217;Educaci\u00f3 ha publicat una resoluci\u00f3 per a establir els nous criteris que regulen les pr\u00e0ctiques en les empreses que realitza l&#8217;alumnat de la Formaci\u00f3 Professional.<br \/>\nEn la situaci\u00f3 de confinament actual, l&#8217;alumnat de Formaci\u00f3 Professional ha susp\u00e8s la realitzaci\u00f3 del m\u00f2dul de Formaci\u00f3 en&hellip;  <a href=\"https:\/\/agora.xtec.cat\/ieselsplanells\/estada-en-empresa\/criteris-nous-per-a-la-formacio-en-centres-de-treball\/\" title=\"Read Criteris nous per a la Formaci\u00f3 en Centres de Treball\">Llegeix m\u00e9s\u00bb<\/a><\/p>\n","protected":false},"author":1,"featured_media":11947,"comment_status":"open","ping_status":"closed","sticky":false,"template":"","format":"standard","meta":{"_bbp_topic_count":0,"_bbp_reply_count":0,"_bbp_total_topic_count":0,"_bbp_total_reply_count":0,"_bbp_voice_count":0,"_bbp_anonymous_reply_count":0,"_bbp_topic_count_hidden":0,"_bbp_reply_count_hidden":0,"_bbp_forum_subforum_count":0,"footnotes":""},"categories":[426,453,394],"tags":[379,427,424,432,184],"class_list":["post-11946","post","type-post","status-publish","format-standard","has-post-thumbnail","hentry","category-confinament-per-la-covid19","category-curs-2019-2020","category-estada-en-empresa","tag-2019-2020","tag-confinament","tag-coronavirus","tag-fct","tag-formacio-professional"],"post_mailing_queue_ids":[],"_links":{"self":[{"href":"https:\/\/agora.xtec.cat\/ieselsplanells\/wp-json\/wp\/v2\/posts\/11946","targetHints":{"allow":["GET"]}}],"collection":[{"href":"https:\/\/agora.xtec.cat\/ieselsplanells\/wp-json\/wp\/v2\/posts"}],"about":[{"href":"https:\/\/agora.xtec.cat\/ieselsplanells\/wp-json\/wp\/v2\/types\/post"}],"author":[{"embeddable":true,"href":"https:\/\/agora.xtec.cat\/ieselsplanells\/wp-json\/wp\/v2\/users\/1"}],"replies":[{"embeddable":true,"href":"https:\/\/agora.xtec.cat\/ieselsplanells\/wp-json\/wp\/v2\/comments?post=11946"}],"version-history":[{"count":1,"href":"https:\/\/agora.xtec.cat\/ieselsplanells\/wp-json\/wp\/v2\/posts\/11946\/revisions"}],"predecessor-version":[{"id":11948,"href":"https:\/\/agora.xtec.cat\/ieselsplanells\/wp-json\/wp\/v2\/posts\/11946\/revisions\/11948"}],"wp:featuredmedia":[{"embeddable":true,"href":"https:\/\/agora.xtec.cat\/ieselsplanells\/wp-json\/wp\/v2\/media\/11947"}],"wp:attachment":[{"href":"https:\/\/agora.xtec.cat\/ieselsplanells\/wp-json\/wp\/v2\/media?parent=11946"}],"wp:term":[{"taxonomy":"category","embeddable":true,"href":"https:\/\/agora.xtec.cat\/ieselsplanells\/wp-json\/wp\/v2\/categories?post=11946"},{"taxonomy":"post_tag","embeddable":true,"href":"https:\/\/agora.xtec.cat\/ieselsplanells\/wp-json\/wp\/v2\/tags?post=11946"}],"curies":[{"name":"wp","href":"https:\/\/api.w.org\/{rel}","templated":true}]}}