{"id":11939,"date":"2020-04-01T10:25:27","date_gmt":"2020-04-01T08:25:27","guid":{"rendered":"http:\/\/agora.xtec.cat\/ieselsplanells\/?p=11939"},"modified":"2021-09-10T12:23:00","modified_gmt":"2021-09-10T10:23:00","slug":"dates-de-les-pau-i-les-pap","status":"publish","type":"post","link":"https:\/\/agora.xtec.cat\/ieselsplanells\/confinament-per-la-covid19\/dates-de-les-pau-i-les-pap\/","title":{"rendered":"Dates de les PAU i les PAP"},"content":{"rendered":"<p style=\"text-align: justify;\">En el canal Universitats de la Generalitat de Catalunya es publica l&#8217;acord per a l&#8217;establiment del 7, 8 i 9 de juliol com a noves dates per a la realitzaci\u00f3 de les Proves d&#8217;Acc\u00e9s a la Universitat.<\/p>\n<p style=\"text-align: justify;\">En el mateix comunicat es fa p\u00fablic l&#8217;acord de flexibilitzar l&#8217;opcionalitat en la convocat\u00f2ria ordin\u00e0ria de la PAU 2020. Aix\u00f2, en principi, no ha d&#8217;implicar un canvi substancial en la tipologia dels ex\u00e0mens que l&#8217;estudiantat i el professorat ha estat treballant, ni en el temps de durada de la prova, sin\u00f3 que s&#8217;ha de traduir en la possibilitat d&#8217;elegir m\u00e9s opcions.<\/p>\n<p style=\"text-align: justify;\">L&#8217;acord estableix tamb\u00e9 el divendres, 19 de juny, com a data per a la convocat\u00f2ria ordin\u00e0ria de les Proves d&#8217;Aptitud Personal per accedir als Graus d&#8217;Educaci\u00f3 Infantil i d&#8217;Educaci\u00f3 Prim\u00e0ria.<\/p>\n<p>Us deixem l&#8217;enlla\u00e7 a la nota de premsa <a href=\"http:\/\/universitats.gencat.cat\/ca\/detalls\/noticia\/El-Govern-i-les-universitats-acorden-el-nou-calendari-de-les-proves-dacces-a-la-universitat-en-convocatoria-ordinaria-00001\" target=\"_blank\" rel=\"noopener noreferrer\">aqu\u00ed<\/a>.<\/p>\n","protected":false},"excerpt":{"rendered":"<p>En el canal Universitats de la Generalitat de Catalunya es publica l&#8217;acord per a l&#8217;establiment del 7, 8 i 9 de juliol com a noves dates per a la realitzaci\u00f3 de les Proves d&#8217;Acc\u00e9s a la Universitat.<br \/>\nEn el mateix comunicat es fa p\u00fablic l&#8217;acord de&hellip;  <a href=\"https:\/\/agora.xtec.cat\/ieselsplanells\/confinament-per-la-covid19\/dates-de-les-pau-i-les-pap\/\" title=\"Read Dates de les PAU i les PAP\">Llegeix m\u00e9s\u00bb<\/a><\/p>\n","protected":false},"author":1,"featured_media":11940,"comment_status":"open","ping_status":"closed","sticky":false,"template":"","format":"standard","meta":{"_bbp_topic_count":0,"_bbp_reply_count":0,"_bbp_total_topic_count":0,"_bbp_total_reply_count":0,"_bbp_voice_count":0,"_bbp_anonymous_reply_count":0,"_bbp_topic_count_hidden":0,"_bbp_reply_count_hidden":0,"_bbp_forum_subforum_count":0,"footnotes":""},"categories":[426,453],"tags":[379,427,424,430],"class_list":["post-11939","post","type-post","status-publish","format-standard","has-post-thumbnail","hentry","category-confinament-per-la-covid19","category-curs-2019-2020","tag-2019-2020","tag-confinament","tag-coronavirus","tag-pau"],"post_mailing_queue_ids":[],"_links":{"self":[{"href":"https:\/\/agora.xtec.cat\/ieselsplanells\/wp-json\/wp\/v2\/posts\/11939","targetHints":{"allow":["GET"]}}],"collection":[{"href":"https:\/\/agora.xtec.cat\/ieselsplanells\/wp-json\/wp\/v2\/posts"}],"about":[{"href":"https:\/\/agora.xtec.cat\/ieselsplanells\/wp-json\/wp\/v2\/types\/post"}],"author":[{"embeddable":true,"href":"https:\/\/agora.xtec.cat\/ieselsplanells\/wp-json\/wp\/v2\/users\/1"}],"replies":[{"embeddable":true,"href":"https:\/\/agora.xtec.cat\/ieselsplanells\/wp-json\/wp\/v2\/comments?post=11939"}],"version-history":[{"count":1,"href":"https:\/\/agora.xtec.cat\/ieselsplanells\/wp-json\/wp\/v2\/posts\/11939\/revisions"}],"predecessor-version":[{"id":11941,"href":"https:\/\/agora.xtec.cat\/ieselsplanells\/wp-json\/wp\/v2\/posts\/11939\/revisions\/11941"}],"wp:featuredmedia":[{"embeddable":true,"href":"https:\/\/agora.xtec.cat\/ieselsplanells\/wp-json\/wp\/v2\/media\/11940"}],"wp:attachment":[{"href":"https:\/\/agora.xtec.cat\/ieselsplanells\/wp-json\/wp\/v2\/media?parent=11939"}],"wp:term":[{"taxonomy":"category","embeddable":true,"href":"https:\/\/agora.xtec.cat\/ieselsplanells\/wp-json\/wp\/v2\/categories?post=11939"},{"taxonomy":"post_tag","embeddable":true,"href":"https:\/\/agora.xtec.cat\/ieselsplanells\/wp-json\/wp\/v2\/tags?post=11939"}],"curies":[{"name":"wp","href":"https:\/\/api.w.org\/{rel}","templated":true}]}}