{"id":11893,"date":"2020-03-21T10:29:18","date_gmt":"2020-03-21T09:29:18","guid":{"rendered":"http:\/\/agora.xtec.cat\/ieselsplanells\/?p=11893"},"modified":"2021-09-10T12:23:00","modified_gmt":"2021-09-10T10:23:00","slug":"mesures-per-garantir-lalimentacio-infantil","status":"publish","type":"post","link":"https:\/\/agora.xtec.cat\/ieselsplanells\/confinament-per-la-covid19\/mesures-per-garantir-lalimentacio-infantil\/","title":{"rendered":"Mesures per garantir l&#8217;alimentaci\u00f3 infantil"},"content":{"rendered":"<p>Mesures excepcionals i recomanacions per a garantir l&#8217;alimentaci\u00f3 infantil en casos de vulnerabilitat social en relaci\u00f3 a la COVID-19 (<a href=\"https:\/\/drive.google.com\/file\/d\/1ETmqglsXT7tJrODVg9jdK1B9FDkfj4JA\/view\" target=\"_blank\" rel=\"noopener noreferrer\">enlla\u00e7<\/a>).<\/p>\n<p><a href=\"https:\/\/agora.xtec.cat\/ieselsplanells\/wp-content\/uploads\/usu1160\/2020\/03\/Screenshot-2020-03-26-10.23.41.png\"><img loading=\"lazy\" decoding=\"async\" class=\"alignleft size-full wp-image-11894\" src=\"https:\/\/agora.xtec.cat\/ieselsplanells\/wp-content\/uploads\/usu1160\/2020\/03\/Screenshot-2020-03-26-10.23.41.png\" alt=\"\" width=\"1187\" height=\"728\" srcset=\"https:\/\/agora.xtec.cat\/ieselsplanells\/wp-content\/uploads\/usu1160\/2020\/03\/Screenshot-2020-03-26-10.23.41.png 1187w, https:\/\/agora.xtec.cat\/ieselsplanells\/wp-content\/uploads\/usu1160\/2020\/03\/Screenshot-2020-03-26-10.23.41-300x184.png 300w, https:\/\/agora.xtec.cat\/ieselsplanells\/wp-content\/uploads\/usu1160\/2020\/03\/Screenshot-2020-03-26-10.23.41-768x471.png 768w, https:\/\/agora.xtec.cat\/ieselsplanells\/wp-content\/uploads\/usu1160\/2020\/03\/Screenshot-2020-03-26-10.23.41-1024x628.png 1024w\" sizes=\"auto, (max-width: 1187px) 100vw, 1187px\" \/><\/a><\/p>\n","protected":false},"excerpt":{"rendered":"<p>Mesures excepcionals i recomanacions per a garantir l&#8217;alimentaci\u00f3 infantil en casos de vulnerabilitat social en relaci\u00f3 a la COVID-19 (<a href=\"https:\/\/drive.google.com\/file\/d\/1ETmqglsXT7tJrODVg9jdK1B9FDkfj4JA\/view\" target=\"_blank\" rel=\"noopener noreferrer\">enlla\u00e7<\/a>).<br \/>\n<a href=\"https:\/\/agora.xtec.cat\/ieselsplanells\/wp-content\/uploads\/usu1160\/2020\/03\/Screenshot-2020-03-26-10.23.41.png\"><\/a><\/p>\n","protected":false},"author":1,"featured_media":11894,"comment_status":"open","ping_status":"closed","sticky":false,"template":"","format":"standard","meta":{"_bbp_topic_count":0,"_bbp_reply_count":0,"_bbp_total_topic_count":0,"_bbp_total_reply_count":0,"_bbp_voice_count":0,"_bbp_anonymous_reply_count":0,"_bbp_topic_count_hidden":0,"_bbp_reply_count_hidden":0,"_bbp_forum_subforum_count":0,"footnotes":""},"categories":[426,453],"tags":[379,427,424],"class_list":["post-11893","post","type-post","status-publish","format-standard","has-post-thumbnail","hentry","category-confinament-per-la-covid19","category-curs-2019-2020","tag-2019-2020","tag-confinament","tag-coronavirus"],"post_mailing_queue_ids":[],"_links":{"self":[{"href":"https:\/\/agora.xtec.cat\/ieselsplanells\/wp-json\/wp\/v2\/posts\/11893","targetHints":{"allow":["GET"]}}],"collection":[{"href":"https:\/\/agora.xtec.cat\/ieselsplanells\/wp-json\/wp\/v2\/posts"}],"about":[{"href":"https:\/\/agora.xtec.cat\/ieselsplanells\/wp-json\/wp\/v2\/types\/post"}],"author":[{"embeddable":true,"href":"https:\/\/agora.xtec.cat\/ieselsplanells\/wp-json\/wp\/v2\/users\/1"}],"replies":[{"embeddable":true,"href":"https:\/\/agora.xtec.cat\/ieselsplanells\/wp-json\/wp\/v2\/comments?post=11893"}],"version-history":[{"count":1,"href":"https:\/\/agora.xtec.cat\/ieselsplanells\/wp-json\/wp\/v2\/posts\/11893\/revisions"}],"predecessor-version":[{"id":11895,"href":"https:\/\/agora.xtec.cat\/ieselsplanells\/wp-json\/wp\/v2\/posts\/11893\/revisions\/11895"}],"wp:featuredmedia":[{"embeddable":true,"href":"https:\/\/agora.xtec.cat\/ieselsplanells\/wp-json\/wp\/v2\/media\/11894"}],"wp:attachment":[{"href":"https:\/\/agora.xtec.cat\/ieselsplanells\/wp-json\/wp\/v2\/media?parent=11893"}],"wp:term":[{"taxonomy":"category","embeddable":true,"href":"https:\/\/agora.xtec.cat\/ieselsplanells\/wp-json\/wp\/v2\/categories?post=11893"},{"taxonomy":"post_tag","embeddable":true,"href":"https:\/\/agora.xtec.cat\/ieselsplanells\/wp-json\/wp\/v2\/tags?post=11893"}],"curies":[{"name":"wp","href":"https:\/\/api.w.org\/{rel}","templated":true}]}}