{"id":11891,"date":"2020-03-18T10:14:21","date_gmt":"2020-03-18T09:14:21","guid":{"rendered":"http:\/\/agora.xtec.cat\/ieselsplanells\/?p=11891"},"modified":"2021-09-10T12:23:00","modified_gmt":"2021-09-10T10:23:00","slug":"instruccions-sobre-la-custodia-de-menors","status":"publish","type":"post","link":"https:\/\/agora.xtec.cat\/ieselsplanells\/confinament-per-la-covid19\/instruccions-sobre-la-custodia-de-menors\/","title":{"rendered":"Instruccions sobre la cust\u00f2dia de menors"},"content":{"rendered":"<p>Instruccions sobre la cust\u00f2dia de menors en situaci\u00f3 de confinament del Jutjat de Primera Inst\u00e0ncia i Fam\u00edlia de Barcelona (<a href=\"https:\/\/drive.google.com\/file\/d\/1XygwrlhjOYSndwSFCsqkP-C-cQTrncub\/view\" target=\"_blank\" rel=\"noopener noreferrer\">enlla\u00e7<\/a>).<\/p>\n","protected":false},"excerpt":{"rendered":"<p>Instruccions sobre la cust\u00f2dia de menors en situaci\u00f3 de confinament del Jutjat de Primera Inst\u00e0ncia i Fam\u00edlia de Barcelona (<a href=\"https:\/\/drive.google.com\/file\/d\/1XygwrlhjOYSndwSFCsqkP-C-cQTrncub\/view\" target=\"_blank\" rel=\"noopener noreferrer\">enlla\u00e7<\/a>).<\/p>\n","protected":false},"author":1,"featured_media":0,"comment_status":"open","ping_status":"closed","sticky":false,"template":"","format":"standard","meta":{"_bbp_topic_count":0,"_bbp_reply_count":0,"_bbp_total_topic_count":0,"_bbp_total_reply_count":0,"_bbp_voice_count":0,"_bbp_anonymous_reply_count":0,"_bbp_topic_count_hidden":0,"_bbp_reply_count_hidden":0,"_bbp_forum_subforum_count":0,"footnotes":""},"categories":[426,453],"tags":[379,427,424],"class_list":["post-11891","post","type-post","status-publish","format-standard","hentry","category-confinament-per-la-covid19","category-curs-2019-2020","tag-2019-2020","tag-confinament","tag-coronavirus"],"post_mailing_queue_ids":[],"_links":{"self":[{"href":"https:\/\/agora.xtec.cat\/ieselsplanells\/wp-json\/wp\/v2\/posts\/11891","targetHints":{"allow":["GET"]}}],"collection":[{"href":"https:\/\/agora.xtec.cat\/ieselsplanells\/wp-json\/wp\/v2\/posts"}],"about":[{"href":"https:\/\/agora.xtec.cat\/ieselsplanells\/wp-json\/wp\/v2\/types\/post"}],"author":[{"embeddable":true,"href":"https:\/\/agora.xtec.cat\/ieselsplanells\/wp-json\/wp\/v2\/users\/1"}],"replies":[{"embeddable":true,"href":"https:\/\/agora.xtec.cat\/ieselsplanells\/wp-json\/wp\/v2\/comments?post=11891"}],"version-history":[{"count":1,"href":"https:\/\/agora.xtec.cat\/ieselsplanells\/wp-json\/wp\/v2\/posts\/11891\/revisions"}],"predecessor-version":[{"id":11892,"href":"https:\/\/agora.xtec.cat\/ieselsplanells\/wp-json\/wp\/v2\/posts\/11891\/revisions\/11892"}],"wp:attachment":[{"href":"https:\/\/agora.xtec.cat\/ieselsplanells\/wp-json\/wp\/v2\/media?parent=11891"}],"wp:term":[{"taxonomy":"category","embeddable":true,"href":"https:\/\/agora.xtec.cat\/ieselsplanells\/wp-json\/wp\/v2\/categories?post=11891"},{"taxonomy":"post_tag","embeddable":true,"href":"https:\/\/agora.xtec.cat\/ieselsplanells\/wp-json\/wp\/v2\/tags?post=11891"}],"curies":[{"name":"wp","href":"https:\/\/api.w.org\/{rel}","templated":true}]}}