{"id":11836,"date":"2020-03-11T11:21:38","date_gmt":"2020-03-11T10:21:38","guid":{"rendered":"http:\/\/agora.xtec.cat\/ieselsplanells\/?p=11836"},"modified":"2021-09-10T12:28:23","modified_gmt":"2021-09-10T10:28:23","slug":"dia-internacional-de-les-dones-a-laula-de-quimica","status":"publish","type":"post","link":"https:\/\/agora.xtec.cat\/ieselsplanells\/general\/dia-internacional-de-les-dones-a-laula-de-quimica\/","title":{"rendered":"Dia Internacional de les Dones a l&#8217;aula de Qu\u00edmica"},"content":{"rendered":"<p>Qui va inventar el bany maria?<\/p>\n<p style=\"text-align: justify;\">En motiu del Dia Internacional de les Dones, l&#8217;alumnat de l&#8217;optativa de Qu\u00edmcia de 1r de Batxillerat ha treballat la figura de Maria la Jueva, cient\u00edfica que va viure entre els segles I i III d.C. a Alexandria.<\/p>\n<p style=\"text-align: justify;\">El treball ha estat excusa per reflexionar sobre la visibilitat de les dones cient\u00edfiques i el tractament que la hist\u00f2ria ha fet d&#8217;elles. Es dona la casualitat que l&#8217;optativa d&#8217;enguany \u00e9s cursada \u00edntegrament per alumnes noies i que la professora \u00e9s la Berta Obon. Aquest grup de cient\u00edfiques de primer de Batxillerat ha estudiat les aportacions que va fer Maria La Jueva per recon\u00e8ixer el m\u00e8rit dels seus estudis.<\/p>\n<p><a href=\"https:\/\/agora.xtec.cat\/ieselsplanells\/wp-content\/uploads\/usu1160\/2020\/03\/Maria-la-Jueva-1.png\"><img loading=\"lazy\" decoding=\"async\" class=\"alignleft size-full wp-image-11838\" src=\"https:\/\/agora.xtec.cat\/ieselsplanells\/wp-content\/uploads\/usu1160\/2020\/03\/Maria-la-Jueva-1.png\" alt=\"\" width=\"800\" height=\"2000\" srcset=\"https:\/\/agora.xtec.cat\/ieselsplanells\/wp-content\/uploads\/usu1160\/2020\/03\/Maria-la-Jueva-1.png 800w, https:\/\/agora.xtec.cat\/ieselsplanells\/wp-content\/uploads\/usu1160\/2020\/03\/Maria-la-Jueva-1-120x300.png 120w, https:\/\/agora.xtec.cat\/ieselsplanells\/wp-content\/uploads\/usu1160\/2020\/03\/Maria-la-Jueva-1-768x1920.png 768w, https:\/\/agora.xtec.cat\/ieselsplanells\/wp-content\/uploads\/usu1160\/2020\/03\/Maria-la-Jueva-1-410x1024.png 410w\" sizes=\"auto, (max-width: 800px) 100vw, 800px\" \/><\/a><\/p>\n<p><a href=\"https:\/\/agora.xtec.cat\/ieselsplanells\/wp-content\/uploads\/usu1160\/2020\/03\/Maria-la-jueva-2.png\"><img loading=\"lazy\" decoding=\"async\" class=\"alignleft size-full wp-image-11839\" src=\"https:\/\/agora.xtec.cat\/ieselsplanells\/wp-content\/uploads\/usu1160\/2020\/03\/Maria-la-jueva-2.png\" alt=\"\" width=\"800\" height=\"2000\" srcset=\"https:\/\/agora.xtec.cat\/ieselsplanells\/wp-content\/uploads\/usu1160\/2020\/03\/Maria-la-jueva-2.png 800w, https:\/\/agora.xtec.cat\/ieselsplanells\/wp-content\/uploads\/usu1160\/2020\/03\/Maria-la-jueva-2-120x300.png 120w, https:\/\/agora.xtec.cat\/ieselsplanells\/wp-content\/uploads\/usu1160\/2020\/03\/Maria-la-jueva-2-768x1920.png 768w, https:\/\/agora.xtec.cat\/ieselsplanells\/wp-content\/uploads\/usu1160\/2020\/03\/Maria-la-jueva-2-410x1024.png 410w\" sizes=\"auto, (max-width: 800px) 100vw, 800px\" \/><\/a><\/p>\n<p>&nbsp;<\/p>\n<p>&nbsp;<\/p>\n","protected":false},"excerpt":{"rendered":"<p>Qui va inventar el bany maria?<br \/>\nEn motiu del Dia Internacional de les Dones, l&#8217;alumnat de l&#8217;optativa de Qu\u00edmcia de 1r de Batxillerat ha treballat la figura de Maria la Jueva, cient\u00edfica que va viure entre els segles I i III d.C. a Alexandria.<br \/>\nEl treball ha&hellip;  <a href=\"https:\/\/agora.xtec.cat\/ieselsplanells\/general\/dia-internacional-de-les-dones-a-laula-de-quimica\/\" title=\"Read Dia Internacional de les Dones a l&#8217;aula de Qu\u00edmica\">Llegeix m\u00e9s\u00bb<\/a><\/p>\n","protected":false},"author":1,"featured_media":11838,"comment_status":"open","ping_status":"closed","sticky":false,"template":"","format":"standard","meta":{"_bbp_topic_count":0,"_bbp_reply_count":0,"_bbp_total_topic_count":0,"_bbp_total_reply_count":0,"_bbp_voice_count":0,"_bbp_anonymous_reply_count":0,"_bbp_topic_count_hidden":0,"_bbp_reply_count_hidden":0,"_bbp_forum_subforum_count":0,"footnotes":""},"categories":[8,453,1,29],"tags":[379,116],"class_list":["post-11836","post","type-post","status-publish","format-standard","has-post-thumbnail","hentry","category-batxillerat","category-curs-2019-2020","category-general","category-portada","tag-2019-2020","tag-quimica"],"post_mailing_queue_ids":[],"_links":{"self":[{"href":"https:\/\/agora.xtec.cat\/ieselsplanells\/wp-json\/wp\/v2\/posts\/11836","targetHints":{"allow":["GET"]}}],"collection":[{"href":"https:\/\/agora.xtec.cat\/ieselsplanells\/wp-json\/wp\/v2\/posts"}],"about":[{"href":"https:\/\/agora.xtec.cat\/ieselsplanells\/wp-json\/wp\/v2\/types\/post"}],"author":[{"embeddable":true,"href":"https:\/\/agora.xtec.cat\/ieselsplanells\/wp-json\/wp\/v2\/users\/1"}],"replies":[{"embeddable":true,"href":"https:\/\/agora.xtec.cat\/ieselsplanells\/wp-json\/wp\/v2\/comments?post=11836"}],"version-history":[{"count":3,"href":"https:\/\/agora.xtec.cat\/ieselsplanells\/wp-json\/wp\/v2\/posts\/11836\/revisions"}],"predecessor-version":[{"id":11842,"href":"https:\/\/agora.xtec.cat\/ieselsplanells\/wp-json\/wp\/v2\/posts\/11836\/revisions\/11842"}],"wp:featuredmedia":[{"embeddable":true,"href":"https:\/\/agora.xtec.cat\/ieselsplanells\/wp-json\/wp\/v2\/media\/11838"}],"wp:attachment":[{"href":"https:\/\/agora.xtec.cat\/ieselsplanells\/wp-json\/wp\/v2\/media?parent=11836"}],"wp:term":[{"taxonomy":"category","embeddable":true,"href":"https:\/\/agora.xtec.cat\/ieselsplanells\/wp-json\/wp\/v2\/categories?post=11836"},{"taxonomy":"post_tag","embeddable":true,"href":"https:\/\/agora.xtec.cat\/ieselsplanells\/wp-json\/wp\/v2\/tags?post=11836"}],"curies":[{"name":"wp","href":"https:\/\/api.w.org\/{rel}","templated":true}]}}