{"id":11794,"date":"2020-02-12T13:11:00","date_gmt":"2020-02-12T12:11:00","guid":{"rendered":"http:\/\/agora.xtec.cat\/ieselsplanells\/?p=11794"},"modified":"2021-09-10T12:28:24","modified_gmt":"2021-09-10T10:28:24","slug":"avaluacio-de-leducacio-secundaria-obligatoria-4t-eso","status":"publish","type":"post","link":"https:\/\/agora.xtec.cat\/ieselsplanells\/portada\/avaluacio-de-leducacio-secundaria-obligatoria-4t-eso\/","title":{"rendered":"Avaluaci\u00f3 de l&#8217;Educaci\u00f3 Secund\u00e0ria Obligat\u00f2ria 4t ESO"},"content":{"rendered":"<p><a href=\"https:\/\/agora.xtec.cat\/ieselsplanells\/wp-content\/uploads\/usu1160\/2020\/02\/compet\u00e8ncies-4t-ESO.png\"><img loading=\"lazy\" decoding=\"async\" class=\"alignleft size-full wp-image-11795\" src=\"https:\/\/agora.xtec.cat\/ieselsplanells\/wp-content\/uploads\/usu1160\/2020\/02\/compet\u00e8ncies-4t-ESO.png\" alt=\"\" width=\"1698\" height=\"684\" srcset=\"https:\/\/agora.xtec.cat\/ieselsplanells\/wp-content\/uploads\/usu1160\/2020\/02\/compet\u00e8ncies-4t-ESO.png 1698w, https:\/\/agora.xtec.cat\/ieselsplanells\/wp-content\/uploads\/usu1160\/2020\/02\/compet\u00e8ncies-4t-ESO-300x121.png 300w, https:\/\/agora.xtec.cat\/ieselsplanells\/wp-content\/uploads\/usu1160\/2020\/02\/compet\u00e8ncies-4t-ESO-768x309.png 768w, https:\/\/agora.xtec.cat\/ieselsplanells\/wp-content\/uploads\/usu1160\/2020\/02\/compet\u00e8ncies-4t-ESO-1024x412.png 1024w\" sizes=\"auto, (max-width: 1698px) 100vw, 1698px\" \/><\/a><\/p>\n<p style=\"text-align: justify;\">Els dies 12 i 13 de febrer de 2020 es realitzaran les proves d\u2019avaluaci\u00f3 de 4t ESO (Compet\u00e8ncies b\u00e0siques), dins el marc horari de 09:00 a 14:00 (dimecres) i de 09:00 a 12:00 (dijous).<br \/>\nTrobareu la informaci\u00f3 detallada en els documents adjunts.<\/p>\n<p><a href=\"https:\/\/agora.xtec.cat\/ieselsplanells\/wp-content\/uploads\/usu1160\/2020\/02\/INFO-families-4S-2020.pdf\" target=\"_blank\" rel=\"noopener noreferrer\">Informaci\u00f3 per a les fam\u00edlies<\/a><\/p>\n<p><a href=\"https:\/\/agora.xtec.cat\/ieselsplanells\/wp-content\/uploads\/usu1160\/2020\/02\/info-alumnes-4S-2020.pdf\" target=\"_blank\" rel=\"noopener noreferrer\">Informaci\u00f3 per a l&#8217;estudiant<\/a><\/p>\n<p>&nbsp;<\/p>\n<p>&nbsp;<\/p>\n","protected":false},"excerpt":{"rendered":"<p><a href=\"https:\/\/agora.xtec.cat\/ieselsplanells\/wp-content\/uploads\/usu1160\/2020\/02\/compet\u00e8ncies-4t-ESO.png\"><\/a><br \/>\nEls dies 12 i 13 de febrer de 2020 es realitzaran les proves d\u2019avaluaci\u00f3 de 4t ESO (Compet\u00e8ncies b\u00e0siques), dins el marc horari de 09:00 a 14:00 (dimecres) i de 09:00 a 12:00 (dijous).<br \/>\nTrobareu la informaci\u00f3 detallada en els documents adjunts.<br \/>\n<a href=\"https:\/\/agora.xtec.cat\/ieselsplanells\/wp-content\/uploads\/usu1160\/2020\/02\/INFO-families-4S-2020.pdf\" target=\"_blank\" rel=\"noopener&hellip;  <a href=\"https:\/\/agora.xtec.cat\/ieselsplanells\/portada\/avaluacio-de-leducacio-secundaria-obligatoria-4t-eso\/\" title=\"Read Avaluaci\u00f3 de l&#8217;Educaci\u00f3 Secund\u00e0ria Obligat\u00f2ria 4t ESO\">Llegeix m\u00e9s\u00bb<\/a><\/p>\n","protected":false},"author":1,"featured_media":11795,"comment_status":"open","ping_status":"closed","sticky":false,"template":"","format":"standard","meta":{"_bbp_topic_count":0,"_bbp_reply_count":0,"_bbp_total_topic_count":0,"_bbp_total_reply_count":0,"_bbp_voice_count":0,"_bbp_anonymous_reply_count":0,"_bbp_topic_count_hidden":0,"_bbp_reply_count_hidden":0,"_bbp_forum_subforum_count":0,"footnotes":""},"categories":[453,29],"tags":[379,420,419],"class_list":["post-11794","post","type-post","status-publish","format-standard","has-post-thumbnail","hentry","category-curs-2019-2020","category-portada","tag-2019-2020","tag-avaluacio","tag-competencies-basiques"],"post_mailing_queue_ids":[],"_links":{"self":[{"href":"https:\/\/agora.xtec.cat\/ieselsplanells\/wp-json\/wp\/v2\/posts\/11794","targetHints":{"allow":["GET"]}}],"collection":[{"href":"https:\/\/agora.xtec.cat\/ieselsplanells\/wp-json\/wp\/v2\/posts"}],"about":[{"href":"https:\/\/agora.xtec.cat\/ieselsplanells\/wp-json\/wp\/v2\/types\/post"}],"author":[{"embeddable":true,"href":"https:\/\/agora.xtec.cat\/ieselsplanells\/wp-json\/wp\/v2\/users\/1"}],"replies":[{"embeddable":true,"href":"https:\/\/agora.xtec.cat\/ieselsplanells\/wp-json\/wp\/v2\/comments?post=11794"}],"version-history":[{"count":3,"href":"https:\/\/agora.xtec.cat\/ieselsplanells\/wp-json\/wp\/v2\/posts\/11794\/revisions"}],"predecessor-version":[{"id":11800,"href":"https:\/\/agora.xtec.cat\/ieselsplanells\/wp-json\/wp\/v2\/posts\/11794\/revisions\/11800"}],"wp:featuredmedia":[{"embeddable":true,"href":"https:\/\/agora.xtec.cat\/ieselsplanells\/wp-json\/wp\/v2\/media\/11795"}],"wp:attachment":[{"href":"https:\/\/agora.xtec.cat\/ieselsplanells\/wp-json\/wp\/v2\/media?parent=11794"}],"wp:term":[{"taxonomy":"category","embeddable":true,"href":"https:\/\/agora.xtec.cat\/ieselsplanells\/wp-json\/wp\/v2\/categories?post=11794"},{"taxonomy":"post_tag","embeddable":true,"href":"https:\/\/agora.xtec.cat\/ieselsplanells\/wp-json\/wp\/v2\/tags?post=11794"}],"curies":[{"name":"wp","href":"https:\/\/api.w.org\/{rel}","templated":true}]}}