{"id":1146,"date":"2016-09-16T10:34:57","date_gmt":"2016-09-16T08:34:57","guid":{"rendered":"http:\/\/agora.xtec.cat\/ieselsplanells\/?p=1146"},"modified":"2017-09-08T13:06:06","modified_gmt":"2017-09-08T11:06:06","slug":"nou-curs-preparatori-per-a-la-incorporacio-als-cicles-formatius-de-grau-superior","status":"publish","type":"post","link":"https:\/\/agora.xtec.cat\/ieselsplanells\/general\/nou-curs-preparatori-per-a-la-incorporacio-als-cicles-formatius-de-grau-superior\/","title":{"rendered":"Nou curs preparatori per a la incorporaci\u00f3 als cicles formatius de grau superior"},"content":{"rendered":"<p>Us informem sobre les caracter\u00edstiques del <a href=\"http:\/\/queestudiar.gencat.cat\/ca\/estudis\/acces-cicles\/curs-preparacio-gs\/\">nou curs<\/a> que ve a substituir l&#8217;antic CAS.<\/p>\n<p style=\"text-align: justify;\">Hi poden accedir totes les persones que compleixin algun dels requisits seg\u00fcents:<\/p>\n<ul style=\"text-align: justify;\">\n<li><strong>Disposar del t\u00edtol de t\u00e8cnic\/a<\/strong><\/li>\n<li><strong>Estar cursant un cicle formatiu de grau\u00a0 mitj\u00e0<\/strong> de formaci\u00f3 professional inicial durant el curs 2016-2017 (<span style=\"color: #ff6600;\">novetat respecte al CAS<\/span>)<\/li>\n<\/ul>\n<p style=\"text-align: justify;\">El curs preparatori pot ser especialment indicat en els seg\u00fcents casos:<\/p>\n<ul style=\"text-align: justify;\">\n<li>Alumnes que segueixin el darrer curs del grau mitj\u00e0, quan els hi restin pocs m\u00f2duls per superar el cicle formatiu.<\/li>\n<li>Les persones amb t\u00edtol de t\u00e8cnic en arts pl\u00e0stiques i disseny o amb t\u00edtol de t\u00e8cnic esportiu, quan vulguin prosseguir els seus estudis en el grau superior d&#8217;aquests mateixos ensenyaments.<\/li>\n<li>Alumnes matriculats al grau superior, quan necessitin refor\u00e7ar determinades mat\u00e8ries instrumentals.<\/li>\n<\/ul>\n<p style=\"text-align: justify;\">La superaci\u00f3 d&#8217;aquest curs tindr\u00e0 efectes en els procediments d&#8217;admissi\u00f3 als cicles formatius de grau superior a partir del curs 2017-2018 i podr\u00e0 atorgar prioritat en els procediments d&#8217;admissi\u00f3.<\/p>\n","protected":false},"excerpt":{"rendered":"<p>Us informem sobre les caracter\u00edstiques del nou curs que ve a substituir l&#8217;antic CAS.&hellip;  <a href=\"https:\/\/agora.xtec.cat\/ieselsplanells\/general\/nou-curs-preparatori-per-a-la-incorporacio-als-cicles-formatius-de-grau-superior\/\" title=\"Read Nou curs preparatori per a la incorporaci\u00f3 als cicles formatius de grau superior\">Llegeix m\u00e9s\u00bb<\/a><\/p>\n","protected":false},"author":1,"featured_media":1145,"comment_status":"open","ping_status":"open","sticky":false,"template":"","format":"standard","meta":{"_bbp_topic_count":0,"_bbp_reply_count":0,"_bbp_total_topic_count":0,"_bbp_total_reply_count":0,"_bbp_voice_count":0,"_bbp_anonymous_reply_count":0,"_bbp_topic_count_hidden":0,"_bbp_reply_count_hidden":0,"_bbp_forum_subforum_count":0,"footnotes":""},"categories":[330,1,29],"tags":[69,66],"class_list":["post-1146","post","type-post","status-publish","format-standard","has-post-thumbnail","hentry","category-curs1617","category-general","category-portada","tag-cicles","tag-orientacio"],"post_mailing_queue_ids":[],"_links":{"self":[{"href":"https:\/\/agora.xtec.cat\/ieselsplanells\/wp-json\/wp\/v2\/posts\/1146","targetHints":{"allow":["GET"]}}],"collection":[{"href":"https:\/\/agora.xtec.cat\/ieselsplanells\/wp-json\/wp\/v2\/posts"}],"about":[{"href":"https:\/\/agora.xtec.cat\/ieselsplanells\/wp-json\/wp\/v2\/types\/post"}],"author":[{"embeddable":true,"href":"https:\/\/agora.xtec.cat\/ieselsplanells\/wp-json\/wp\/v2\/users\/1"}],"replies":[{"embeddable":true,"href":"https:\/\/agora.xtec.cat\/ieselsplanells\/wp-json\/wp\/v2\/comments?post=1146"}],"version-history":[{"count":2,"href":"https:\/\/agora.xtec.cat\/ieselsplanells\/wp-json\/wp\/v2\/posts\/1146\/revisions"}],"predecessor-version":[{"id":1212,"href":"https:\/\/agora.xtec.cat\/ieselsplanells\/wp-json\/wp\/v2\/posts\/1146\/revisions\/1212"}],"wp:featuredmedia":[{"embeddable":true,"href":"https:\/\/agora.xtec.cat\/ieselsplanells\/wp-json\/wp\/v2\/media\/1145"}],"wp:attachment":[{"href":"https:\/\/agora.xtec.cat\/ieselsplanells\/wp-json\/wp\/v2\/media?parent=1146"}],"wp:term":[{"taxonomy":"category","embeddable":true,"href":"https:\/\/agora.xtec.cat\/ieselsplanells\/wp-json\/wp\/v2\/categories?post=1146"},{"taxonomy":"post_tag","embeddable":true,"href":"https:\/\/agora.xtec.cat\/ieselsplanells\/wp-json\/wp\/v2\/tags?post=1146"}],"curies":[{"name":"wp","href":"https:\/\/api.w.org\/{rel}","templated":true}]}}