{"id":11412,"date":"2019-11-11T11:03:20","date_gmt":"2019-11-11T10:03:20","guid":{"rendered":"http:\/\/agora.xtec.cat\/ieselsplanells\/?p=11412"},"modified":"2021-09-10T12:30:44","modified_gmt":"2021-09-10T10:30:44","slug":"reunio-families-estada-a-irlanda","status":"publish","type":"post","link":"https:\/\/agora.xtec.cat\/ieselsplanells\/general\/reunio-families-estada-a-irlanda\/","title":{"rendered":"Reuni\u00f3 fam\u00edlies estada a Irlanda"},"content":{"rendered":"<p style=\"text-align: justify;\">El proper dimecres, 13 de novembre, a dos quarts de vuit del vespre tindr\u00e0 lloc a l&#8217;institut una reuni\u00f3 informativa per tal de donar les darreres indicacions sobre el viatge i l&#8217;estada d&#8217;immersi\u00f3 ling\u00fc\u00edstica a Galway (Irlanda).<\/p>\n<p style=\"text-align: justify;\">La reuni\u00f3 \u00e9s tant per a les fam\u00edlies com per a l&#8217;alumnat que participa en l&#8217;estada.<\/p>\n<p style=\"text-align: justify;\">Us deixem l&#8217;enlla\u00e7 a la presentaci\u00f3 que utilitzarem com a suport durant la reuni\u00f3 i el llibret informatiu que els donarem als nois i noies que prenen part en aquesta activitat.<\/p>\n<p><a href=\"https:\/\/agora.xtec.cat\/ieselsplanells\/wp-content\/uploads\/usu1160\/bp-attachments\/11415\/Galway-2019.pdf\" target=\"_blank\" rel=\"noopener noreferrer\">Galway 2019<\/a><\/p>\n<p><a href=\"https:\/\/agora.xtec.cat\/ieselsplanells\/wp-content\/uploads\/usu1160\/2019\/11\/llibret_Galway_2019.pdf\" target=\"_blank\" rel=\"noopener noreferrer\">Llibret Galway 2019<\/a><\/p>\n<p><a href=\"https:\/\/agora.xtec.cat\/ieselsplanells\/wp-content\/uploads\/usu1160\/2019\/11\/Screenshot-2019-11-08-23.06.16.png\"><img loading=\"lazy\" decoding=\"async\" class=\"alignleft size-full wp-image-11419\" src=\"https:\/\/agora.xtec.cat\/ieselsplanells\/wp-content\/uploads\/usu1160\/2019\/11\/Screenshot-2019-11-08-23.06.16.png\" alt=\"\" width=\"1435\" height=\"1073\" srcset=\"https:\/\/agora.xtec.cat\/ieselsplanells\/wp-content\/uploads\/usu1160\/2019\/11\/Screenshot-2019-11-08-23.06.16.png 1435w, https:\/\/agora.xtec.cat\/ieselsplanells\/wp-content\/uploads\/usu1160\/2019\/11\/Screenshot-2019-11-08-23.06.16-300x224.png 300w, https:\/\/agora.xtec.cat\/ieselsplanells\/wp-content\/uploads\/usu1160\/2019\/11\/Screenshot-2019-11-08-23.06.16-768x574.png 768w, https:\/\/agora.xtec.cat\/ieselsplanells\/wp-content\/uploads\/usu1160\/2019\/11\/Screenshot-2019-11-08-23.06.16-1024x766.png 1024w, https:\/\/agora.xtec.cat\/ieselsplanells\/wp-content\/uploads\/usu1160\/2019\/11\/Screenshot-2019-11-08-23.06.16-200x150.png 200w\" sizes=\"auto, (max-width: 1435px) 100vw, 1435px\" \/><\/a><\/p>\n","protected":false},"excerpt":{"rendered":"<p>El proper dimecres, 13 de novembre, a dos quarts de vuit del vespre tindr\u00e0 lloc a l&#8217;institut una reuni\u00f3 informativa per tal de donar les darreres indicacions sobre el viatge i l&#8217;estada d&#8217;immersi\u00f3 ling\u00fc\u00edstica a Galway (Irlanda).<br \/>\nLa reuni\u00f3 \u00e9s tant per a les fam\u00edlies com&hellip;  <a href=\"https:\/\/agora.xtec.cat\/ieselsplanells\/general\/reunio-families-estada-a-irlanda\/\" title=\"Read Reuni\u00f3 fam\u00edlies estada a Irlanda\">Llegeix m\u00e9s\u00bb<\/a><\/p>\n","protected":false},"author":1,"featured_media":11419,"comment_status":"open","ping_status":"closed","sticky":false,"template":"","format":"standard","meta":{"_bbp_topic_count":0,"_bbp_reply_count":0,"_bbp_total_topic_count":0,"_bbp_total_reply_count":0,"_bbp_voice_count":0,"_bbp_anonymous_reply_count":0,"_bbp_topic_count_hidden":0,"_bbp_reply_count_hidden":0,"_bbp_forum_subforum_count":0,"footnotes":""},"categories":[453,371,1,29],"tags":[379,382,310],"class_list":["post-11412","post","type-post","status-publish","format-standard","has-post-thumbnail","hentry","category-curs-2019-2020","category-galway2019blog","category-general","category-portada","tag-2019-2020","tag-galway-2019","tag-gep"],"post_mailing_queue_ids":[],"_links":{"self":[{"href":"https:\/\/agora.xtec.cat\/ieselsplanells\/wp-json\/wp\/v2\/posts\/11412","targetHints":{"allow":["GET"]}}],"collection":[{"href":"https:\/\/agora.xtec.cat\/ieselsplanells\/wp-json\/wp\/v2\/posts"}],"about":[{"href":"https:\/\/agora.xtec.cat\/ieselsplanells\/wp-json\/wp\/v2\/types\/post"}],"author":[{"embeddable":true,"href":"https:\/\/agora.xtec.cat\/ieselsplanells\/wp-json\/wp\/v2\/users\/1"}],"replies":[{"embeddable":true,"href":"https:\/\/agora.xtec.cat\/ieselsplanells\/wp-json\/wp\/v2\/comments?post=11412"}],"version-history":[{"count":3,"href":"https:\/\/agora.xtec.cat\/ieselsplanells\/wp-json\/wp\/v2\/posts\/11412\/revisions"}],"predecessor-version":[{"id":11424,"href":"https:\/\/agora.xtec.cat\/ieselsplanells\/wp-json\/wp\/v2\/posts\/11412\/revisions\/11424"}],"wp:featuredmedia":[{"embeddable":true,"href":"https:\/\/agora.xtec.cat\/ieselsplanells\/wp-json\/wp\/v2\/media\/11419"}],"wp:attachment":[{"href":"https:\/\/agora.xtec.cat\/ieselsplanells\/wp-json\/wp\/v2\/media?parent=11412"}],"wp:term":[{"taxonomy":"category","embeddable":true,"href":"https:\/\/agora.xtec.cat\/ieselsplanells\/wp-json\/wp\/v2\/categories?post=11412"},{"taxonomy":"post_tag","embeddable":true,"href":"https:\/\/agora.xtec.cat\/ieselsplanells\/wp-json\/wp\/v2\/tags?post=11412"}],"curies":[{"name":"wp","href":"https:\/\/api.w.org\/{rel}","templated":true}]}}