{"id":10481,"date":"2019-02-22T12:38:50","date_gmt":"2019-02-22T11:38:50","guid":{"rendered":"http:\/\/agora.xtec.cat\/ieselsplanells\/?p=10481"},"modified":"2019-09-02T13:35:19","modified_gmt":"2019-09-02T11:35:19","slug":"ads-15-guanya-la-fll-lleida-2019","status":"publish","type":"post","link":"https:\/\/agora.xtec.cat\/ieselsplanells\/general\/ads-15-guanya-la-fll-lleida-2019\/","title":{"rendered":"Els ADS-15 guanyen la FLL LLeida 2019"},"content":{"rendered":"<p style=\"text-align: justify;\">Aquest dissabte 16 de febrer ens vam aplegar un any m\u00e9s a l&#8217;Escola Polit\u00e8cnica Superior de la UdL per a celebrar la First Lego League de Lleida. El nostre centre, representat per l&#8217;equip <a href=\"https:\/\/www.instagram.com\/ads__15\/\" target=\"_blank\" rel=\"noopener noreferrer\"><em>ADS-15<\/em><\/a> de 4t d&#8217;ESO, es va endur el Primer Premi Fundaci\u00f3 Scentia al guanyador en aquesta vuitena edici\u00f3.<\/p>\n<p style=\"text-align: justify;\">Al concurs hi van participar m\u00e9s de 300 alumnes de 32 escoles, s\u00edmptoma de la bona salut de la trobada i de la bona feina dels organitzadors. El nostre equip va comptar en tot moment amb l&#8217;escalfor de familiars, amics i professors, un dels millors aspectes de l&#8217;experi\u00e8ncia FLL.<\/p>\n<p style=\"text-align: justify;\">L&#8217;edici\u00f3 d\u2019aquest any,\u00a0<a href=\"http:\/\/www.firstlegoleague.cl\/desafio\/2018-into-orbit\" target=\"_blank\" rel=\"noopener noreferrer\"><em>Into Orbit<\/em><\/a>, proposava explorar la vida i el viatge espacial. Els <em><strong>ADS-15<\/strong><\/em> van portar un original projecte per a qu\u00e8 els astronautes puguin menjar pa a l&#8217;espai.<\/p>\n<p style=\"text-align: justify;\"><a href=\"https:\/\/agora.xtec.cat\/ieselsplanells\/wp-content\/uploads\/usu1160\/2019\/02\/ADS-15.png\"><img loading=\"lazy\" decoding=\"async\" class=\"alignnone size-large wp-image-10484\" src=\"https:\/\/agora.xtec.cat\/ieselsplanells\/wp-content\/uploads\/usu1160\/2019\/02\/ADS-15-1024x709.png\" alt=\"\" width=\"1024\" height=\"709\" srcset=\"https:\/\/agora.xtec.cat\/ieselsplanells\/wp-content\/uploads\/usu1160\/2019\/02\/ADS-15-1024x709.png 1024w, https:\/\/agora.xtec.cat\/ieselsplanells\/wp-content\/uploads\/usu1160\/2019\/02\/ADS-15-300x208.png 300w, https:\/\/agora.xtec.cat\/ieselsplanells\/wp-content\/uploads\/usu1160\/2019\/02\/ADS-15-768x532.png 768w, https:\/\/agora.xtec.cat\/ieselsplanells\/wp-content\/uploads\/usu1160\/2019\/02\/ADS-15.png 1040w\" sizes=\"auto, (max-width: 1024px) 100vw, 1024px\" \/><\/a><\/p>\n<p style=\"text-align: justify;\">L&#8217;engrescadora exposici\u00f3 del projecte, juntament amb el comportament del robot en les tres rondes que es van disputar, va permetre als <strong><em>ADS-15 <\/em><\/strong>convertir-se en guanyadors del certamen<em>, <\/em>que garanteix el passi a la final estatal que tindr\u00e0 lloc a Tenerife els dies 23 i 24 de mar\u00e7. L&#8217;equip <a href=\"http:\/\/www.firstlegoleague.udl.cat\/export\/sites\/FirstLego\/ca\/.galleries\/Imatges\/Epic-Lego-Bulls.png\" target=\"_blank\" rel=\"noopener noreferrer\">Epic Lego Bulls<\/a> (La Salle, Mollerussa) va rebre el segon premi i tamb\u00e9 representar\u00e0 a Lleida en la final.<\/p>\n<p style=\"text-align: justify;\">Des d&#8217;aqu\u00ed volem felicitar a tots els participants, a l&#8217;organitzaci\u00f3, als acompanyants i, sobretot, als entrenadors, Jordi Trilla i Montse Miralles, que amb la seva feina incansable i el seu saber fer, aconsegueixen any rere any esperonar el talent del nostre alumnat.<\/p>\n<p style=\"text-align: justify;\">A continuaci\u00f3 us deixem un enlla\u00e7 a la galeria fotogr\u00e0fica d&#8217;aquell dia i un v\u00eddeo resum.<\/p>\n<p><a title=\"First Lego League Lleida 2019\" href=\"https:\/\/www.flickr.com\/photos\/139314423@N05\/albums\/72157689796871143\" data-flickr-embed=\"true\"><img decoding=\"async\" src=\"https:\/\/farm8.staticflickr.com\/7881\/32192840127_a649f52859_z.jpg\" alt=\"First Lego League Lleida 2019\" \/><\/a><script async=\"\" src=\"\/\/embedr.flickr.com\/assets\/client-code.js\" charset=\"utf-8\"><\/script><\/p>\n<p><iframe loading=\"lazy\" src=\"https:\/\/www.youtube.com\/embed\/0ACgL9wvcrI\" width=\"560\" height=\"315\" frameborder=\"0\" allowfullscreen=\"allowfullscreen\"><\/iframe><\/p>\n","protected":false},"excerpt":{"rendered":"<p>Jornada de la FLL Lleida 2019&hellip;  <a href=\"https:\/\/agora.xtec.cat\/ieselsplanells\/general\/ads-15-guanya-la-fll-lleida-2019\/\" title=\"Read Els ADS-15 guanyen la FLL LLeida 2019\">Llegeix m\u00e9s\u00bb<\/a><\/p>\n","protected":false},"author":4,"featured_media":10482,"comment_status":"open","ping_status":"closed","sticky":false,"template":"","format":"standard","meta":{"_bbp_topic_count":0,"_bbp_reply_count":0,"_bbp_total_topic_count":0,"_bbp_total_reply_count":0,"_bbp_voice_count":0,"_bbp_anonymous_reply_count":0,"_bbp_topic_count_hidden":0,"_bbp_reply_count_hidden":0,"_bbp_forum_subforum_count":0,"footnotes":""},"categories":[238,104,370,1,29,176],"tags":[],"class_list":["post-10481","post","type-post","status-publish","format-standard","has-post-thumbnail","hentry","category-4t-eso","category-concursos","category-curs-2018-2019","category-general","category-portada","category-tecno"],"post_mailing_queue_ids":[],"_links":{"self":[{"href":"https:\/\/agora.xtec.cat\/ieselsplanells\/wp-json\/wp\/v2\/posts\/10481","targetHints":{"allow":["GET"]}}],"collection":[{"href":"https:\/\/agora.xtec.cat\/ieselsplanells\/wp-json\/wp\/v2\/posts"}],"about":[{"href":"https:\/\/agora.xtec.cat\/ieselsplanells\/wp-json\/wp\/v2\/types\/post"}],"author":[{"embeddable":true,"href":"https:\/\/agora.xtec.cat\/ieselsplanells\/wp-json\/wp\/v2\/users\/4"}],"replies":[{"embeddable":true,"href":"https:\/\/agora.xtec.cat\/ieselsplanells\/wp-json\/wp\/v2\/comments?post=10481"}],"version-history":[{"count":3,"href":"https:\/\/agora.xtec.cat\/ieselsplanells\/wp-json\/wp\/v2\/posts\/10481\/revisions"}],"predecessor-version":[{"id":10842,"href":"https:\/\/agora.xtec.cat\/ieselsplanells\/wp-json\/wp\/v2\/posts\/10481\/revisions\/10842"}],"wp:featuredmedia":[{"embeddable":true,"href":"https:\/\/agora.xtec.cat\/ieselsplanells\/wp-json\/wp\/v2\/media\/10482"}],"wp:attachment":[{"href":"https:\/\/agora.xtec.cat\/ieselsplanells\/wp-json\/wp\/v2\/media?parent=10481"}],"wp:term":[{"taxonomy":"category","embeddable":true,"href":"https:\/\/agora.xtec.cat\/ieselsplanells\/wp-json\/wp\/v2\/categories?post=10481"},{"taxonomy":"post_tag","embeddable":true,"href":"https:\/\/agora.xtec.cat\/ieselsplanells\/wp-json\/wp\/v2\/tags?post=10481"}],"curies":[{"name":"wp","href":"https:\/\/api.w.org\/{rel}","templated":true}]}}