{"id":10423,"date":"2019-01-14T13:23:00","date_gmt":"2019-01-14T12:23:00","guid":{"rendered":"http:\/\/agora.xtec.cat\/ieselsplanells\/?p=10423"},"modified":"2019-09-02T13:35:19","modified_gmt":"2019-09-02T11:35:19","slug":"30e-premi-de-narrativa-breu-dartesa-de-segre","status":"publish","type":"post","link":"https:\/\/agora.xtec.cat\/ieselsplanells\/portada\/30e-premi-de-narrativa-breu-dartesa-de-segre\/","title":{"rendered":"30\u00e8 Premi de Narrativa Breu d&#8217;Artesa de Segre"},"content":{"rendered":"<p style=\"text-align: justify;\">Com ja es tradici\u00f3, la Biblioteca Joan Maluquer i Viladot i l\u2019Ajuntament d\u2019Artesa de Segre convoquen el <strong>30\u00e8 Premi de Narrativa Breu<\/strong>.<\/p>\n<p style=\"text-align: justify;\">El concurs de Narrativa Breu \u00e9s un premi anual. Les obres participants han de ser en catal\u00e0, in\u00e8dites i originals, i s\u2019han de presentar d\u2019acord amb les condicions establertes en les bases.<\/p>\n<p style=\"text-align: justify;\">A continuaci\u00f3 us deixem l&#8217;enlla\u00e7 a la web de la biblioteca on podreu consultar les <a href=\"http:\/\/bibliotecaartesadesegre.blogspot.com\/2019\/01\/30e-premi-de-narrativa-breu.html\" target=\"_blank\" rel=\"noopener noreferrer\">bases<\/a>.<\/p>\n","protected":false},"excerpt":{"rendered":"<p>Informaci\u00f3 sobre el 30\u00e8 Premi de Narrativa Breu d&#8217;Artesa de Segre&hellip;  <a href=\"https:\/\/agora.xtec.cat\/ieselsplanells\/portada\/30e-premi-de-narrativa-breu-dartesa-de-segre\/\" title=\"Read 30\u00e8 Premi de Narrativa Breu d&#8217;Artesa de Segre\">Llegeix m\u00e9s\u00bb<\/a><\/p>\n","protected":false},"author":4,"featured_media":10424,"comment_status":"open","ping_status":"closed","sticky":false,"template":"","format":"standard","meta":{"_bbp_topic_count":0,"_bbp_reply_count":0,"_bbp_total_topic_count":0,"_bbp_total_reply_count":0,"_bbp_voice_count":0,"_bbp_anonymous_reply_count":0,"_bbp_topic_count_hidden":0,"_bbp_reply_count_hidden":0,"_bbp_forum_subforum_count":0,"footnotes":""},"categories":[169,370,81,29],"tags":[],"class_list":["post-10423","post","type-post","status-publish","format-standard","has-post-thumbnail","hentry","category-catala","category-curs-2018-2019","category-llengues","category-portada"],"post_mailing_queue_ids":[],"_links":{"self":[{"href":"https:\/\/agora.xtec.cat\/ieselsplanells\/wp-json\/wp\/v2\/posts\/10423","targetHints":{"allow":["GET"]}}],"collection":[{"href":"https:\/\/agora.xtec.cat\/ieselsplanells\/wp-json\/wp\/v2\/posts"}],"about":[{"href":"https:\/\/agora.xtec.cat\/ieselsplanells\/wp-json\/wp\/v2\/types\/post"}],"author":[{"embeddable":true,"href":"https:\/\/agora.xtec.cat\/ieselsplanells\/wp-json\/wp\/v2\/users\/4"}],"replies":[{"embeddable":true,"href":"https:\/\/agora.xtec.cat\/ieselsplanells\/wp-json\/wp\/v2\/comments?post=10423"}],"version-history":[{"count":3,"href":"https:\/\/agora.xtec.cat\/ieselsplanells\/wp-json\/wp\/v2\/posts\/10423\/revisions"}],"predecessor-version":[{"id":10844,"href":"https:\/\/agora.xtec.cat\/ieselsplanells\/wp-json\/wp\/v2\/posts\/10423\/revisions\/10844"}],"wp:featuredmedia":[{"embeddable":true,"href":"https:\/\/agora.xtec.cat\/ieselsplanells\/wp-json\/wp\/v2\/media\/10424"}],"wp:attachment":[{"href":"https:\/\/agora.xtec.cat\/ieselsplanells\/wp-json\/wp\/v2\/media?parent=10423"}],"wp:term":[{"taxonomy":"category","embeddable":true,"href":"https:\/\/agora.xtec.cat\/ieselsplanells\/wp-json\/wp\/v2\/categories?post=10423"},{"taxonomy":"post_tag","embeddable":true,"href":"https:\/\/agora.xtec.cat\/ieselsplanells\/wp-json\/wp\/v2\/tags?post=10423"}],"curies":[{"name":"wp","href":"https:\/\/api.w.org\/{rel}","templated":true}]}}