{"id":10082,"date":"2018-06-28T12:28:24","date_gmt":"2018-06-28T10:28:24","guid":{"rendered":"http:\/\/agora.xtec.cat\/ieselsplanells\/?p=10082"},"modified":"2019-09-02T13:36:57","modified_gmt":"2019-09-02T11:36:57","slug":"jove-revolucionaria","status":"publish","type":"post","link":"https:\/\/agora.xtec.cat\/ieselsplanells\/blogs-daula\/periodistes-planells\/jove-revolucionaria\/","title":{"rendered":"Jove revolucion\u00e0ria"},"content":{"rendered":"<p style=\"text-align: right;\">Alba Mart\u00ednez Alamillo<\/p>\n<p style=\"text-align: right;\">Dimecres, 23 de maig de 2018<\/p>\n<p>L\u2019Annabel Ricard \u00e9s una adolescent de 17 anys de Balaguer. T\u00e9 un compte que consisteix en publicacions feministes anomenat <em>@r3volucionfeminista<\/em>. T\u00e9 m\u00e9s de 48.000 seguidors (i els que queden).<\/p>\n<p><a href=\"http:\/\/agora.xtec.cat\/ieselsplanells\/wp-content\/uploads\/usu1160\/2018\/06\/Annabel-Ricart.jpg\"><img loading=\"lazy\" decoding=\"async\" class=\"wp-image-10083 alignleft\" src=\"http:\/\/agora.xtec.cat\/ieselsplanells\/wp-content\/uploads\/usu1160\/2018\/06\/Annabel-Ricart-576x1024.jpg\" alt=\"\" width=\"233\" height=\"414\" srcset=\"https:\/\/agora.xtec.cat\/ieselsplanells\/wp-content\/uploads\/usu1160\/2018\/06\/Annabel-Ricart-576x1024.jpg 576w, https:\/\/agora.xtec.cat\/ieselsplanells\/wp-content\/uploads\/usu1160\/2018\/06\/Annabel-Ricart-169x300.jpg 169w, https:\/\/agora.xtec.cat\/ieselsplanells\/wp-content\/uploads\/usu1160\/2018\/06\/Annabel-Ricart.jpg 750w\" sizes=\"auto, (max-width: 233px) 100vw, 233px\" \/><\/a><strong>Hola Annabel, qu\u00e8 tal est\u00e0s?<br \/>\n<\/strong>Estic una mica nerviosa, mai m\u2019han fet cap entrevista.<\/p>\n<p><strong>Tranquil\u00b7la, sempre hi ha un primer cop per a tot. Comencem: Com se\u2019t va oc\u00f3rrer la idea de crear-te un compte com aquest?<\/strong><\/p>\n<p>Sonar\u00e0 una mica malament, per\u00f2 arran d\u2019una violaci\u00f3 que va passar a principis d\u2019octubre de l\u2019any 2016 vaig comen\u00e7ar a parlar sobre aquest tema amb una amiga i, despr\u00e9s, va sortir el feminisme. Total, que va sorgir la idea i al dia seg\u00fcent ja tenia l\u2019Instagram creat.<\/p>\n<p><strong>I qu\u00e8 n\u2019opinen els teus pares?<\/strong><\/p>\n<p>No puc mentir, no? Se\u2019n van adonar fa ben poc. El meu pare em va dir que deix\u00e9s de perdre el temps perqu\u00e8 no arreglaria res i que havia de deixar de ser \u201ctant radical\u201d. A la meva mare li va semblar b\u00e9, per\u00f2 suposo que ja s\u2019ho esperava perqu\u00e8 cada vegada que sortien not\u00edcies relacionades en feia algun comentari.<\/p>\n<p><strong>Com vas reaccionar en veure la crescuda tan forta de seguidors?<\/strong><\/p>\n<p>Doncs, sincerament, mai pensava que podia arribar a 48 mil seguidors. \u00c9s a dir, al principi, nom\u00e9s em seguien amics i gent coneguda i en veure que anava creixent va ser un: \u201cpotser s\u00ed que puc conscienciar des d\u2019aqu\u00ed la gent\u201d.<\/p>\n<p><strong>I quant temps creus que seguir\u00e0 obert el teu compte?<\/strong><\/p>\n<p>Per part meva, fins que no hi hagi la igualtat real.<\/p>\n<p><strong>Creus que has ajudat la gent del teu entorn? Com?<\/strong><\/p>\n<p>\u00c9s de l\u00f2gica que la lluita es fa al carrer per\u00f2, gr\u00e0cies a Internet, es parla d\u2019aix\u00f2 i se\u2019n consciencia, o sigui que tot comen\u00e7a per fer veure que les violacions, els assetjaments, el fet que facin comentaris&#8230; \u00e9s dolent. Suposo que gr\u00e0cies a la p\u00e0gina s\u2019obren ments.<\/p>\n<p><strong>Per\u00f2 sempre ho has reconegut p\u00fablicament, als teus pares, amics, companys de classe, professors&#8230;?<\/strong><\/p>\n<p>Doncs, al principi, nom\u00e9s em seguien amics i amigues. Per\u00f2, a principis de 2017,em va comen\u00e7ar a seguir gent que veia a l\u2019institut per\u00f2 amb qui no tenia cap mena de relaci\u00f3 i va ser una mica vergony\u00f3s. Per\u00f2 despr\u00e9s ja va ser un: \u201cSuposo que en deuen ser conscients i no em seguiran per burla\u201d. Al mateix institut vaig penjar cartells de frases amb el nom del compte d\u2019Instagram. M&#8217;\u00e9s igual qui em segueixi mentre sigui per aix\u00f2.<\/p>\n<p><strong>Has conegut gent nova?<\/strong><\/p>\n<p>S\u00ed, he conegut gent i he de dir que he fet bones amistats. Encara avui parlo amb alguna noia, de fet, amb algunes, som inseparables, <em>del pal<\/em> que ens ho diem tot, hi ha molta confian\u00e7a.<\/p>\n<p style=\"text-align: left;\"><strong>Ha canviat d\u2019alguna forma el compte des del principi fins ara?\u00a0\u00a0\u00a0\u00a0\u00a0\u00a0\u00a0\u00a0\u00a0\u00a0\u00a0\u00a0\u00a0\u00a0\u00a0\u00a0\u00a0\u00a0\u00a0\u00a0\u00a0\u00a0\u00a0\u00a0\u00a0\u00a0\u00a0\u00a0 \u00a0\u00a0\u00a0\u00a0\u00a0\u00a0\u00a0\u00a0\u00a0\u00a0\u00a0<\/strong>\u00a0<strong>\u00a0\u00a0\u00a0\u00a0\u00a0\u00a0\u00a0\u00a0\u00a0\u00a0\u00a0\u00a0\u00a0\u00a0\u00a0\u00a0\u00a0\u00a0\u00a0\u00a0\u00a0\u00a0\u00a0\u00a0\u00a0\u00a0\u00a0 <\/strong><\/p>\n<p style=\"text-align: left;\">Doncs est\u00e0 clar que quan vaig crear l\u2019Instagram no sabia ni la meitat de coses que s\u00e9 ara ni hi reaccionava igual. Ara si sento algun comentari reacciono al moment i responc immediatament. Suposo que ha afectat al meu car\u00e0cter per\u00f2 de forma positiva.<\/p>\n<p><strong>I com a \u00faltima pregunta: T\u2019han parat alguna vegada pel carrer?<\/strong><\/p>\n<p>Parar-me, no, per\u00f2 s\u00ed que m\u2019ha passat que m\u2019han dit per privat a Instagram que m\u2019han vist a manifestacions per\u00f2 els ha fet cosa saludar-me en persona.<\/p>\n<p><strong>Molt\u00edssimes gr\u00e0cies Annabel, ha estat un plaer.<\/strong><\/p>\n<p>Que vagi b\u00e9, gr\u00e0cies per l\u2019entrevista!<\/p>\n<p style=\"text-align: right;\"><em>Ens Actualitzem<\/em><\/p>\n","protected":false},"excerpt":{"rendered":"<p>L\u2019Annabel Ricard \u00e9s una adolescent de 17 anys de Balaguer. T\u00e9 un compte que consisteix en publicacions feministes anomenat @r3volucionfeminista. T\u00e9 m\u00e9s de 48.000 seguidors ( i els que queden).&hellip;  <a href=\"https:\/\/agora.xtec.cat\/ieselsplanells\/blogs-daula\/periodistes-planells\/jove-revolucionaria\/\" title=\"Read Jove revolucion\u00e0ria\">Llegeix m\u00e9s\u00bb<\/a><\/p>\n","protected":false},"author":136,"featured_media":10083,"comment_status":"open","ping_status":"closed","sticky":false,"template":"","format":"standard","meta":{"_bbp_topic_count":0,"_bbp_reply_count":0,"_bbp_total_topic_count":0,"_bbp_total_reply_count":0,"_bbp_voice_count":0,"_bbp_anonymous_reply_count":0,"_bbp_topic_count_hidden":0,"_bbp_reply_count_hidden":0,"_bbp_forum_subforum_count":0,"footnotes":""},"categories":[353,344,340],"tags":[],"class_list":["post-10082","post","type-post","status-publish","format-standard","has-post-thumbnail","hentry","category-curs-2017-2018","category-entrevistes","category-periodistes-planells"],"post_mailing_queue_ids":[],"_links":{"self":[{"href":"https:\/\/agora.xtec.cat\/ieselsplanells\/wp-json\/wp\/v2\/posts\/10082","targetHints":{"allow":["GET"]}}],"collection":[{"href":"https:\/\/agora.xtec.cat\/ieselsplanells\/wp-json\/wp\/v2\/posts"}],"about":[{"href":"https:\/\/agora.xtec.cat\/ieselsplanells\/wp-json\/wp\/v2\/types\/post"}],"author":[{"embeddable":true,"href":"https:\/\/agora.xtec.cat\/ieselsplanells\/wp-json\/wp\/v2\/users\/136"}],"replies":[{"embeddable":true,"href":"https:\/\/agora.xtec.cat\/ieselsplanells\/wp-json\/wp\/v2\/comments?post=10082"}],"version-history":[{"count":3,"href":"https:\/\/agora.xtec.cat\/ieselsplanells\/wp-json\/wp\/v2\/posts\/10082\/revisions"}],"predecessor-version":[{"id":10096,"href":"https:\/\/agora.xtec.cat\/ieselsplanells\/wp-json\/wp\/v2\/posts\/10082\/revisions\/10096"}],"wp:featuredmedia":[{"embeddable":true,"href":"https:\/\/agora.xtec.cat\/ieselsplanells\/wp-json\/wp\/v2\/media\/10083"}],"wp:attachment":[{"href":"https:\/\/agora.xtec.cat\/ieselsplanells\/wp-json\/wp\/v2\/media?parent=10082"}],"wp:term":[{"taxonomy":"category","embeddable":true,"href":"https:\/\/agora.xtec.cat\/ieselsplanells\/wp-json\/wp\/v2\/categories?post=10082"},{"taxonomy":"post_tag","embeddable":true,"href":"https:\/\/agora.xtec.cat\/ieselsplanells\/wp-json\/wp\/v2\/tags?post=10082"}],"curies":[{"name":"wp","href":"https:\/\/api.w.org\/{rel}","templated":true}]}}