{"id":983,"date":"2018-02-20T18:34:59","date_gmt":"2018-02-20T17:34:59","guid":{"rendered":"http:\/\/agora.xtec.cat\/ieselspallaresos\/?p=983"},"modified":"2018-02-20T18:36:08","modified_gmt":"2018-02-20T17:36:08","slug":"dijous-gras-la-batucada-a-lescola-de-la-secuita","status":"publish","type":"post","link":"https:\/\/agora.xtec.cat\/ieselspallaresos\/general\/dijous-gras-la-batucada-a-lescola-de-la-secuita\/","title":{"rendered":"Dijous Gras, la Batucada a l&#8217;Escola de la Secuita!"},"content":{"rendered":"<p style=\"text-align: left\"><a href=\"http:\/\/agora.xtec.cat\/ieselspallaresos\/wp-content\/uploads\/usu652\/2018\/02\/IMG_20180208_101248-min.jpg\"><img loading=\"lazy\" decoding=\"async\" class=\"alignnone wp-image-984\" src=\"http:\/\/agora.xtec.cat\/ieselspallaresos\/wp-content\/uploads\/usu652\/2018\/02\/IMG_20180208_101248-min-1024x768.jpg\" alt=\"\" width=\"329\" height=\"247\" srcset=\"https:\/\/agora.xtec.cat\/ieselspallaresos\/wp-content\/uploads\/usu652\/2018\/02\/IMG_20180208_101248-min-1024x768.jpg 1024w, https:\/\/agora.xtec.cat\/ieselspallaresos\/wp-content\/uploads\/usu652\/2018\/02\/IMG_20180208_101248-min-300x225.jpg 300w, https:\/\/agora.xtec.cat\/ieselspallaresos\/wp-content\/uploads\/usu652\/2018\/02\/IMG_20180208_101248-min-768x576.jpg 768w, https:\/\/agora.xtec.cat\/ieselspallaresos\/wp-content\/uploads\/usu652\/2018\/02\/IMG_20180208_101248-min-200x150.jpg 200w\" sizes=\"auto, (max-width: 329px) 100vw, 329px\" \/><\/a><a href=\"http:\/\/agora.xtec.cat\/ieselspallaresos\/wp-content\/uploads\/usu652\/2018\/02\/IMG_20180208_100541-min.jpg\"><img loading=\"lazy\" decoding=\"async\" class=\"wp-image-985 alignleft\" src=\"http:\/\/agora.xtec.cat\/ieselspallaresos\/wp-content\/uploads\/usu652\/2018\/02\/IMG_20180208_100541-min-1024x768.jpg\" alt=\"\" width=\"211\" height=\"158\" srcset=\"https:\/\/agora.xtec.cat\/ieselspallaresos\/wp-content\/uploads\/usu652\/2018\/02\/IMG_20180208_100541-min-1024x768.jpg 1024w, https:\/\/agora.xtec.cat\/ieselspallaresos\/wp-content\/uploads\/usu652\/2018\/02\/IMG_20180208_100541-min-300x225.jpg 300w, https:\/\/agora.xtec.cat\/ieselspallaresos\/wp-content\/uploads\/usu652\/2018\/02\/IMG_20180208_100541-min-768x576.jpg 768w, https:\/\/agora.xtec.cat\/ieselspallaresos\/wp-content\/uploads\/usu652\/2018\/02\/IMG_20180208_100541-min-200x150.jpg 200w\" sizes=\"auto, (max-width: 211px) 100vw, 211px\" \/><\/a><a href=\"http:\/\/agora.xtec.cat\/ieselspallaresos\/wp-content\/uploads\/usu652\/2018\/02\/IMG_20180208_100234-min.jpg\"><img loading=\"lazy\" decoding=\"async\" class=\"wp-image-986 alignright\" src=\"http:\/\/agora.xtec.cat\/ieselspallaresos\/wp-content\/uploads\/usu652\/2018\/02\/IMG_20180208_100234-min-1024x768.jpg\" alt=\"\" width=\"211\" height=\"158\" srcset=\"https:\/\/agora.xtec.cat\/ieselspallaresos\/wp-content\/uploads\/usu652\/2018\/02\/IMG_20180208_100234-min-1024x768.jpg 1024w, https:\/\/agora.xtec.cat\/ieselspallaresos\/wp-content\/uploads\/usu652\/2018\/02\/IMG_20180208_100234-min-300x225.jpg 300w, https:\/\/agora.xtec.cat\/ieselspallaresos\/wp-content\/uploads\/usu652\/2018\/02\/IMG_20180208_100234-min-768x576.jpg 768w, https:\/\/agora.xtec.cat\/ieselspallaresos\/wp-content\/uploads\/usu652\/2018\/02\/IMG_20180208_100234-min-200x150.jpg 200w\" sizes=\"auto, (max-width: 211px) 100vw, 211px\" \/><\/a><\/p>\n<p style=\"text-align: left\">Dijous Gras va ser l&#8217;Escola Guillem de Claramunt la que va visitar la Batucada dels alumnes de 4t de l&#8217;Institut amb els seus surdos i instruments.<\/p>\n<p style=\"text-align: left\">De bon mat\u00ed, i per sorpresa dels alumnes de l&#8217;escola, la batucada va irrompre per les classes per despr\u00e9s concentrar a tots els nois i noies al gimn\u00e0s i fer-los ballar a ritme de batuca.<\/p>\n<p style=\"text-align: left\">V\u00e0rem fer una visita tamb\u00e9 als alumnes de la llar d&#8217;Infants.<\/p>\n<p style=\"text-align: left\">Us deixem unes fotos per qu\u00e8 us feu una idea.<\/p>\n","protected":false},"excerpt":{"rendered":"<p>Dijous Gras va ser l&#8217;Escola Guillem de Claramunt la que va visitar la Batucada dels alumnes de 4t de l&#8217;Institut amb els seus surdos i instruments. De bon mat\u00ed, i per sorpresa dels alumnes de l&#8217;escola, la batucada va irrompre per les classes per despr\u00e9s concentrar a tots els nois i noies al gimn\u00e0s i [&hellip;]<\/p>\n","protected":false},"author":13,"featured_media":0,"comment_status":"open","ping_status":"closed","sticky":false,"template":"","format":"standard","meta":{"_bbp_topic_count":0,"_bbp_reply_count":0,"_bbp_total_topic_count":0,"_bbp_total_reply_count":0,"_bbp_voice_count":0,"_bbp_anonymous_reply_count":0,"_bbp_topic_count_hidden":0,"_bbp_reply_count_hidden":0,"_bbp_forum_subforum_count":0,"site-sidebar-layout":"default","site-content-layout":"","ast-site-content-layout":"","site-content-style":"default","site-sidebar-style":"default","ast-global-header-display":"","ast-banner-title-visibility":"","ast-main-header-display":"","ast-hfb-above-header-display":"","ast-hfb-below-header-display":"","ast-hfb-mobile-header-display":"","site-post-title":"","ast-breadcrumbs-content":"","ast-featured-img":"","footer-sml-layout":"","theme-transparent-header-meta":"","adv-header-id-meta":"","stick-header-meta":"","header-above-stick-meta":"","header-main-stick-meta":"","header-below-stick-meta":"","astra-migrate-meta-layouts":"default","ast-page-background-enabled":"default","ast-page-background-meta":{"desktop":{"background-color":"var(--ast-global-color-4)","background-image":"","background-repeat":"repeat","background-position":"center center","background-size":"auto","background-attachment":"scroll","background-type":"","background-media":"","overlay-type":"","overlay-color":"","overlay-opacity":"","overlay-gradient":""},"tablet":{"background-color":"","background-image":"","background-repeat":"repeat","background-position":"center center","background-size":"auto","background-attachment":"scroll","background-type":"","background-media":"","overlay-type":"","overlay-color":"","overlay-opacity":"","overlay-gradient":""},"mobile":{"background-color":"","background-image":"","background-repeat":"repeat","background-position":"center center","background-size":"auto","background-attachment":"scroll","background-type":"","background-media":"","overlay-type":"","overlay-color":"","overlay-opacity":"","overlay-gradient":""}},"ast-content-background-meta":{"desktop":{"background-color":"var(--ast-global-color-5)","background-image":"","background-repeat":"repeat","background-position":"center center","background-size":"auto","background-attachment":"scroll","background-type":"","background-media":"","overlay-type":"","overlay-color":"","overlay-opacity":"","overlay-gradient":""},"tablet":{"background-color":"var(--ast-global-color-5)","background-image":"","background-repeat":"repeat","background-position":"center center","background-size":"auto","background-attachment":"scroll","background-type":"","background-media":"","overlay-type":"","overlay-color":"","overlay-opacity":"","overlay-gradient":""},"mobile":{"background-color":"var(--ast-global-color-5)","background-image":"","background-repeat":"repeat","background-position":"center center","background-size":"auto","background-attachment":"scroll","background-type":"","background-media":"","overlay-type":"","overlay-color":"","overlay-opacity":"","overlay-gradient":""}},"footnotes":""},"categories":[74,1,29],"tags":[],"class_list":["post-983","post","type-post","status-publish","format-standard","hentry","category-fotos","category-general","category-portada"],"post_mailing_queue_ids":[],"_links":{"self":[{"href":"https:\/\/agora.xtec.cat\/ieselspallaresos\/wp-json\/wp\/v2\/posts\/983","targetHints":{"allow":["GET"]}}],"collection":[{"href":"https:\/\/agora.xtec.cat\/ieselspallaresos\/wp-json\/wp\/v2\/posts"}],"about":[{"href":"https:\/\/agora.xtec.cat\/ieselspallaresos\/wp-json\/wp\/v2\/types\/post"}],"author":[{"embeddable":true,"href":"https:\/\/agora.xtec.cat\/ieselspallaresos\/wp-json\/wp\/v2\/users\/13"}],"replies":[{"embeddable":true,"href":"https:\/\/agora.xtec.cat\/ieselspallaresos\/wp-json\/wp\/v2\/comments?post=983"}],"version-history":[{"count":4,"href":"https:\/\/agora.xtec.cat\/ieselspallaresos\/wp-json\/wp\/v2\/posts\/983\/revisions"}],"predecessor-version":[{"id":992,"href":"https:\/\/agora.xtec.cat\/ieselspallaresos\/wp-json\/wp\/v2\/posts\/983\/revisions\/992"}],"wp:attachment":[{"href":"https:\/\/agora.xtec.cat\/ieselspallaresos\/wp-json\/wp\/v2\/media?parent=983"}],"wp:term":[{"taxonomy":"category","embeddable":true,"href":"https:\/\/agora.xtec.cat\/ieselspallaresos\/wp-json\/wp\/v2\/categories?post=983"},{"taxonomy":"post_tag","embeddable":true,"href":"https:\/\/agora.xtec.cat\/ieselspallaresos\/wp-json\/wp\/v2\/tags?post=983"}],"curies":[{"name":"wp","href":"https:\/\/api.w.org\/{rel}","templated":true}]}}