{"id":925,"date":"2018-01-05T15:51:03","date_gmt":"2018-01-05T14:51:03","guid":{"rendered":"http:\/\/agora.xtec.cat\/ieselspallaresos\/?p=925"},"modified":"2018-01-05T15:52:09","modified_gmt":"2018-01-05T14:52:09","slug":"cantada-de-nadales-2018","status":"publish","type":"post","link":"https:\/\/agora.xtec.cat\/ieselspallaresos\/general\/cantada-de-nadales-2018\/","title":{"rendered":"Cantada de Nadales 2018"},"content":{"rendered":"<p><a href=\"http:\/\/agora.xtec.cat\/ieselspallaresos\/wp-content\/uploads\/usu652\/2018\/01\/IMG_20171220_122532-min.jpg\"><img loading=\"lazy\" decoding=\"async\" class=\"alignnone size-large wp-image-930\" src=\"http:\/\/agora.xtec.cat\/ieselspallaresos\/wp-content\/uploads\/usu652\/2018\/01\/IMG_20171220_122532-min-1024x768.jpg\" alt=\"\" width=\"1024\" height=\"768\" srcset=\"https:\/\/agora.xtec.cat\/ieselspallaresos\/wp-content\/uploads\/usu652\/2018\/01\/IMG_20171220_122532-min-1024x768.jpg 1024w, https:\/\/agora.xtec.cat\/ieselspallaresos\/wp-content\/uploads\/usu652\/2018\/01\/IMG_20171220_122532-min-300x225.jpg 300w, https:\/\/agora.xtec.cat\/ieselspallaresos\/wp-content\/uploads\/usu652\/2018\/01\/IMG_20171220_122532-min-768x576.jpg 768w, https:\/\/agora.xtec.cat\/ieselspallaresos\/wp-content\/uploads\/usu652\/2018\/01\/IMG_20171220_122532-min-200x150.jpg 200w\" sizes=\"auto, (max-width: 1024px) 100vw, 1024px\" \/><\/a>Aquesta darrera setmana de trimestre, un important nombre d&#8217;alumnes de 1r de BAT, s&#8217;han preparat unes quantes Nadales juntament amb els profes de m\u00fasica per tal d&#8217;anar-les a cantar a la darrera setmana de classes.<\/p>\n<p>Dimecres 20, es va fer un &#8220;tour&#8221; per la Llar de Colors, la Llar-Resid\u00e8ncia d&#8217;avis &#8220;Nostrellar&#8221; i per \u00faltim l&#8217;escola Sant Sebasti\u00e0. Cantaires i oients han estat contents de compartir caliu en aquestes dates i fer comunitat.<\/p>\n<p>Divendres 22, per completar l&#8217;activitat, es va anar a l&#8217;Escola Arquitecte Jujol i per \u00faltim es va cantar juntament amb els professors a la festa de Nadal de l&#8217;Institut.<\/p>\n<p>Us deixem unes fotos que s\u00f3n testimoni.<a href=\"http:\/\/agora.xtec.cat\/ieselspallaresos\/wp-content\/uploads\/usu652\/2018\/01\/DSC03248-min.jpg\"><img loading=\"lazy\" decoding=\"async\" class=\"alignnone size-large wp-image-928\" src=\"http:\/\/agora.xtec.cat\/ieselspallaresos\/wp-content\/uploads\/usu652\/2018\/01\/DSC03248-min-1024x768.jpg\" alt=\"\" width=\"1024\" height=\"768\" srcset=\"https:\/\/agora.xtec.cat\/ieselspallaresos\/wp-content\/uploads\/usu652\/2018\/01\/DSC03248-min-1024x768.jpg 1024w, https:\/\/agora.xtec.cat\/ieselspallaresos\/wp-content\/uploads\/usu652\/2018\/01\/DSC03248-min-300x225.jpg 300w, https:\/\/agora.xtec.cat\/ieselspallaresos\/wp-content\/uploads\/usu652\/2018\/01\/DSC03248-min-768x576.jpg 768w, https:\/\/agora.xtec.cat\/ieselspallaresos\/wp-content\/uploads\/usu652\/2018\/01\/DSC03248-min-200x150.jpg 200w\" sizes=\"auto, (max-width: 1024px) 100vw, 1024px\" \/><\/a> <a href=\"http:\/\/agora.xtec.cat\/ieselspallaresos\/wp-content\/uploads\/usu652\/2018\/01\/IMG-20171222-WA0021-min.jpg\"><img loading=\"lazy\" decoding=\"async\" class=\"alignnone size-large wp-image-926\" src=\"http:\/\/agora.xtec.cat\/ieselspallaresos\/wp-content\/uploads\/usu652\/2018\/01\/IMG-20171222-WA0021-min-1024x768.jpg\" alt=\"\" width=\"1024\" height=\"768\" srcset=\"https:\/\/agora.xtec.cat\/ieselspallaresos\/wp-content\/uploads\/usu652\/2018\/01\/IMG-20171222-WA0021-min-1024x768.jpg 1024w, https:\/\/agora.xtec.cat\/ieselspallaresos\/wp-content\/uploads\/usu652\/2018\/01\/IMG-20171222-WA0021-min-300x225.jpg 300w, https:\/\/agora.xtec.cat\/ieselspallaresos\/wp-content\/uploads\/usu652\/2018\/01\/IMG-20171222-WA0021-min-768x576.jpg 768w, https:\/\/agora.xtec.cat\/ieselspallaresos\/wp-content\/uploads\/usu652\/2018\/01\/IMG-20171222-WA0021-min-200x150.jpg 200w, https:\/\/agora.xtec.cat\/ieselspallaresos\/wp-content\/uploads\/usu652\/2018\/01\/IMG-20171222-WA0021-min.jpg 1600w\" sizes=\"auto, (max-width: 1024px) 100vw, 1024px\" \/><\/a><\/p>\n","protected":false},"excerpt":{"rendered":"<p>Aquesta darrera setmana de trimestre, un important nombre d&#8217;alumnes de 1r de BAT, s&#8217;han preparat unes quantes Nadales juntament amb els profes de m\u00fasica per tal d&#8217;anar-les a cantar a la darrera setmana de classes. Dimecres 20, es va fer un &#8220;tour&#8221; per la Llar de Colors, la Llar-Resid\u00e8ncia d&#8217;avis &#8220;Nostrellar&#8221; i per \u00faltim l&#8217;escola [&hellip;]<\/p>\n","protected":false},"author":13,"featured_media":0,"comment_status":"open","ping_status":"closed","sticky":false,"template":"","format":"standard","meta":{"_bbp_topic_count":0,"_bbp_reply_count":0,"_bbp_total_topic_count":0,"_bbp_total_reply_count":0,"_bbp_voice_count":0,"_bbp_anonymous_reply_count":0,"_bbp_topic_count_hidden":0,"_bbp_reply_count_hidden":0,"_bbp_forum_subforum_count":0,"site-sidebar-layout":"default","site-content-layout":"","ast-site-content-layout":"","site-content-style":"default","site-sidebar-style":"default","ast-global-header-display":"","ast-banner-title-visibility":"","ast-main-header-display":"","ast-hfb-above-header-display":"","ast-hfb-below-header-display":"","ast-hfb-mobile-header-display":"","site-post-title":"","ast-breadcrumbs-content":"","ast-featured-img":"","footer-sml-layout":"","theme-transparent-header-meta":"","adv-header-id-meta":"","stick-header-meta":"","header-above-stick-meta":"","header-main-stick-meta":"","header-below-stick-meta":"","astra-migrate-meta-layouts":"default","ast-page-background-enabled":"default","ast-page-background-meta":{"desktop":{"background-color":"var(--ast-global-color-4)","background-image":"","background-repeat":"repeat","background-position":"center center","background-size":"auto","background-attachment":"scroll","background-type":"","background-media":"","overlay-type":"","overlay-color":"","overlay-opacity":"","overlay-gradient":""},"tablet":{"background-color":"","background-image":"","background-repeat":"repeat","background-position":"center center","background-size":"auto","background-attachment":"scroll","background-type":"","background-media":"","overlay-type":"","overlay-color":"","overlay-opacity":"","overlay-gradient":""},"mobile":{"background-color":"","background-image":"","background-repeat":"repeat","background-position":"center center","background-size":"auto","background-attachment":"scroll","background-type":"","background-media":"","overlay-type":"","overlay-color":"","overlay-opacity":"","overlay-gradient":""}},"ast-content-background-meta":{"desktop":{"background-color":"var(--ast-global-color-5)","background-image":"","background-repeat":"repeat","background-position":"center center","background-size":"auto","background-attachment":"scroll","background-type":"","background-media":"","overlay-type":"","overlay-color":"","overlay-opacity":"","overlay-gradient":""},"tablet":{"background-color":"var(--ast-global-color-5)","background-image":"","background-repeat":"repeat","background-position":"center center","background-size":"auto","background-attachment":"scroll","background-type":"","background-media":"","overlay-type":"","overlay-color":"","overlay-opacity":"","overlay-gradient":""},"mobile":{"background-color":"var(--ast-global-color-5)","background-image":"","background-repeat":"repeat","background-position":"center center","background-size":"auto","background-attachment":"scroll","background-type":"","background-media":"","overlay-type":"","overlay-color":"","overlay-opacity":"","overlay-gradient":""}},"footnotes":""},"categories":[74,1,29],"tags":[],"class_list":["post-925","post","type-post","status-publish","format-standard","hentry","category-fotos","category-general","category-portada"],"post_mailing_queue_ids":[],"_links":{"self":[{"href":"https:\/\/agora.xtec.cat\/ieselspallaresos\/wp-json\/wp\/v2\/posts\/925","targetHints":{"allow":["GET"]}}],"collection":[{"href":"https:\/\/agora.xtec.cat\/ieselspallaresos\/wp-json\/wp\/v2\/posts"}],"about":[{"href":"https:\/\/agora.xtec.cat\/ieselspallaresos\/wp-json\/wp\/v2\/types\/post"}],"author":[{"embeddable":true,"href":"https:\/\/agora.xtec.cat\/ieselspallaresos\/wp-json\/wp\/v2\/users\/13"}],"replies":[{"embeddable":true,"href":"https:\/\/agora.xtec.cat\/ieselspallaresos\/wp-json\/wp\/v2\/comments?post=925"}],"version-history":[{"count":3,"href":"https:\/\/agora.xtec.cat\/ieselspallaresos\/wp-json\/wp\/v2\/posts\/925\/revisions"}],"predecessor-version":[{"id":933,"href":"https:\/\/agora.xtec.cat\/ieselspallaresos\/wp-json\/wp\/v2\/posts\/925\/revisions\/933"}],"wp:attachment":[{"href":"https:\/\/agora.xtec.cat\/ieselspallaresos\/wp-json\/wp\/v2\/media?parent=925"}],"wp:term":[{"taxonomy":"category","embeddable":true,"href":"https:\/\/agora.xtec.cat\/ieselspallaresos\/wp-json\/wp\/v2\/categories?post=925"},{"taxonomy":"post_tag","embeddable":true,"href":"https:\/\/agora.xtec.cat\/ieselspallaresos\/wp-json\/wp\/v2\/tags?post=925"}],"curies":[{"name":"wp","href":"https:\/\/api.w.org\/{rel}","templated":true}]}}