{"id":900,"date":"2017-12-14T17:17:10","date_gmt":"2017-12-14T16:17:10","guid":{"rendered":"http:\/\/agora.xtec.cat\/ieselspallaresos\/?p=900"},"modified":"2017-12-14T23:22:34","modified_gmt":"2017-12-14T22:22:34","slug":"sortida-de-fi-de-trimestre-3re","status":"publish","type":"post","link":"https:\/\/agora.xtec.cat\/ieselspallaresos\/general\/sortida-de-fi-de-trimestre-3re\/","title":{"rendered":"SORTIDA DE FI DE TRIMESTRE. 3rE"},"content":{"rendered":"<p style=\"text-align: center\">Aquest\u00a0 darrer dimecres\u00a0 13 de desembre, el grup de 3r E ha realitzat una sortida per l&#8217;entorn del poble. Els que han\u00a0 volgut fer un bon esfor\u00e7 f\u00edsic han utilitzat la bicicleta. Altres han volgut gaudir de la tranquil\u00b7litat del bosc i han anat caminant.<\/p>\n<p style=\"text-align: center\">Tots plegats ens hem anat trobant en diversos indrets direcci\u00f3 El Pont del Diable. El grup amb m\u00e9s ganes de bicicleta, despr\u00e9s ha volgut arribar fins a l&#8217;Espig\u00f3 de Tarragona.<\/p>\n<p style=\"text-align: center\">Tothom s&#8217;ho ha passat b\u00e9 i tot i fer molt de fred, segur que per tothom ha valgut la pena!!<a href=\"http:\/\/agora.xtec.cat\/ieselspallaresos\/wp-content\/uploads\/usu652\/2017\/12\/IMG_20171213_114910-iloveimg-compressed.jpg\"><img loading=\"lazy\" decoding=\"async\" class=\"alignnone size-large wp-image-901\" src=\"http:\/\/agora.xtec.cat\/ieselspallaresos\/wp-content\/uploads\/usu652\/2017\/12\/IMG_20171213_114910-iloveimg-compressed-1024x659.jpg\" alt=\"\" width=\"1024\" height=\"659\" srcset=\"https:\/\/agora.xtec.cat\/ieselspallaresos\/wp-content\/uploads\/usu652\/2017\/12\/IMG_20171213_114910-iloveimg-compressed-1024x659.jpg 1024w, https:\/\/agora.xtec.cat\/ieselspallaresos\/wp-content\/uploads\/usu652\/2017\/12\/IMG_20171213_114910-iloveimg-compressed-300x193.jpg 300w, https:\/\/agora.xtec.cat\/ieselspallaresos\/wp-content\/uploads\/usu652\/2017\/12\/IMG_20171213_114910-iloveimg-compressed-768x494.jpg 768w\" sizes=\"auto, (max-width: 1024px) 100vw, 1024px\" \/><\/a><\/p>\n","protected":false},"excerpt":{"rendered":"<p>Aquest\u00a0 darrer dimecres\u00a0 13 de desembre, el grup de 3r E ha realitzat una sortida per l&#8217;entorn del poble. Els que han\u00a0 volgut fer un bon esfor\u00e7 f\u00edsic han utilitzat la bicicleta. Altres han volgut gaudir de la tranquil\u00b7litat del bosc i han anat caminant. Tots plegats ens hem anat trobant en diversos indrets direcci\u00f3 [&hellip;]<\/p>\n","protected":false},"author":13,"featured_media":0,"comment_status":"open","ping_status":"closed","sticky":false,"template":"","format":"standard","meta":{"_bbp_topic_count":0,"_bbp_reply_count":0,"_bbp_total_topic_count":0,"_bbp_total_reply_count":0,"_bbp_voice_count":0,"_bbp_anonymous_reply_count":0,"_bbp_topic_count_hidden":0,"_bbp_reply_count_hidden":0,"_bbp_forum_subforum_count":0,"site-sidebar-layout":"default","site-content-layout":"","ast-site-content-layout":"","site-content-style":"default","site-sidebar-style":"default","ast-global-header-display":"","ast-banner-title-visibility":"","ast-main-header-display":"","ast-hfb-above-header-display":"","ast-hfb-below-header-display":"","ast-hfb-mobile-header-display":"","site-post-title":"","ast-breadcrumbs-content":"","ast-featured-img":"","footer-sml-layout":"","theme-transparent-header-meta":"","adv-header-id-meta":"","stick-header-meta":"","header-above-stick-meta":"","header-main-stick-meta":"","header-below-stick-meta":"","astra-migrate-meta-layouts":"default","ast-page-background-enabled":"default","ast-page-background-meta":{"desktop":{"background-color":"var(--ast-global-color-4)","background-image":"","background-repeat":"repeat","background-position":"center center","background-size":"auto","background-attachment":"scroll","background-type":"","background-media":"","overlay-type":"","overlay-color":"","overlay-opacity":"","overlay-gradient":""},"tablet":{"background-color":"","background-image":"","background-repeat":"repeat","background-position":"center center","background-size":"auto","background-attachment":"scroll","background-type":"","background-media":"","overlay-type":"","overlay-color":"","overlay-opacity":"","overlay-gradient":""},"mobile":{"background-color":"","background-image":"","background-repeat":"repeat","background-position":"center center","background-size":"auto","background-attachment":"scroll","background-type":"","background-media":"","overlay-type":"","overlay-color":"","overlay-opacity":"","overlay-gradient":""}},"ast-content-background-meta":{"desktop":{"background-color":"var(--ast-global-color-5)","background-image":"","background-repeat":"repeat","background-position":"center center","background-size":"auto","background-attachment":"scroll","background-type":"","background-media":"","overlay-type":"","overlay-color":"","overlay-opacity":"","overlay-gradient":""},"tablet":{"background-color":"var(--ast-global-color-5)","background-image":"","background-repeat":"repeat","background-position":"center center","background-size":"auto","background-attachment":"scroll","background-type":"","background-media":"","overlay-type":"","overlay-color":"","overlay-opacity":"","overlay-gradient":""},"mobile":{"background-color":"var(--ast-global-color-5)","background-image":"","background-repeat":"repeat","background-position":"center center","background-size":"auto","background-attachment":"scroll","background-type":"","background-media":"","overlay-type":"","overlay-color":"","overlay-opacity":"","overlay-gradient":""}},"footnotes":""},"categories":[119,74,1,29],"tags":[],"class_list":["post-900","post","type-post","status-publish","format-standard","hentry","category-escverda","category-fotos","category-general","category-portada"],"post_mailing_queue_ids":[],"_links":{"self":[{"href":"https:\/\/agora.xtec.cat\/ieselspallaresos\/wp-json\/wp\/v2\/posts\/900","targetHints":{"allow":["GET"]}}],"collection":[{"href":"https:\/\/agora.xtec.cat\/ieselspallaresos\/wp-json\/wp\/v2\/posts"}],"about":[{"href":"https:\/\/agora.xtec.cat\/ieselspallaresos\/wp-json\/wp\/v2\/types\/post"}],"author":[{"embeddable":true,"href":"https:\/\/agora.xtec.cat\/ieselspallaresos\/wp-json\/wp\/v2\/users\/13"}],"replies":[{"embeddable":true,"href":"https:\/\/agora.xtec.cat\/ieselspallaresos\/wp-json\/wp\/v2\/comments?post=900"}],"version-history":[{"count":1,"href":"https:\/\/agora.xtec.cat\/ieselspallaresos\/wp-json\/wp\/v2\/posts\/900\/revisions"}],"predecessor-version":[{"id":902,"href":"https:\/\/agora.xtec.cat\/ieselspallaresos\/wp-json\/wp\/v2\/posts\/900\/revisions\/902"}],"wp:attachment":[{"href":"https:\/\/agora.xtec.cat\/ieselspallaresos\/wp-json\/wp\/v2\/media?parent=900"}],"wp:term":[{"taxonomy":"category","embeddable":true,"href":"https:\/\/agora.xtec.cat\/ieselspallaresos\/wp-json\/wp\/v2\/categories?post=900"},{"taxonomy":"post_tag","embeddable":true,"href":"https:\/\/agora.xtec.cat\/ieselspallaresos\/wp-json\/wp\/v2\/tags?post=900"}],"curies":[{"name":"wp","href":"https:\/\/api.w.org\/{rel}","templated":true}]}}