{"id":763,"date":"2017-05-12T10:04:41","date_gmt":"2017-05-12T08:04:41","guid":{"rendered":"http:\/\/agora.xtec.cat\/ieselspallaresos\/?p=763"},"modified":"2017-05-15T10:11:36","modified_gmt":"2017-05-15T08:11:36","slug":"trobada-dintercanvi-territorial-descoles-verdes","status":"publish","type":"post","link":"https:\/\/agora.xtec.cat\/ieselspallaresos\/general\/trobada-dintercanvi-territorial-descoles-verdes\/","title":{"rendered":"Trobada d\u2019Intercanvi Territorial d\u2019Escoles Verdes"},"content":{"rendered":"<p>El dia 20 d\u2019abril es va celebrar la Trobada d\u2019Intercanvi Territorial d\u2019Escoles Verdes al municipi del Vendrell. Una jornada creada per compartir activitats, preocupacions i establir xarxa entre els diferents centres participants. Un total de 25 centres de secund\u00e0ria de les comarques de l\u2019Alt Camp, Baix Camp, Baix Pened\u00e8s, Priorat i Tarragon\u00e8s.<a href=\"http:\/\/agora.xtec.cat\/ieselspallaresos\/wp-content\/uploads\/usu652\/2017\/05\/foto1.jpg\"><img loading=\"lazy\" decoding=\"async\" class=\"wp-image-768 aligncenter\" src=\"http:\/\/agora.xtec.cat\/ieselspallaresos\/wp-content\/uploads\/usu652\/2017\/05\/foto1-1024x575.jpg\" alt=\"foto1\" width=\"424\" height=\"238\" srcset=\"https:\/\/agora.xtec.cat\/ieselspallaresos\/wp-content\/uploads\/usu652\/2017\/05\/foto1-1024x575.jpg 1024w, https:\/\/agora.xtec.cat\/ieselspallaresos\/wp-content\/uploads\/usu652\/2017\/05\/foto1-300x169.jpg 300w, https:\/\/agora.xtec.cat\/ieselspallaresos\/wp-content\/uploads\/usu652\/2017\/05\/foto1-768x431.jpg 768w, https:\/\/agora.xtec.cat\/ieselspallaresos\/wp-content\/uploads\/usu652\/2017\/05\/foto1.jpg 1100w\" sizes=\"auto, (max-width: 424px) 100vw, 424px\" \/><\/a><\/p>\n<p>La trobada va comen\u00e7ar a l\u2019Auditori de l\u2019Escola Municipal de Musica Pau Casals on es va fer la benvinguda a tots els participants.<\/p>\n<p>A continuaci\u00f3, es van separar els alumnes i els professors. Es van dividir per grups amb la finalitat de compartir experi\u00e8ncies, reflexions sobre accions que es realitzen al nostres centres i recollir idees interessants d\u2019altres escoles verdes.<a href=\"http:\/\/agora.xtec.cat\/ieselspallaresos\/wp-content\/uploads\/usu652\/2017\/05\/foto2.png\"><img loading=\"lazy\" decoding=\"async\" class=\"wp-image-769 aligncenter\" src=\"http:\/\/agora.xtec.cat\/ieselspallaresos\/wp-content\/uploads\/usu652\/2017\/05\/foto2-1024x768.png\" alt=\"foto2\" width=\"303\" height=\"227\" srcset=\"https:\/\/agora.xtec.cat\/ieselspallaresos\/wp-content\/uploads\/usu652\/2017\/05\/foto2-1024x768.png 1024w, https:\/\/agora.xtec.cat\/ieselspallaresos\/wp-content\/uploads\/usu652\/2017\/05\/foto2-300x225.png 300w, https:\/\/agora.xtec.cat\/ieselspallaresos\/wp-content\/uploads\/usu652\/2017\/05\/foto2-768x576.png 768w, https:\/\/agora.xtec.cat\/ieselspallaresos\/wp-content\/uploads\/usu652\/2017\/05\/foto2-200x150.png 200w, https:\/\/agora.xtec.cat\/ieselspallaresos\/wp-content\/uploads\/usu652\/2017\/05\/foto2.png 1066w\" sizes=\"auto, (max-width: 303px) 100vw, 303px\" \/><\/a><\/p>\n<p>Les alumnes del centre que van participar van rebre informaci\u00f3 profitosa per fer-ne \u00fas al nostre centre.<\/p>\n<p>Finalment, despr\u00e9s de dinar, es va realitzar una acci\u00f3 de millora a l\u2019Espai Natural de les Madrigueres. Els professors i alumnes van descobrir un petit ecosistema dunar caracter\u00edstic del litoral a m\u00e9s a m\u00e9s de contribuir a la recuperaci\u00f3 de l\u2019espai amb la plantada de l\u2019esp\u00e8cie <em>Medicago marina<\/em> (tr\u00e8vol de platja).<\/p>\n<p><a href=\"http:\/\/agora.xtec.cat\/ieselspallaresos\/wp-content\/uploads\/usu652\/2017\/05\/IMG_20170420_151457_opt.jpg\"><img loading=\"lazy\" decoding=\"async\" class=\" wp-image-765 aligncenter\" src=\"http:\/\/agora.xtec.cat\/ieselspallaresos\/wp-content\/uploads\/usu652\/2017\/05\/IMG_20170420_151457_opt.jpg\" alt=\"IMG_20170420_151457_opt\" width=\"447\" height=\"335\" srcset=\"https:\/\/agora.xtec.cat\/ieselspallaresos\/wp-content\/uploads\/usu652\/2017\/05\/IMG_20170420_151457_opt.jpg 400w, https:\/\/agora.xtec.cat\/ieselspallaresos\/wp-content\/uploads\/usu652\/2017\/05\/IMG_20170420_151457_opt-300x225.jpg 300w, https:\/\/agora.xtec.cat\/ieselspallaresos\/wp-content\/uploads\/usu652\/2017\/05\/IMG_20170420_151457_opt-200x150.jpg 200w\" sizes=\"auto, (max-width: 447px) 100vw, 447px\" \/><\/a><\/p>\n<p><a href=\"http:\/\/agora.xtec.cat\/ieselspallaresos\/wp-content\/uploads\/usu652\/2017\/05\/IMG_20170420_151720_opt.jpg\"><img loading=\"lazy\" decoding=\"async\" class=\"wp-image-766 aligncenter\" src=\"http:\/\/agora.xtec.cat\/ieselspallaresos\/wp-content\/uploads\/usu652\/2017\/05\/IMG_20170420_151720_opt.jpg\" alt=\"IMG_20170420_151720_opt\" width=\"271\" height=\"361\" srcset=\"https:\/\/agora.xtec.cat\/ieselspallaresos\/wp-content\/uploads\/usu652\/2017\/05\/IMG_20170420_151720_opt.jpg 400w, https:\/\/agora.xtec.cat\/ieselspallaresos\/wp-content\/uploads\/usu652\/2017\/05\/IMG_20170420_151720_opt-225x300.jpg 225w\" sizes=\"auto, (max-width: 271px) 100vw, 271px\" \/><\/a><\/p>\n","protected":false},"excerpt":{"rendered":"<p>El dia 20 d\u2019abril es va celebrar la Trobada d\u2019Intercanvi Territorial d\u2019Escoles Verdes al municipi del Vendrell. Una jornada creada per compartir activitats, preocupacions i establir xarxa entre els diferents centres participants. Un total de 25 centres de secund\u00e0ria de les comarques de l\u2019Alt Camp, Baix Camp, Baix Pened\u00e8s, Priorat i Tarragon\u00e8s. La trobada va [&hellip;]<\/p>\n","protected":false},"author":12,"featured_media":765,"comment_status":"open","ping_status":"open","sticky":false,"template":"","format":"standard","meta":{"_bbp_topic_count":0,"_bbp_reply_count":0,"_bbp_total_topic_count":0,"_bbp_total_reply_count":0,"_bbp_voice_count":0,"_bbp_anonymous_reply_count":0,"_bbp_topic_count_hidden":0,"_bbp_reply_count_hidden":0,"_bbp_forum_subforum_count":0,"site-sidebar-layout":"default","site-content-layout":"","ast-site-content-layout":"","site-content-style":"default","site-sidebar-style":"default","ast-global-header-display":"","ast-banner-title-visibility":"","ast-main-header-display":"","ast-hfb-above-header-display":"","ast-hfb-below-header-display":"","ast-hfb-mobile-header-display":"","site-post-title":"","ast-breadcrumbs-content":"","ast-featured-img":"","footer-sml-layout":"","theme-transparent-header-meta":"","adv-header-id-meta":"","stick-header-meta":"","header-above-stick-meta":"","header-main-stick-meta":"","header-below-stick-meta":"","astra-migrate-meta-layouts":"default","ast-page-background-enabled":"default","ast-page-background-meta":{"desktop":{"background-color":"var(--ast-global-color-4)","background-image":"","background-repeat":"repeat","background-position":"center center","background-size":"auto","background-attachment":"scroll","background-type":"","background-media":"","overlay-type":"","overlay-color":"","overlay-opacity":"","overlay-gradient":""},"tablet":{"background-color":"","background-image":"","background-repeat":"repeat","background-position":"center center","background-size":"auto","background-attachment":"scroll","background-type":"","background-media":"","overlay-type":"","overlay-color":"","overlay-opacity":"","overlay-gradient":""},"mobile":{"background-color":"","background-image":"","background-repeat":"repeat","background-position":"center center","background-size":"auto","background-attachment":"scroll","background-type":"","background-media":"","overlay-type":"","overlay-color":"","overlay-opacity":"","overlay-gradient":""}},"ast-content-background-meta":{"desktop":{"background-color":"var(--ast-global-color-5)","background-image":"","background-repeat":"repeat","background-position":"center center","background-size":"auto","background-attachment":"scroll","background-type":"","background-media":"","overlay-type":"","overlay-color":"","overlay-opacity":"","overlay-gradient":""},"tablet":{"background-color":"var(--ast-global-color-5)","background-image":"","background-repeat":"repeat","background-position":"center center","background-size":"auto","background-attachment":"scroll","background-type":"","background-media":"","overlay-type":"","overlay-color":"","overlay-opacity":"","overlay-gradient":""},"mobile":{"background-color":"var(--ast-global-color-5)","background-image":"","background-repeat":"repeat","background-position":"center center","background-size":"auto","background-attachment":"scroll","background-type":"","background-media":"","overlay-type":"","overlay-color":"","overlay-opacity":"","overlay-gradient":""}},"footnotes":""},"categories":[119,1,29],"tags":[],"class_list":["post-763","post","type-post","status-publish","format-standard","has-post-thumbnail","hentry","category-escverda","category-general","category-portada"],"post_mailing_queue_ids":[],"_links":{"self":[{"href":"https:\/\/agora.xtec.cat\/ieselspallaresos\/wp-json\/wp\/v2\/posts\/763","targetHints":{"allow":["GET"]}}],"collection":[{"href":"https:\/\/agora.xtec.cat\/ieselspallaresos\/wp-json\/wp\/v2\/posts"}],"about":[{"href":"https:\/\/agora.xtec.cat\/ieselspallaresos\/wp-json\/wp\/v2\/types\/post"}],"author":[{"embeddable":true,"href":"https:\/\/agora.xtec.cat\/ieselspallaresos\/wp-json\/wp\/v2\/users\/12"}],"replies":[{"embeddable":true,"href":"https:\/\/agora.xtec.cat\/ieselspallaresos\/wp-json\/wp\/v2\/comments?post=763"}],"version-history":[{"count":4,"href":"https:\/\/agora.xtec.cat\/ieselspallaresos\/wp-json\/wp\/v2\/posts\/763\/revisions"}],"predecessor-version":[{"id":777,"href":"https:\/\/agora.xtec.cat\/ieselspallaresos\/wp-json\/wp\/v2\/posts\/763\/revisions\/777"}],"wp:featuredmedia":[{"embeddable":true,"href":"https:\/\/agora.xtec.cat\/ieselspallaresos\/wp-json\/wp\/v2\/media\/765"}],"wp:attachment":[{"href":"https:\/\/agora.xtec.cat\/ieselspallaresos\/wp-json\/wp\/v2\/media?parent=763"}],"wp:term":[{"taxonomy":"category","embeddable":true,"href":"https:\/\/agora.xtec.cat\/ieselspallaresos\/wp-json\/wp\/v2\/categories?post=763"},{"taxonomy":"post_tag","embeddable":true,"href":"https:\/\/agora.xtec.cat\/ieselspallaresos\/wp-json\/wp\/v2\/tags?post=763"}],"curies":[{"name":"wp","href":"https:\/\/api.w.org\/{rel}","templated":true}]}}