{"id":719,"date":"2017-04-18T11:26:56","date_gmt":"2017-04-18T09:26:56","guid":{"rendered":"http:\/\/agora.xtec.cat\/ieselspallaresos\/?p=719"},"modified":"2017-04-18T11:26:56","modified_gmt":"2017-04-18T09:26:56","slug":"portes-i-casetes","status":"publish","type":"post","link":"https:\/\/agora.xtec.cat\/ieselspallaresos\/general\/portes-i-casetes\/","title":{"rendered":"portes i casetes"},"content":{"rendered":"<p>&nbsp;<\/p>\n<p style=\"text-align: center\"><span style=\"text-decoration: underline\"><strong>PORTES I CASETES<\/strong><\/span><\/p>\n<p><span style=\"font-weight: 400\">A finals de primer trimestre\u00a0 hem posat una caseta per \u00a0posar les eines de l&#8217;hort. En uns taulons de fusta vam dibuixar les eines del hort i clavar claus per despr\u00e9s endre\u00e7ar-les all\u00e0.<\/span><\/p>\n<p><span style=\"font-weight: 400\">Al\u00a0 primer trimestre es va fer posar la porta del hort perqu\u00e8 l&#8217;acc\u00e9s sigui m\u00e9s f\u00e0cil. Tamb\u00e9 es van posar unes escales perqu\u00e8 baixarem amb facilitat. En la porta van posar una clau.<\/span><\/p>\n<p><strong><span style=\"font-weight: 400\">Dins de \u00a0la caseta hi ha totes les eines i materials necessaris per treballar l&#8217;hort i mantenir net l&#8217;entorn.<br \/>\n<\/span><\/strong><\/p>\n<p><a href=\"http:\/\/agora.xtec.cat\/ieselspallaresos\/wp-content\/uploads\/usu652\/2017\/04\/IMG_20170314_130854-min.jpg\"><img loading=\"lazy\" decoding=\"async\" class=\"wp-image-751 aligncenter\" src=\"http:\/\/agora.xtec.cat\/ieselspallaresos\/wp-content\/uploads\/usu652\/2017\/04\/IMG_20170314_130854-min-1024x768.jpg\" alt=\"IMG_20170314_130854-min\" width=\"370\" height=\"277\" srcset=\"https:\/\/agora.xtec.cat\/ieselspallaresos\/wp-content\/uploads\/usu652\/2017\/04\/IMG_20170314_130854-min-1024x768.jpg 1024w, https:\/\/agora.xtec.cat\/ieselspallaresos\/wp-content\/uploads\/usu652\/2017\/04\/IMG_20170314_130854-min-300x225.jpg 300w, https:\/\/agora.xtec.cat\/ieselspallaresos\/wp-content\/uploads\/usu652\/2017\/04\/IMG_20170314_130854-min-768x576.jpg 768w, https:\/\/agora.xtec.cat\/ieselspallaresos\/wp-content\/uploads\/usu652\/2017\/04\/IMG_20170314_130854-min-200x150.jpg 200w\" sizes=\"auto, (max-width: 370px) 100vw, 370px\" \/><\/a><\/p>\n<p>&nbsp;<\/p>\n","protected":false},"excerpt":{"rendered":"<p>&nbsp; PORTES I CASETES A finals de primer trimestre\u00a0 hem posat una caseta per \u00a0posar les eines de l&#8217;hort. En uns taulons de fusta vam dibuixar les eines del hort i clavar claus per despr\u00e9s endre\u00e7ar-les all\u00e0. Al\u00a0 primer trimestre es va fer posar la porta del hort perqu\u00e8 l&#8217;acc\u00e9s sigui m\u00e9s f\u00e0cil. Tamb\u00e9 es [&hellip;]<\/p>\n","protected":false},"author":13,"featured_media":751,"comment_status":"open","ping_status":"open","sticky":false,"template":"","format":"standard","meta":{"_bbp_topic_count":0,"_bbp_reply_count":0,"_bbp_total_topic_count":0,"_bbp_total_reply_count":0,"_bbp_voice_count":0,"_bbp_anonymous_reply_count":0,"_bbp_topic_count_hidden":0,"_bbp_reply_count_hidden":0,"_bbp_forum_subforum_count":0,"site-sidebar-layout":"default","site-content-layout":"","ast-site-content-layout":"","site-content-style":"default","site-sidebar-style":"default","ast-global-header-display":"","ast-banner-title-visibility":"","ast-main-header-display":"","ast-hfb-above-header-display":"","ast-hfb-below-header-display":"","ast-hfb-mobile-header-display":"","site-post-title":"","ast-breadcrumbs-content":"","ast-featured-img":"","footer-sml-layout":"","theme-transparent-header-meta":"","adv-header-id-meta":"","stick-header-meta":"","header-above-stick-meta":"","header-main-stick-meta":"","header-below-stick-meta":"","astra-migrate-meta-layouts":"default","ast-page-background-enabled":"default","ast-page-background-meta":{"desktop":{"background-color":"var(--ast-global-color-4)","background-image":"","background-repeat":"repeat","background-position":"center center","background-size":"auto","background-attachment":"scroll","background-type":"","background-media":"","overlay-type":"","overlay-color":"","overlay-opacity":"","overlay-gradient":""},"tablet":{"background-color":"","background-image":"","background-repeat":"repeat","background-position":"center center","background-size":"auto","background-attachment":"scroll","background-type":"","background-media":"","overlay-type":"","overlay-color":"","overlay-opacity":"","overlay-gradient":""},"mobile":{"background-color":"","background-image":"","background-repeat":"repeat","background-position":"center center","background-size":"auto","background-attachment":"scroll","background-type":"","background-media":"","overlay-type":"","overlay-color":"","overlay-opacity":"","overlay-gradient":""}},"ast-content-background-meta":{"desktop":{"background-color":"var(--ast-global-color-5)","background-image":"","background-repeat":"repeat","background-position":"center center","background-size":"auto","background-attachment":"scroll","background-type":"","background-media":"","overlay-type":"","overlay-color":"","overlay-opacity":"","overlay-gradient":""},"tablet":{"background-color":"var(--ast-global-color-5)","background-image":"","background-repeat":"repeat","background-position":"center center","background-size":"auto","background-attachment":"scroll","background-type":"","background-media":"","overlay-type":"","overlay-color":"","overlay-opacity":"","overlay-gradient":""},"mobile":{"background-color":"var(--ast-global-color-5)","background-image":"","background-repeat":"repeat","background-position":"center center","background-size":"auto","background-attachment":"scroll","background-type":"","background-media":"","overlay-type":"","overlay-color":"","overlay-opacity":"","overlay-gradient":""}},"footnotes":""},"categories":[119,74,1],"tags":[],"class_list":["post-719","post","type-post","status-publish","format-standard","has-post-thumbnail","hentry","category-escverda","category-fotos","category-general"],"post_mailing_queue_ids":[],"_links":{"self":[{"href":"https:\/\/agora.xtec.cat\/ieselspallaresos\/wp-json\/wp\/v2\/posts\/719","targetHints":{"allow":["GET"]}}],"collection":[{"href":"https:\/\/agora.xtec.cat\/ieselspallaresos\/wp-json\/wp\/v2\/posts"}],"about":[{"href":"https:\/\/agora.xtec.cat\/ieselspallaresos\/wp-json\/wp\/v2\/types\/post"}],"author":[{"embeddable":true,"href":"https:\/\/agora.xtec.cat\/ieselspallaresos\/wp-json\/wp\/v2\/users\/13"}],"replies":[{"embeddable":true,"href":"https:\/\/agora.xtec.cat\/ieselspallaresos\/wp-json\/wp\/v2\/comments?post=719"}],"version-history":[{"count":2,"href":"https:\/\/agora.xtec.cat\/ieselspallaresos\/wp-json\/wp\/v2\/posts\/719\/revisions"}],"predecessor-version":[{"id":752,"href":"https:\/\/agora.xtec.cat\/ieselspallaresos\/wp-json\/wp\/v2\/posts\/719\/revisions\/752"}],"wp:featuredmedia":[{"embeddable":true,"href":"https:\/\/agora.xtec.cat\/ieselspallaresos\/wp-json\/wp\/v2\/media\/751"}],"wp:attachment":[{"href":"https:\/\/agora.xtec.cat\/ieselspallaresos\/wp-json\/wp\/v2\/media?parent=719"}],"wp:term":[{"taxonomy":"category","embeddable":true,"href":"https:\/\/agora.xtec.cat\/ieselspallaresos\/wp-json\/wp\/v2\/categories?post=719"},{"taxonomy":"post_tag","embeddable":true,"href":"https:\/\/agora.xtec.cat\/ieselspallaresos\/wp-json\/wp\/v2\/tags?post=719"}],"curies":[{"name":"wp","href":"https:\/\/api.w.org\/{rel}","templated":true}]}}