{"id":3115,"date":"2026-09-03T13:58:08","date_gmt":"2026-09-03T11:58:08","guid":{"rendered":"https:\/\/agora.xtec.cat\/ieselspallaresos\/?p=3115"},"modified":"2026-09-03T16:48:43","modified_gmt":"2026-09-03T14:48:43","slug":"incorporacio-nova-conserge-amparo-manzanares","status":"publish","type":"post","link":"https:\/\/agora.xtec.cat\/ieselspallaresos\/general\/incorporacio-nova-conserge-amparo-manzanares\/","title":{"rendered":"Incorporaci\u00f3 de la nova conserge: Amparo Manzanares"},"content":{"rendered":"<p class=\"isSelectedEnd\">Ens plau informar a tota la comunitat educativa que el nostre centre compta amb la incorporaci\u00f3 de l&#8217;Amparo Manzanares, la nostra nova conserge.<\/p>\n<p class=\"isSelectedEnd\">La incorporaci\u00f3 s\u2019ha produ\u00eft despr\u00e9s d\u2019haver obtingut la pla\u00e7a mitjan\u00e7ant el concurs de trasllats, un proc\u00e9s que reconeix l\u2019experi\u00e8ncia, la traject\u00f2ria professional i els m\u00e8rits acreditats dins l\u2019administraci\u00f3 p\u00fablica.<\/p>\n<p><span style=\"font-weight: 400;\">L\u2019Amparo ser\u00e0 una de les persones que trobarem cada dia a l\u2019entrada del centre, sempre disposada a donar un cop de m\u00e0, orientar-nos i contribuir perqu\u00e8 el dia a dia de l\u2019institut funcioni una mica millor.<\/span><\/p>\n<p><span style=\"font-weight: 400;\">Des del centre li volem donar <\/span>una c\u00e0lida benvinguda<span style=\"font-weight: 400;\"> i desitjar-li que se senti com a casa des del primer dia. Estem molt contents de comptar amb ella en aquesta nova etapa!<\/span><\/p>\n<p>Benvinguda, Amparo!<\/p>\n<p><a href=\"https:\/\/agora.xtec.cat\/ieselspallaresos\/wp-content\/uploads\/usu652\/2026\/09\/foto-conserge-amparo.jpg\"><img loading=\"lazy\" decoding=\"async\" class=\"alignleft size-medium wp-image-3116\" src=\"https:\/\/agora.xtec.cat\/ieselspallaresos\/wp-content\/uploads\/usu652\/2026\/09\/foto-conserge-amparo-300x270.jpg\" alt=\"\" width=\"300\" height=\"270\" srcset=\"https:\/\/agora.xtec.cat\/ieselspallaresos\/wp-content\/uploads\/usu652\/2026\/09\/foto-conserge-amparo-300x270.jpg 300w, https:\/\/agora.xtec.cat\/ieselspallaresos\/wp-content\/uploads\/usu652\/2026\/09\/foto-conserge-amparo.jpg 709w\" sizes=\"auto, (max-width: 300px) 100vw, 300px\" \/><\/a><\/p>\n","protected":false},"excerpt":{"rendered":"<p>Ens plau informar a tota la comunitat educativa que el nostre centre compta amb la incorporaci\u00f3 de l&#8217;Amparo Manzanares, la nostra nova conserge. La incorporaci\u00f3 s\u2019ha produ\u00eft despr\u00e9s d\u2019haver obtingut la pla\u00e7a mitjan\u00e7ant el concurs de trasllats, un proc\u00e9s que reconeix l\u2019experi\u00e8ncia, la traject\u00f2ria professional i els m\u00e8rits acreditats dins l\u2019administraci\u00f3 p\u00fablica. L\u2019Amparo ser\u00e0 una [&hellip;]<\/p>\n","protected":false},"author":63,"featured_media":3116,"comment_status":"closed","ping_status":"open","sticky":false,"template":"","format":"standard","meta":{"_bbp_topic_count":0,"_bbp_reply_count":0,"_bbp_total_topic_count":0,"_bbp_total_reply_count":0,"_bbp_voice_count":0,"_bbp_anonymous_reply_count":0,"_bbp_topic_count_hidden":0,"_bbp_reply_count_hidden":0,"_bbp_forum_subforum_count":0,"site-sidebar-layout":"default","site-content-layout":"","ast-site-content-layout":"default","site-content-style":"default","site-sidebar-style":"default","ast-global-header-display":"","ast-banner-title-visibility":"","ast-main-header-display":"","ast-hfb-above-header-display":"","ast-hfb-below-header-display":"","ast-hfb-mobile-header-display":"","site-post-title":"","ast-breadcrumbs-content":"","ast-featured-img":"","footer-sml-layout":"","theme-transparent-header-meta":"default","adv-header-id-meta":"","stick-header-meta":"","header-above-stick-meta":"","header-main-stick-meta":"","header-below-stick-meta":"","astra-migrate-meta-layouts":"set","ast-page-background-enabled":"default","ast-page-background-meta":{"desktop":{"background-color":"var(--ast-global-color-4)","background-image":"","background-repeat":"repeat","background-position":"center center","background-size":"auto","background-attachment":"scroll","background-type":"","background-media":"","overlay-type":"","overlay-color":"","overlay-opacity":"","overlay-gradient":""},"tablet":{"background-color":"","background-image":"","background-repeat":"repeat","background-position":"center center","background-size":"auto","background-attachment":"scroll","background-type":"","background-media":"","overlay-type":"","overlay-color":"","overlay-opacity":"","overlay-gradient":""},"mobile":{"background-color":"","background-image":"","background-repeat":"repeat","background-position":"center center","background-size":"auto","background-attachment":"scroll","background-type":"","background-media":"","overlay-type":"","overlay-color":"","overlay-opacity":"","overlay-gradient":""}},"ast-content-background-meta":{"desktop":{"background-color":"var(--ast-global-color-5)","background-image":"","background-repeat":"repeat","background-position":"center center","background-size":"auto","background-attachment":"scroll","background-type":"","background-media":"","overlay-type":"","overlay-color":"","overlay-opacity":"","overlay-gradient":""},"tablet":{"background-color":"var(--ast-global-color-5)","background-image":"","background-repeat":"repeat","background-position":"center center","background-size":"auto","background-attachment":"scroll","background-type":"","background-media":"","overlay-type":"","overlay-color":"","overlay-opacity":"","overlay-gradient":""},"mobile":{"background-color":"var(--ast-global-color-5)","background-image":"","background-repeat":"repeat","background-position":"center center","background-size":"auto","background-attachment":"scroll","background-type":"","background-media":"","overlay-type":"","overlay-color":"","overlay-opacity":"","overlay-gradient":""}},"footnotes":""},"categories":[74,1,29],"tags":[],"class_list":["post-3115","post","type-post","status-publish","format-standard","has-post-thumbnail","hentry","category-fotos","category-general","category-portada"],"post_mailing_queue_ids":[],"_links":{"self":[{"href":"https:\/\/agora.xtec.cat\/ieselspallaresos\/wp-json\/wp\/v2\/posts\/3115","targetHints":{"allow":["GET"]}}],"collection":[{"href":"https:\/\/agora.xtec.cat\/ieselspallaresos\/wp-json\/wp\/v2\/posts"}],"about":[{"href":"https:\/\/agora.xtec.cat\/ieselspallaresos\/wp-json\/wp\/v2\/types\/post"}],"author":[{"embeddable":true,"href":"https:\/\/agora.xtec.cat\/ieselspallaresos\/wp-json\/wp\/v2\/users\/63"}],"replies":[{"embeddable":true,"href":"https:\/\/agora.xtec.cat\/ieselspallaresos\/wp-json\/wp\/v2\/comments?post=3115"}],"version-history":[{"count":2,"href":"https:\/\/agora.xtec.cat\/ieselspallaresos\/wp-json\/wp\/v2\/posts\/3115\/revisions"}],"predecessor-version":[{"id":3118,"href":"https:\/\/agora.xtec.cat\/ieselspallaresos\/wp-json\/wp\/v2\/posts\/3115\/revisions\/3118"}],"wp:featuredmedia":[{"embeddable":true,"href":"https:\/\/agora.xtec.cat\/ieselspallaresos\/wp-json\/wp\/v2\/media\/3116"}],"wp:attachment":[{"href":"https:\/\/agora.xtec.cat\/ieselspallaresos\/wp-json\/wp\/v2\/media?parent=3115"}],"wp:term":[{"taxonomy":"category","embeddable":true,"href":"https:\/\/agora.xtec.cat\/ieselspallaresos\/wp-json\/wp\/v2\/categories?post=3115"},{"taxonomy":"post_tag","embeddable":true,"href":"https:\/\/agora.xtec.cat\/ieselspallaresos\/wp-json\/wp\/v2\/tags?post=3115"}],"curies":[{"name":"wp","href":"https:\/\/api.w.org\/{rel}","templated":true}]}}