{"id":2313,"date":"2025-10-13T18:59:10","date_gmt":"2025-10-13T16:59:10","guid":{"rendered":"https:\/\/agora.xtec.cat\/ieselspallaresos\/?p=2313"},"modified":"2025-10-13T18:59:57","modified_gmt":"2025-10-13T16:59:57","slug":"erasmus-days-2025","status":"publish","type":"post","link":"https:\/\/agora.xtec.cat\/ieselspallaresos\/general\/erasmus-days-2025\/","title":{"rendered":"ERASMUS DAYS 2025"},"content":{"rendered":"<p data-start=\"0\" data-end=\"73\">\ud83c\udf0d\ud83c\uddea\ud83c\uddfa <strong data-start=\"7\" data-end=\"68\">A l\u2019Institut Els Pallaresos tamb\u00e9 vivim els Erasmus Days!<\/strong> \ud83d\udc99<\/p>\n<p data-start=\"75\" data-end=\"304\">Durant aquests dies, celebrem la riquesa de formar part del programa <strong data-start=\"144\" data-end=\"156\">Erasmus+<\/strong>, una iniciativa que ens permet <strong data-start=\"188\" data-end=\"217\">obrir les portes a Europa<\/strong>, compartir experi\u00e8ncies i aprendre a trav\u00e9s de l\u2019intercanvi cultural i educatiu. \ud83c\udf0d\u2728<\/p>\n<p data-start=\"306\" data-end=\"568\">A l\u2019institut, aprofitem aquesta celebraci\u00f3 per <strong data-start=\"353\" data-end=\"402\">donar a con\u00e8ixer els projectes internacionals<\/strong> en qu\u00e8 participem, <strong data-start=\"422\" data-end=\"479\">fomentar la curiositat per altres lleng\u00fces i cultures<\/strong>, i sobretot, <strong data-start=\"493\" data-end=\"565\">transmetre als nostres alumnes el valor d\u2019aprendre amb i dels altres<\/strong>.<\/p>\n<p data-start=\"570\" data-end=\"832\">Els <em data-start=\"574\" data-end=\"588\">Erasmus Days<\/em> s\u00f3n una oportunitat per recordar que l\u2019educaci\u00f3 va molt m\u00e9s enll\u00e0 de les aules: \u00e9s <strong data-start=\"672\" data-end=\"702\">una finestra oberta al m\u00f3n<\/strong>, plena d\u2019experi\u00e8ncies, coneixences i noves perspectives que ens ajuden a cr\u00e9ixer com a persones i com a comunitat educativa. \ud83c\udf1f<\/p>\n<p data-start=\"834\" data-end=\"885\" data-is-last-node=\"\" data-is-only-node=\"\">\ud83d\udcab <strong data-start=\"837\" data-end=\"882\">Compartim Europa, compartim aprenentatge!<\/strong> \ud83d\udcab<\/p>\n<p>No us perdeu el v\u00eddeo!!: <a href=\"https:\/\/agora.xtec.cat\/ieselspallaresos\/wp-content\/uploads\/usu652\/2025\/10\/Erasmus.mp4\">Erasmus+<\/a><\/p>\n","protected":false},"excerpt":{"rendered":"<p>\ud83c\udf0d\ud83c\uddea\ud83c\uddfa A l\u2019Institut Els Pallaresos tamb\u00e9 vivim els Erasmus Days! \ud83d\udc99 Durant aquests dies, celebrem la riquesa de formar part del programa Erasmus+, una iniciativa que ens permet obrir les portes a Europa, compartir experi\u00e8ncies i aprendre a trav\u00e9s de l\u2019intercanvi cultural i educatiu. \ud83c\udf0d\u2728 A l\u2019institut, aprofitem aquesta celebraci\u00f3 per donar a con\u00e8ixer els [&hellip;]<\/p>\n","protected":false},"author":63,"featured_media":0,"comment_status":"closed","ping_status":"open","sticky":false,"template":"","format":"standard","meta":{"_bbp_topic_count":0,"_bbp_reply_count":0,"_bbp_total_topic_count":0,"_bbp_total_reply_count":0,"_bbp_voice_count":0,"_bbp_anonymous_reply_count":0,"_bbp_topic_count_hidden":0,"_bbp_reply_count_hidden":0,"_bbp_forum_subforum_count":0,"site-sidebar-layout":"default","site-content-layout":"","ast-site-content-layout":"","site-content-style":"default","site-sidebar-style":"default","ast-global-header-display":"","ast-banner-title-visibility":"","ast-main-header-display":"","ast-hfb-above-header-display":"","ast-hfb-below-header-display":"","ast-hfb-mobile-header-display":"","site-post-title":"","ast-breadcrumbs-content":"","ast-featured-img":"","footer-sml-layout":"","theme-transparent-header-meta":"","adv-header-id-meta":"","stick-header-meta":"","header-above-stick-meta":"","header-main-stick-meta":"","header-below-stick-meta":"","astra-migrate-meta-layouts":"default","ast-page-background-enabled":"default","ast-page-background-meta":{"desktop":{"background-color":"var(--ast-global-color-4)","background-image":"","background-repeat":"repeat","background-position":"center center","background-size":"auto","background-attachment":"scroll","background-type":"","background-media":"","overlay-type":"","overlay-color":"","overlay-opacity":"","overlay-gradient":""},"tablet":{"background-color":"","background-image":"","background-repeat":"repeat","background-position":"center center","background-size":"auto","background-attachment":"scroll","background-type":"","background-media":"","overlay-type":"","overlay-color":"","overlay-opacity":"","overlay-gradient":""},"mobile":{"background-color":"","background-image":"","background-repeat":"repeat","background-position":"center center","background-size":"auto","background-attachment":"scroll","background-type":"","background-media":"","overlay-type":"","overlay-color":"","overlay-opacity":"","overlay-gradient":""}},"ast-content-background-meta":{"desktop":{"background-color":"var(--ast-global-color-5)","background-image":"","background-repeat":"repeat","background-position":"center center","background-size":"auto","background-attachment":"scroll","background-type":"","background-media":"","overlay-type":"","overlay-color":"","overlay-opacity":"","overlay-gradient":""},"tablet":{"background-color":"var(--ast-global-color-5)","background-image":"","background-repeat":"repeat","background-position":"center center","background-size":"auto","background-attachment":"scroll","background-type":"","background-media":"","overlay-type":"","overlay-color":"","overlay-opacity":"","overlay-gradient":""},"mobile":{"background-color":"var(--ast-global-color-5)","background-image":"","background-repeat":"repeat","background-position":"center center","background-size":"auto","background-attachment":"scroll","background-type":"","background-media":"","overlay-type":"","overlay-color":"","overlay-opacity":"","overlay-gradient":""}},"footnotes":""},"categories":[8,3,1,29],"tags":[],"class_list":["post-2313","post","type-post","status-publish","format-standard","hentry","category-batxillerat","category-eso","category-general","category-portada"],"post_mailing_queue_ids":[],"_links":{"self":[{"href":"https:\/\/agora.xtec.cat\/ieselspallaresos\/wp-json\/wp\/v2\/posts\/2313","targetHints":{"allow":["GET"]}}],"collection":[{"href":"https:\/\/agora.xtec.cat\/ieselspallaresos\/wp-json\/wp\/v2\/posts"}],"about":[{"href":"https:\/\/agora.xtec.cat\/ieselspallaresos\/wp-json\/wp\/v2\/types\/post"}],"author":[{"embeddable":true,"href":"https:\/\/agora.xtec.cat\/ieselspallaresos\/wp-json\/wp\/v2\/users\/63"}],"replies":[{"embeddable":true,"href":"https:\/\/agora.xtec.cat\/ieselspallaresos\/wp-json\/wp\/v2\/comments?post=2313"}],"version-history":[{"count":2,"href":"https:\/\/agora.xtec.cat\/ieselspallaresos\/wp-json\/wp\/v2\/posts\/2313\/revisions"}],"predecessor-version":[{"id":2316,"href":"https:\/\/agora.xtec.cat\/ieselspallaresos\/wp-json\/wp\/v2\/posts\/2313\/revisions\/2316"}],"wp:attachment":[{"href":"https:\/\/agora.xtec.cat\/ieselspallaresos\/wp-json\/wp\/v2\/media?parent=2313"}],"wp:term":[{"taxonomy":"category","embeddable":true,"href":"https:\/\/agora.xtec.cat\/ieselspallaresos\/wp-json\/wp\/v2\/categories?post=2313"},{"taxonomy":"post_tag","embeddable":true,"href":"https:\/\/agora.xtec.cat\/ieselspallaresos\/wp-json\/wp\/v2\/tags?post=2313"}],"curies":[{"name":"wp","href":"https:\/\/api.w.org\/{rel}","templated":true}]}}