{"id":2293,"date":"2025-10-03T15:16:43","date_gmt":"2025-10-03T13:16:43","guid":{"rendered":"https:\/\/agora.xtec.cat\/ieselspallaresos\/?p=2293"},"modified":"2025-10-03T15:22:47","modified_gmt":"2025-10-03T13:22:47","slug":"neurones-en-accio-revista-cientifica-digital","status":"publish","type":"post","link":"https:\/\/agora.xtec.cat\/ieselspallaresos\/general\/neurones-en-accio-revista-cientifica-digital\/","title":{"rendered":"NEURONES EN ACCI\u00d3 &#8211; REVISTA CIENT\u00cdFICA DIGITAL"},"content":{"rendered":"<p>\ud83e\uddea\u2728 NEURONES EN ACCI\u00d3 \u2013 Volum 1 ja disponible! \u2728\ud83e\uddea<\/p>\n<p>Els nostres alumnes de 4t d\u2019ESO, dins de l\u2019Aprenentatge i Servei \u201cExplora Qu\u00edmica\u201d, han creat la seva pr\u00f2pia revista cient\u00edfica digital: Neurones en Acci\u00f3.<\/p>\n<p>En aquest primer volum, els grups han investigat la qu\u00edmica del nostre dia a dia, descobrint com la ci\u00e8ncia est\u00e0 present en el que \u00e9s m\u00e9s habitual: des dels aliments i productes de neteja fins als materials que utilitzem cada dia.<\/p>\n<p>No et perdis aquesta mirada fresca i rigorosa sobre el m\u00f3n qu\u00edmic que ens envolta! \ud83c\udf0d\ud83d\udd2c<\/p>\n<p>\ud83d\udccc Consulta el primer volum aqu\u00ed: <a href=\"https:\/\/www.flipsnack.com\/9CC6BEB569B\/neurones-en-acci-vol-1\/full-view.html\">https:\/\/www.flipsnack.com\/9CC6BEB569B\/neurones-en-acci-vol-1\/full-view.html<\/a><\/p>\n<p>\ud83d\udca1 Amb Neurones en Acci\u00f3, l\u2019alumnat comparteix curiositat, recerca i creativitat cient\u00edfica amb tota la comunitat educativa.<\/p>\n<p>&nbsp;<\/p>\n<p><a href=\"https:\/\/agora.xtec.cat\/ieselspallaresos\/wp-content\/uploads\/usu652\/2025\/10\/NEURONES-EN-ACCIO.jpg\"><img loading=\"lazy\" decoding=\"async\" class=\"alignnone size-full wp-image-2294\" src=\"https:\/\/agora.xtec.cat\/ieselspallaresos\/wp-content\/uploads\/usu652\/2025\/10\/NEURONES-EN-ACCIO.jpg\" alt=\"\" width=\"452\" height=\"635\" srcset=\"https:\/\/agora.xtec.cat\/ieselspallaresos\/wp-content\/uploads\/usu652\/2025\/10\/NEURONES-EN-ACCIO.jpg 452w, https:\/\/agora.xtec.cat\/ieselspallaresos\/wp-content\/uploads\/usu652\/2025\/10\/NEURONES-EN-ACCIO-214x300.jpg 214w\" sizes=\"auto, (max-width: 452px) 100vw, 452px\" \/><\/a><\/p>\n","protected":false},"excerpt":{"rendered":"<p>\ud83e\uddea\u2728 NEURONES EN ACCI\u00d3 \u2013 Volum 1 ja disponible! \u2728\ud83e\uddea Els nostres alumnes de 4t d\u2019ESO, dins de l\u2019Aprenentatge i Servei \u201cExplora Qu\u00edmica\u201d, han creat la seva pr\u00f2pia revista cient\u00edfica digital: Neurones en Acci\u00f3. En aquest primer volum, els grups han investigat la qu\u00edmica del nostre dia a dia, descobrint com la ci\u00e8ncia est\u00e0 present [&hellip;]<\/p>\n","protected":false},"author":63,"featured_media":0,"comment_status":"closed","ping_status":"open","sticky":false,"template":"","format":"standard","meta":{"_bbp_topic_count":0,"_bbp_reply_count":0,"_bbp_total_topic_count":0,"_bbp_total_reply_count":0,"_bbp_voice_count":0,"_bbp_anonymous_reply_count":0,"_bbp_topic_count_hidden":0,"_bbp_reply_count_hidden":0,"_bbp_forum_subforum_count":0,"site-sidebar-layout":"default","site-content-layout":"","ast-site-content-layout":"","site-content-style":"default","site-sidebar-style":"default","ast-global-header-display":"","ast-banner-title-visibility":"","ast-main-header-display":"","ast-hfb-above-header-display":"","ast-hfb-below-header-display":"","ast-hfb-mobile-header-display":"","site-post-title":"","ast-breadcrumbs-content":"","ast-featured-img":"","footer-sml-layout":"","theme-transparent-header-meta":"","adv-header-id-meta":"","stick-header-meta":"","header-above-stick-meta":"","header-main-stick-meta":"","header-below-stick-meta":"","astra-migrate-meta-layouts":"default","ast-page-background-enabled":"default","ast-page-background-meta":{"desktop":{"background-color":"var(--ast-global-color-4)","background-image":"","background-repeat":"repeat","background-position":"center center","background-size":"auto","background-attachment":"scroll","background-type":"","background-media":"","overlay-type":"","overlay-color":"","overlay-opacity":"","overlay-gradient":""},"tablet":{"background-color":"","background-image":"","background-repeat":"repeat","background-position":"center center","background-size":"auto","background-attachment":"scroll","background-type":"","background-media":"","overlay-type":"","overlay-color":"","overlay-opacity":"","overlay-gradient":""},"mobile":{"background-color":"","background-image":"","background-repeat":"repeat","background-position":"center center","background-size":"auto","background-attachment":"scroll","background-type":"","background-media":"","overlay-type":"","overlay-color":"","overlay-opacity":"","overlay-gradient":""}},"ast-content-background-meta":{"desktop":{"background-color":"var(--ast-global-color-5)","background-image":"","background-repeat":"repeat","background-position":"center center","background-size":"auto","background-attachment":"scroll","background-type":"","background-media":"","overlay-type":"","overlay-color":"","overlay-opacity":"","overlay-gradient":""},"tablet":{"background-color":"var(--ast-global-color-5)","background-image":"","background-repeat":"repeat","background-position":"center center","background-size":"auto","background-attachment":"scroll","background-type":"","background-media":"","overlay-type":"","overlay-color":"","overlay-opacity":"","overlay-gradient":""},"mobile":{"background-color":"var(--ast-global-color-5)","background-image":"","background-repeat":"repeat","background-position":"center center","background-size":"auto","background-attachment":"scroll","background-type":"","background-media":"","overlay-type":"","overlay-color":"","overlay-opacity":"","overlay-gradient":""}},"footnotes":""},"categories":[3,1,29],"tags":[],"class_list":["post-2293","post","type-post","status-publish","format-standard","hentry","category-eso","category-general","category-portada"],"post_mailing_queue_ids":[],"_links":{"self":[{"href":"https:\/\/agora.xtec.cat\/ieselspallaresos\/wp-json\/wp\/v2\/posts\/2293","targetHints":{"allow":["GET"]}}],"collection":[{"href":"https:\/\/agora.xtec.cat\/ieselspallaresos\/wp-json\/wp\/v2\/posts"}],"about":[{"href":"https:\/\/agora.xtec.cat\/ieselspallaresos\/wp-json\/wp\/v2\/types\/post"}],"author":[{"embeddable":true,"href":"https:\/\/agora.xtec.cat\/ieselspallaresos\/wp-json\/wp\/v2\/users\/63"}],"replies":[{"embeddable":true,"href":"https:\/\/agora.xtec.cat\/ieselspallaresos\/wp-json\/wp\/v2\/comments?post=2293"}],"version-history":[{"count":2,"href":"https:\/\/agora.xtec.cat\/ieselspallaresos\/wp-json\/wp\/v2\/posts\/2293\/revisions"}],"predecessor-version":[{"id":2296,"href":"https:\/\/agora.xtec.cat\/ieselspallaresos\/wp-json\/wp\/v2\/posts\/2293\/revisions\/2296"}],"wp:attachment":[{"href":"https:\/\/agora.xtec.cat\/ieselspallaresos\/wp-json\/wp\/v2\/media?parent=2293"}],"wp:term":[{"taxonomy":"category","embeddable":true,"href":"https:\/\/agora.xtec.cat\/ieselspallaresos\/wp-json\/wp\/v2\/categories?post=2293"},{"taxonomy":"post_tag","embeddable":true,"href":"https:\/\/agora.xtec.cat\/ieselspallaresos\/wp-json\/wp\/v2\/tags?post=2293"}],"curies":[{"name":"wp","href":"https:\/\/api.w.org\/{rel}","templated":true}]}}