{"id":2284,"date":"2025-09-24T20:02:38","date_gmt":"2025-09-24T18:02:38","guid":{"rendered":"https:\/\/agora.xtec.cat\/ieselspallaresos\/?p=2284"},"modified":"2025-09-24T20:02:52","modified_gmt":"2025-09-24T18:02:52","slug":"menys-pantalla-mes-vida","status":"publish","type":"post","link":"https:\/\/agora.xtec.cat\/ieselspallaresos\/general\/menys-pantalla-mes-vida\/","title":{"rendered":"Menys pantalla, m\u00e9s vida!"},"content":{"rendered":"<p data-start=\"139\" data-end=\"370\">Amb l\u2019objectiu de fomentar un <strong data-start=\"169\" data-end=\"214\">\u00fas equilibrat i educatiu de la tecnologia<\/strong>, el Departament d\u2019Educaci\u00f3 ha publicat un document oficial amb les orientacions i recomanacions sobre l\u2019\u00fas de les pantalles i els dispositius m\u00f2bils segons les franges d&#8217;edat i aix\u00ed acompanyar i assessorar les fam\u00edlies en<b>\u00a0l&#8217;\u00fas<\/b><b>\u00a0<\/b>de pantalles\u00a0dintre el\u00a0<a href=\"https:\/\/educacio.gencat.cat\/ca\/departament\/linies-estrategiques\/pla-digitalitzacio-responsable\/index.html\" target=\"_blank\" rel=\"noopener\" data-saferedirecturl=\"https:\/\/www.google.com\/url?q=https:\/\/educacio.gencat.cat\/ca\/departament\/linies-estrategiques\/pla-digitalitzacio-responsable\/index.html&amp;source=gmail&amp;ust=1758822657525000&amp;usg=AOvVaw2Rpo1xBXVgP5pAnp0xgAeB\">Pla de digitalitzaci\u00f3 responsable<\/a>\u00a0que ha impulsat.<\/p>\n<p data-start=\"372\" data-end=\"584\">Per tal de facilitar-ne la comprensi\u00f3, des de l\u2019equip de comunicaci\u00f3 del centre hem preparat tamb\u00e9 un <strong data-start=\"474\" data-end=\"500\">resum visual i pr\u00e0ctic<\/strong> que recull els punts m\u00e9s rellevants i les principals idees del document original, fent especial \u00e8mfasi a la franja d&#8217;edat del nostre alumnat: <a href=\"https:\/\/agora.xtec.cat\/ieselspallaresos\/wp-content\/uploads\/usu652\/2025\/09\/FAMILIES-25-26.-US-PANTALLES-INS-ELS-PALLARESOS.pdf\">\u00daS PANTALLES INS ELS PALLARESOS<\/a><\/p>\n<p data-start=\"699\" data-end=\"851\">L\u2019objectiu \u00e9s clar: <strong data-start=\"719\" data-end=\"789\">educar en un \u00fas responsable, saludable i coherent dels dispositius<\/strong> per garantir el benestar i l\u2019aprenentatge de tot l\u2019alumnat segons la seva franja d&#8217;edat.<\/p>\n<p dir=\"ltr\">Tamb\u00e9 us adjuntem la <a href=\"https:\/\/educacio.gencat.cat\/web\/.content\/home\/departament\/linies-estrategiques\/pla-digitalitzacio-responsable\/guia-families.pdf\" target=\"_blank\" rel=\"noopener\" data-saferedirecturl=\"https:\/\/www.google.com\/url?q=https:\/\/educacio.gencat.cat\/web\/.content\/home\/departament\/linies-estrategiques\/pla-digitalitzacio-responsable\/guia-families.pdf&amp;source=gmail&amp;ust=1758822657525000&amp;usg=AOvVaw0k7pvJxcriR87n0w4AGZYR\">guia completa<\/a>.<\/p>\n<p dir=\"ltr\">Esperem que us sigui d\u2019utilitat!<\/p>\n<p>&nbsp;<\/p>\n","protected":false},"excerpt":{"rendered":"<p>Amb l\u2019objectiu de fomentar un \u00fas equilibrat i educatiu de la tecnologia, el Departament d\u2019Educaci\u00f3 ha publicat un document oficial amb les orientacions i recomanacions sobre l\u2019\u00fas de les pantalles i els dispositius m\u00f2bils segons les franges d&#8217;edat i aix\u00ed acompanyar i assessorar les fam\u00edlies en\u00a0l&#8217;\u00fas\u00a0de pantalles\u00a0dintre el\u00a0Pla de digitalitzaci\u00f3 responsable\u00a0que ha impulsat. Per tal [&hellip;]<\/p>\n","protected":false},"author":63,"featured_media":0,"comment_status":"closed","ping_status":"open","sticky":false,"template":"","format":"standard","meta":{"_bbp_topic_count":0,"_bbp_reply_count":0,"_bbp_total_topic_count":0,"_bbp_total_reply_count":0,"_bbp_voice_count":0,"_bbp_anonymous_reply_count":0,"_bbp_topic_count_hidden":0,"_bbp_reply_count_hidden":0,"_bbp_forum_subforum_count":0,"site-sidebar-layout":"default","site-content-layout":"","ast-site-content-layout":"","site-content-style":"default","site-sidebar-style":"default","ast-global-header-display":"","ast-banner-title-visibility":"","ast-main-header-display":"","ast-hfb-above-header-display":"","ast-hfb-below-header-display":"","ast-hfb-mobile-header-display":"","site-post-title":"","ast-breadcrumbs-content":"","ast-featured-img":"","footer-sml-layout":"","theme-transparent-header-meta":"","adv-header-id-meta":"","stick-header-meta":"","header-above-stick-meta":"","header-main-stick-meta":"","header-below-stick-meta":"","astra-migrate-meta-layouts":"default","ast-page-background-enabled":"default","ast-page-background-meta":{"desktop":{"background-color":"var(--ast-global-color-4)","background-image":"","background-repeat":"repeat","background-position":"center center","background-size":"auto","background-attachment":"scroll","background-type":"","background-media":"","overlay-type":"","overlay-color":"","overlay-opacity":"","overlay-gradient":""},"tablet":{"background-color":"","background-image":"","background-repeat":"repeat","background-position":"center center","background-size":"auto","background-attachment":"scroll","background-type":"","background-media":"","overlay-type":"","overlay-color":"","overlay-opacity":"","overlay-gradient":""},"mobile":{"background-color":"","background-image":"","background-repeat":"repeat","background-position":"center center","background-size":"auto","background-attachment":"scroll","background-type":"","background-media":"","overlay-type":"","overlay-color":"","overlay-opacity":"","overlay-gradient":""}},"ast-content-background-meta":{"desktop":{"background-color":"var(--ast-global-color-5)","background-image":"","background-repeat":"repeat","background-position":"center center","background-size":"auto","background-attachment":"scroll","background-type":"","background-media":"","overlay-type":"","overlay-color":"","overlay-opacity":"","overlay-gradient":""},"tablet":{"background-color":"var(--ast-global-color-5)","background-image":"","background-repeat":"repeat","background-position":"center center","background-size":"auto","background-attachment":"scroll","background-type":"","background-media":"","overlay-type":"","overlay-color":"","overlay-opacity":"","overlay-gradient":""},"mobile":{"background-color":"var(--ast-global-color-5)","background-image":"","background-repeat":"repeat","background-position":"center center","background-size":"auto","background-attachment":"scroll","background-type":"","background-media":"","overlay-type":"","overlay-color":"","overlay-opacity":"","overlay-gradient":""}},"footnotes":""},"categories":[31,8,3,1,29],"tags":[],"class_list":["post-2284","post","type-post","status-publish","format-standard","hentry","category-afa","category-batxillerat","category-eso","category-general","category-portada"],"post_mailing_queue_ids":[],"_links":{"self":[{"href":"https:\/\/agora.xtec.cat\/ieselspallaresos\/wp-json\/wp\/v2\/posts\/2284","targetHints":{"allow":["GET"]}}],"collection":[{"href":"https:\/\/agora.xtec.cat\/ieselspallaresos\/wp-json\/wp\/v2\/posts"}],"about":[{"href":"https:\/\/agora.xtec.cat\/ieselspallaresos\/wp-json\/wp\/v2\/types\/post"}],"author":[{"embeddable":true,"href":"https:\/\/agora.xtec.cat\/ieselspallaresos\/wp-json\/wp\/v2\/users\/63"}],"replies":[{"embeddable":true,"href":"https:\/\/agora.xtec.cat\/ieselspallaresos\/wp-json\/wp\/v2\/comments?post=2284"}],"version-history":[{"count":3,"href":"https:\/\/agora.xtec.cat\/ieselspallaresos\/wp-json\/wp\/v2\/posts\/2284\/revisions"}],"predecessor-version":[{"id":2290,"href":"https:\/\/agora.xtec.cat\/ieselspallaresos\/wp-json\/wp\/v2\/posts\/2284\/revisions\/2290"}],"wp:attachment":[{"href":"https:\/\/agora.xtec.cat\/ieselspallaresos\/wp-json\/wp\/v2\/media?parent=2284"}],"wp:term":[{"taxonomy":"category","embeddable":true,"href":"https:\/\/agora.xtec.cat\/ieselspallaresos\/wp-json\/wp\/v2\/categories?post=2284"},{"taxonomy":"post_tag","embeddable":true,"href":"https:\/\/agora.xtec.cat\/ieselspallaresos\/wp-json\/wp\/v2\/tags?post=2284"}],"curies":[{"name":"wp","href":"https:\/\/api.w.org\/{rel}","templated":true}]}}