{"id":2260,"date":"2025-07-07T12:32:23","date_gmt":"2025-07-07T10:32:23","guid":{"rendered":"https:\/\/agora.xtec.cat\/ieselspallaresos\/?p=2260"},"modified":"2025-07-07T12:33:13","modified_gmt":"2025-07-07T10:33:13","slug":"nova-direccio","status":"publish","type":"post","link":"https:\/\/agora.xtec.cat\/ieselspallaresos\/general\/nova-direccio\/","title":{"rendered":"Nova direcci\u00f3"},"content":{"rendered":"<p dir=\"ltr\"><strong>Benvolgudes fam\u00edlies<\/strong>,<\/p>\n<p dir=\"ltr\">Aquest juliol inicio la meva tasca com a directora de l\u2019Institut Els Pallaresos. Assumeixo aquest c\u00e0rrec amb il\u00b7lusi\u00f3, amb ganes de treballar i amb plena consci\u00e8ncia de la responsabilitat que suposa. Tot i la immensa tasca que afronto, em sento afortunada, ja que compto amb tres persones de vasta experi\u00e8ncia en l\u2019equip directiu: Abel Aparicio (Cap d\u2019Estudis), Antu Massoni (Secret\u00e0ria) i Jordi P\u00e0mies (Coordinador Pedag\u00f2gic).<\/p>\n<p dir=\"ltr\"><img decoding=\"async\" class=\"CToWUd a6T\" tabindex=\"0\" src=\"https:\/\/lh7-rt.googleusercontent.com\/docsz\/AD_4nXeg-9iMrubtM5F0kVF3eSjEAXAIQLOxSC1qJZRz4lwtQNm8zBl_r5doQCPMGql8PikxzcF2211lBXJcZMo-xOpPpd7MC9Wzq5mfXviEipbvn81X9W8_ENxIbWpOE4oVMjgJWkHDIQ?key=AFqtQBAMhIVOYrPPQfUCMg\" width=\"511\" height=\"382.5114594491757\" data-bit=\"iit\" \/><\/p>\n<p dir=\"ltr\">El claustre del nostre centre est\u00e0 format per professorat comprom\u00e8s i implicat i que comparteix un objectiu com\u00fa amb la resta de la comunitat educativa: la formaci\u00f3 i el benestar del nostre alumnat. Som en un moment en qu\u00e8 l\u2019educaci\u00f3 afronta reptes cada cop m\u00e9s complexos. Nom\u00e9s des del treball conjunt, des de la col\u00b7laboraci\u00f3 estreta entre el personal de l\u2019Institut (professorat i personal d\u2019administraci\u00f3 i serveis) i les fam\u00edlies, podrem donar-hi resposta.<\/p>\n<p dir=\"ltr\">Desitjo que aquest nou curs ens permeti continuar creixent com a comunitat educativa. Com sempre, a l\u2019Institut estem a la vostra disposici\u00f3 per a qualsevol consulta, suggeriment o inquietud que ens vulgueu fer arribar.<\/p>\n<p dir=\"ltr\">Gr\u00e0cies d\u2019avan\u00e7ada per la vostra confian\u00e7a, pel vostre suport i per formar part d\u2019aquest projecte educatiu compartit.<\/p>\n<p dir=\"ltr\">Rebeu una cordial salutaci\u00f3,<\/p>\n<p dir=\"ltr\">Noemi Bag\u00e9s<\/p>\n","protected":false},"excerpt":{"rendered":"<p>Benvolgudes fam\u00edlies, Aquest juliol inicio la meva tasca com a directora de l\u2019Institut Els Pallaresos. Assumeixo aquest c\u00e0rrec amb il\u00b7lusi\u00f3, amb ganes de treballar i amb plena consci\u00e8ncia de la responsabilitat que suposa. Tot i la immensa tasca que afronto, em sento afortunada, ja que compto amb tres persones de vasta experi\u00e8ncia en l\u2019equip directiu: [&hellip;]<\/p>\n","protected":false},"author":1,"featured_media":0,"comment_status":"open","ping_status":"open","sticky":false,"template":"","format":"standard","meta":{"_bbp_topic_count":0,"_bbp_reply_count":0,"_bbp_total_topic_count":0,"_bbp_total_reply_count":0,"_bbp_voice_count":0,"_bbp_anonymous_reply_count":0,"_bbp_topic_count_hidden":0,"_bbp_reply_count_hidden":0,"_bbp_forum_subforum_count":0,"site-sidebar-layout":"default","site-content-layout":"","ast-site-content-layout":"","site-content-style":"default","site-sidebar-style":"default","ast-global-header-display":"","ast-banner-title-visibility":"","ast-main-header-display":"","ast-hfb-above-header-display":"","ast-hfb-below-header-display":"","ast-hfb-mobile-header-display":"","site-post-title":"","ast-breadcrumbs-content":"","ast-featured-img":"","footer-sml-layout":"","theme-transparent-header-meta":"","adv-header-id-meta":"","stick-header-meta":"","header-above-stick-meta":"","header-main-stick-meta":"","header-below-stick-meta":"","astra-migrate-meta-layouts":"default","ast-page-background-enabled":"default","ast-page-background-meta":{"desktop":{"background-color":"var(--ast-global-color-4)","background-image":"","background-repeat":"repeat","background-position":"center center","background-size":"auto","background-attachment":"scroll","background-type":"","background-media":"","overlay-type":"","overlay-color":"","overlay-opacity":"","overlay-gradient":""},"tablet":{"background-color":"","background-image":"","background-repeat":"repeat","background-position":"center center","background-size":"auto","background-attachment":"scroll","background-type":"","background-media":"","overlay-type":"","overlay-color":"","overlay-opacity":"","overlay-gradient":""},"mobile":{"background-color":"","background-image":"","background-repeat":"repeat","background-position":"center center","background-size":"auto","background-attachment":"scroll","background-type":"","background-media":"","overlay-type":"","overlay-color":"","overlay-opacity":"","overlay-gradient":""}},"ast-content-background-meta":{"desktop":{"background-color":"var(--ast-global-color-5)","background-image":"","background-repeat":"repeat","background-position":"center center","background-size":"auto","background-attachment":"scroll","background-type":"","background-media":"","overlay-type":"","overlay-color":"","overlay-opacity":"","overlay-gradient":""},"tablet":{"background-color":"var(--ast-global-color-5)","background-image":"","background-repeat":"repeat","background-position":"center center","background-size":"auto","background-attachment":"scroll","background-type":"","background-media":"","overlay-type":"","overlay-color":"","overlay-opacity":"","overlay-gradient":""},"mobile":{"background-color":"var(--ast-global-color-5)","background-image":"","background-repeat":"repeat","background-position":"center center","background-size":"auto","background-attachment":"scroll","background-type":"","background-media":"","overlay-type":"","overlay-color":"","overlay-opacity":"","overlay-gradient":""}},"footnotes":""},"categories":[1,29],"tags":[],"class_list":["post-2260","post","type-post","status-publish","format-standard","hentry","category-general","category-portada"],"post_mailing_queue_ids":[],"_links":{"self":[{"href":"https:\/\/agora.xtec.cat\/ieselspallaresos\/wp-json\/wp\/v2\/posts\/2260","targetHints":{"allow":["GET"]}}],"collection":[{"href":"https:\/\/agora.xtec.cat\/ieselspallaresos\/wp-json\/wp\/v2\/posts"}],"about":[{"href":"https:\/\/agora.xtec.cat\/ieselspallaresos\/wp-json\/wp\/v2\/types\/post"}],"author":[{"embeddable":true,"href":"https:\/\/agora.xtec.cat\/ieselspallaresos\/wp-json\/wp\/v2\/users\/1"}],"replies":[{"embeddable":true,"href":"https:\/\/agora.xtec.cat\/ieselspallaresos\/wp-json\/wp\/v2\/comments?post=2260"}],"version-history":[{"count":1,"href":"https:\/\/agora.xtec.cat\/ieselspallaresos\/wp-json\/wp\/v2\/posts\/2260\/revisions"}],"predecessor-version":[{"id":2261,"href":"https:\/\/agora.xtec.cat\/ieselspallaresos\/wp-json\/wp\/v2\/posts\/2260\/revisions\/2261"}],"wp:attachment":[{"href":"https:\/\/agora.xtec.cat\/ieselspallaresos\/wp-json\/wp\/v2\/media?parent=2260"}],"wp:term":[{"taxonomy":"category","embeddable":true,"href":"https:\/\/agora.xtec.cat\/ieselspallaresos\/wp-json\/wp\/v2\/categories?post=2260"},{"taxonomy":"post_tag","embeddable":true,"href":"https:\/\/agora.xtec.cat\/ieselspallaresos\/wp-json\/wp\/v2\/tags?post=2260"}],"curies":[{"name":"wp","href":"https:\/\/api.w.org\/{rel}","templated":true}]}}