{"id":2226,"date":"2024-06-21T12:46:13","date_gmt":"2024-06-21T10:46:13","guid":{"rendered":"https:\/\/agora.xtec.cat\/ieselspallaresos\/?p=2226"},"modified":"2024-06-21T12:46:13","modified_gmt":"2024-06-21T10:46:13","slug":"lets-clean-up-2024-i-plantada-darbres","status":"publish","type":"post","link":"https:\/\/agora.xtec.cat\/ieselspallaresos\/general\/lets-clean-up-2024-i-plantada-darbres\/","title":{"rendered":"LET&#8217;S CLEAN UP 2024 i PLANTADA D&#8217;ARBRES"},"content":{"rendered":"<p><a href=\"https:\/\/agora.xtec.cat\/ieselspallaresos\/wp-content\/uploads\/usu652\/2024\/06\/WhatsApp-Image-2024-06-21-at-12.35.23-scaled.jpeg\"><img loading=\"lazy\" decoding=\"async\" class=\"alignnone size-large wp-image-2228\" src=\"https:\/\/agora.xtec.cat\/ieselspallaresos\/wp-content\/uploads\/usu652\/2024\/06\/WhatsApp-Image-2024-06-21-at-12.35.23-1024x768.jpeg\" alt=\"\" width=\"1024\" height=\"768\" srcset=\"https:\/\/agora.xtec.cat\/ieselspallaresos\/wp-content\/uploads\/usu652\/2024\/06\/WhatsApp-Image-2024-06-21-at-12.35.23-1024x768.jpeg 1024w, https:\/\/agora.xtec.cat\/ieselspallaresos\/wp-content\/uploads\/usu652\/2024\/06\/WhatsApp-Image-2024-06-21-at-12.35.23-300x225.jpeg 300w, https:\/\/agora.xtec.cat\/ieselspallaresos\/wp-content\/uploads\/usu652\/2024\/06\/WhatsApp-Image-2024-06-21-at-12.35.23-768x576.jpeg 768w, https:\/\/agora.xtec.cat\/ieselspallaresos\/wp-content\/uploads\/usu652\/2024\/06\/WhatsApp-Image-2024-06-21-at-12.35.23-1536x1152.jpeg 1536w, https:\/\/agora.xtec.cat\/ieselspallaresos\/wp-content\/uploads\/usu652\/2024\/06\/WhatsApp-Image-2024-06-21-at-12.35.23-2048x1536.jpeg 2048w, https:\/\/agora.xtec.cat\/ieselspallaresos\/wp-content\/uploads\/usu652\/2024\/06\/WhatsApp-Image-2024-06-21-at-12.35.23-200x150.jpeg 200w\" sizes=\"auto, (max-width: 1024px) 100vw, 1024px\" \/><\/a>Aquest curs ha estat especialment actiu en termes de sensibilitzaci\u00f3 ambiental. Hem participat en la campanya Let&#8217;s Clean Up, amb quatre centres educatius del nostre municipi, on vam recollir 200 kg de deixalles. Aquesta activitat va millorar la qualitat del nostre entorn i va conscienciar els participants sobre la import\u00e0ncia de mantenir-lo net i saludable. L\u2019alumnat tamb\u00e9 van aprendre sobre la separaci\u00f3 i el reciclatge de materials, fomentant h\u00e0bits sostenibles.<\/p>\n<p>A m\u00e9s, vam celebrar el Dia Europeu dels Arbres amb una jornada especial que va involucrar 19 alumnes del nostre centre. Juntes amb altres centres del municipi, vam plantar arbres i decorar bancs pintant-los de blau, contribuint a la reforestaci\u00f3 i afegint un toc art\u00edstic a la nostra activitat. Aquestes jornades han estat una oportunitat \u00fanica per connectar amb la natura, aprendre sobre la import\u00e0ncia dels arbres i fomentar un sentiment de comunitat i cooperaci\u00f3 entre els diferents centres educatius. Amb aquestes activitats, hem demostrat que, juntes, podem fer una gran difer\u00e8ncia per al nostre planeta.<\/p>\n<p>Esperem que el que ha estat un petit pas pel jovent sigui en un futur un gran pas per la sostenibilitat.<\/p>\n<p><a href=\"https:\/\/agora.xtec.cat\/ieselspallaresos\/wp-content\/uploads\/usu652\/2024\/06\/WhatsApp-Image-2024-06-21-at-12.35.26-scaled.jpeg\"><img loading=\"lazy\" decoding=\"async\" class=\"alignnone size-large wp-image-2229\" src=\"https:\/\/agora.xtec.cat\/ieselspallaresos\/wp-content\/uploads\/usu652\/2024\/06\/WhatsApp-Image-2024-06-21-at-12.35.26-768x1024.jpeg\" alt=\"\" width=\"768\" height=\"1024\" srcset=\"https:\/\/agora.xtec.cat\/ieselspallaresos\/wp-content\/uploads\/usu652\/2024\/06\/WhatsApp-Image-2024-06-21-at-12.35.26-768x1024.jpeg 768w, https:\/\/agora.xtec.cat\/ieselspallaresos\/wp-content\/uploads\/usu652\/2024\/06\/WhatsApp-Image-2024-06-21-at-12.35.26-225x300.jpeg 225w, https:\/\/agora.xtec.cat\/ieselspallaresos\/wp-content\/uploads\/usu652\/2024\/06\/WhatsApp-Image-2024-06-21-at-12.35.26-1152x1536.jpeg 1152w, https:\/\/agora.xtec.cat\/ieselspallaresos\/wp-content\/uploads\/usu652\/2024\/06\/WhatsApp-Image-2024-06-21-at-12.35.26-1536x2048.jpeg 1536w, https:\/\/agora.xtec.cat\/ieselspallaresos\/wp-content\/uploads\/usu652\/2024\/06\/WhatsApp-Image-2024-06-21-at-12.35.26-scaled.jpeg 1920w\" sizes=\"auto, (max-width: 768px) 100vw, 768px\" \/><\/a><\/p>\n","protected":false},"excerpt":{"rendered":"<p>Aquest curs ha estat especialment actiu en termes de sensibilitzaci\u00f3 ambiental. Hem participat en la campanya Let&#8217;s Clean Up, amb quatre centres educatius del nostre municipi, on vam recollir 200 kg de deixalles. Aquesta activitat va millorar la qualitat del nostre entorn i va conscienciar els participants sobre la import\u00e0ncia de mantenir-lo net i saludable. [&hellip;]<\/p>\n","protected":false},"author":12,"featured_media":2228,"comment_status":"open","ping_status":"closed","sticky":false,"template":"","format":"standard","meta":{"_bbp_topic_count":0,"_bbp_reply_count":0,"_bbp_total_topic_count":0,"_bbp_total_reply_count":0,"_bbp_voice_count":0,"_bbp_anonymous_reply_count":0,"_bbp_topic_count_hidden":0,"_bbp_reply_count_hidden":0,"_bbp_forum_subforum_count":0,"site-sidebar-layout":"default","site-content-layout":"","ast-site-content-layout":"","site-content-style":"default","site-sidebar-style":"default","ast-global-header-display":"","ast-banner-title-visibility":"","ast-main-header-display":"","ast-hfb-above-header-display":"","ast-hfb-below-header-display":"","ast-hfb-mobile-header-display":"","site-post-title":"","ast-breadcrumbs-content":"","ast-featured-img":"","footer-sml-layout":"","theme-transparent-header-meta":"","adv-header-id-meta":"","stick-header-meta":"","header-above-stick-meta":"","header-main-stick-meta":"","header-below-stick-meta":"","astra-migrate-meta-layouts":"default","ast-page-background-enabled":"default","ast-page-background-meta":{"desktop":{"background-color":"var(--ast-global-color-4)","background-image":"","background-repeat":"repeat","background-position":"center center","background-size":"auto","background-attachment":"scroll","background-type":"","background-media":"","overlay-type":"","overlay-color":"","overlay-opacity":"","overlay-gradient":""},"tablet":{"background-color":"","background-image":"","background-repeat":"repeat","background-position":"center center","background-size":"auto","background-attachment":"scroll","background-type":"","background-media":"","overlay-type":"","overlay-color":"","overlay-opacity":"","overlay-gradient":""},"mobile":{"background-color":"","background-image":"","background-repeat":"repeat","background-position":"center center","background-size":"auto","background-attachment":"scroll","background-type":"","background-media":"","overlay-type":"","overlay-color":"","overlay-opacity":"","overlay-gradient":""}},"ast-content-background-meta":{"desktop":{"background-color":"var(--ast-global-color-5)","background-image":"","background-repeat":"repeat","background-position":"center center","background-size":"auto","background-attachment":"scroll","background-type":"","background-media":"","overlay-type":"","overlay-color":"","overlay-opacity":"","overlay-gradient":""},"tablet":{"background-color":"var(--ast-global-color-5)","background-image":"","background-repeat":"repeat","background-position":"center center","background-size":"auto","background-attachment":"scroll","background-type":"","background-media":"","overlay-type":"","overlay-color":"","overlay-opacity":"","overlay-gradient":""},"mobile":{"background-color":"var(--ast-global-color-5)","background-image":"","background-repeat":"repeat","background-position":"center center","background-size":"auto","background-attachment":"scroll","background-type":"","background-media":"","overlay-type":"","overlay-color":"","overlay-opacity":"","overlay-gradient":""}},"footnotes":""},"categories":[119,1,29],"tags":[56],"class_list":["post-2226","post","type-post","status-publish","format-standard","has-post-thumbnail","hentry","category-escverda","category-general","category-portada","tag-escola-verda"],"post_mailing_queue_ids":[],"_links":{"self":[{"href":"https:\/\/agora.xtec.cat\/ieselspallaresos\/wp-json\/wp\/v2\/posts\/2226","targetHints":{"allow":["GET"]}}],"collection":[{"href":"https:\/\/agora.xtec.cat\/ieselspallaresos\/wp-json\/wp\/v2\/posts"}],"about":[{"href":"https:\/\/agora.xtec.cat\/ieselspallaresos\/wp-json\/wp\/v2\/types\/post"}],"author":[{"embeddable":true,"href":"https:\/\/agora.xtec.cat\/ieselspallaresos\/wp-json\/wp\/v2\/users\/12"}],"replies":[{"embeddable":true,"href":"https:\/\/agora.xtec.cat\/ieselspallaresos\/wp-json\/wp\/v2\/comments?post=2226"}],"version-history":[{"count":2,"href":"https:\/\/agora.xtec.cat\/ieselspallaresos\/wp-json\/wp\/v2\/posts\/2226\/revisions"}],"predecessor-version":[{"id":2231,"href":"https:\/\/agora.xtec.cat\/ieselspallaresos\/wp-json\/wp\/v2\/posts\/2226\/revisions\/2231"}],"wp:featuredmedia":[{"embeddable":true,"href":"https:\/\/agora.xtec.cat\/ieselspallaresos\/wp-json\/wp\/v2\/media\/2228"}],"wp:attachment":[{"href":"https:\/\/agora.xtec.cat\/ieselspallaresos\/wp-json\/wp\/v2\/media?parent=2226"}],"wp:term":[{"taxonomy":"category","embeddable":true,"href":"https:\/\/agora.xtec.cat\/ieselspallaresos\/wp-json\/wp\/v2\/categories?post=2226"},{"taxonomy":"post_tag","embeddable":true,"href":"https:\/\/agora.xtec.cat\/ieselspallaresos\/wp-json\/wp\/v2\/tags?post=2226"}],"curies":[{"name":"wp","href":"https:\/\/api.w.org\/{rel}","templated":true}]}}