{"id":2172,"date":"2024-02-13T12:27:49","date_gmt":"2024-02-13T11:27:49","guid":{"rendered":"https:\/\/agora.xtec.cat\/ieselspallaresos\/?p=2172"},"modified":"2024-02-13T12:27:54","modified_gmt":"2024-02-13T11:27:54","slug":"setmana-per-la-pau","status":"publish","type":"post","link":"https:\/\/agora.xtec.cat\/ieselspallaresos\/general\/setmana-per-la-pau\/","title":{"rendered":"Setmana per la PAU"},"content":{"rendered":"<div><\/div>\n<p><div>L&#8217;activitat que hem fet durant la setmana de la Pau a l&#8217;institut ha estat escriure una carta individualment a adolescents que estan vivint envoltats d&#8217;un conflicte armat.<\/div>\n<\/p>\n<div><\/div>\n<div>El divendres, en l&#8217;acte de cloenda, vam deixar les cartes a la b\u00fastia per la Pau i es va llegir una de les cartes per cada nivell educatiu.<\/div>\n<div><\/div>\n<p><div>Vol\u00edem compartir una de les cartes amb vosaltres:<\/div>\n<\/p>\n<div><\/div>\n<div>\n<p dir=\"ltr\"><strong><em>Benvolgut amic,<\/em><\/strong><\/p>\n<p dir=\"ltr\"><strong><em>S\u00e9 que \u00e9s una mica estrany que rebis aquesta carta, perqu\u00e8 no ens coneixem encara, per\u00f2 a l\u2019escola ens han parlat sobre el conflicte que esteu vivint amb el vostre pa\u00eds ve\u00ed. Per aix\u00f2 m\u2019ha semblat bona idea escriure\u2019t.<\/em><\/strong><\/p>\n<p dir=\"ltr\"><strong><em>Tenint en compte que porteu quasi dos anys en baralles constants, no em puc imaginar com ha de ser de dur no saber quan s\u2019acabar\u00e0, quan podr\u00e0s tornar a casa o a l\u2019escola, si tornar\u00e0s a veure els teus familiars. I tamb\u00e9 recordar\u00e0s amb certa nost\u00e0lgia tots els moments que passaves a la teva ciutat. \u00c9s clar que parlo des del desconeixement, perqu\u00e8 per sort al meu pa\u00eds no hi ha guerra i no s\u00e9 com es viu.<\/em><\/strong><\/p>\n<p dir=\"ltr\"><strong><em>Desitjo que tu i tots els teus \u00e9ssers estimats tamb\u00e9 estigueu b\u00e9 i que aviat et pugui con\u00e8ixer i fer-te una abra\u00e7ada molt gran.<\/em><\/strong><\/p>\n<p dir=\"ltr\"><strong><em>Representant de l\u2019alumnat de 1r d\u2019ESO<\/em><\/strong><\/p>\n<\/div>\n","protected":false},"excerpt":{"rendered":"<p>L&#8217;activitat que hem fet durant la setmana de la Pau a l&#8217;institut ha estat escriure una carta individualment a adolescents que estan vivint envoltats d&#8217;un conflicte armat. El divendres, en l&#8217;acte de cloenda, vam deixar les cartes a la b\u00fastia per la Pau i es va llegir una de les cartes per cada nivell educatiu. [&hellip;]<\/p>\n","protected":false},"author":57,"featured_media":0,"comment_status":"open","ping_status":"closed","sticky":false,"template":"","format":"standard","meta":{"_bbp_topic_count":0,"_bbp_reply_count":0,"_bbp_total_topic_count":0,"_bbp_total_reply_count":0,"_bbp_voice_count":0,"_bbp_anonymous_reply_count":0,"_bbp_topic_count_hidden":0,"_bbp_reply_count_hidden":0,"_bbp_forum_subforum_count":0,"site-sidebar-layout":"default","site-content-layout":"","ast-site-content-layout":"","site-content-style":"default","site-sidebar-style":"default","ast-global-header-display":"","ast-banner-title-visibility":"","ast-main-header-display":"","ast-hfb-above-header-display":"","ast-hfb-below-header-display":"","ast-hfb-mobile-header-display":"","site-post-title":"","ast-breadcrumbs-content":"","ast-featured-img":"","footer-sml-layout":"","theme-transparent-header-meta":"","adv-header-id-meta":"","stick-header-meta":"","header-above-stick-meta":"","header-main-stick-meta":"","header-below-stick-meta":"","astra-migrate-meta-layouts":"default","ast-page-background-enabled":"default","ast-page-background-meta":{"desktop":{"background-color":"var(--ast-global-color-4)","background-image":"","background-repeat":"repeat","background-position":"center center","background-size":"auto","background-attachment":"scroll","background-type":"","background-media":"","overlay-type":"","overlay-color":"","overlay-opacity":"","overlay-gradient":""},"tablet":{"background-color":"","background-image":"","background-repeat":"repeat","background-position":"center center","background-size":"auto","background-attachment":"scroll","background-type":"","background-media":"","overlay-type":"","overlay-color":"","overlay-opacity":"","overlay-gradient":""},"mobile":{"background-color":"","background-image":"","background-repeat":"repeat","background-position":"center center","background-size":"auto","background-attachment":"scroll","background-type":"","background-media":"","overlay-type":"","overlay-color":"","overlay-opacity":"","overlay-gradient":""}},"ast-content-background-meta":{"desktop":{"background-color":"var(--ast-global-color-5)","background-image":"","background-repeat":"repeat","background-position":"center center","background-size":"auto","background-attachment":"scroll","background-type":"","background-media":"","overlay-type":"","overlay-color":"","overlay-opacity":"","overlay-gradient":""},"tablet":{"background-color":"var(--ast-global-color-5)","background-image":"","background-repeat":"repeat","background-position":"center center","background-size":"auto","background-attachment":"scroll","background-type":"","background-media":"","overlay-type":"","overlay-color":"","overlay-opacity":"","overlay-gradient":""},"mobile":{"background-color":"var(--ast-global-color-5)","background-image":"","background-repeat":"repeat","background-position":"center center","background-size":"auto","background-attachment":"scroll","background-type":"","background-media":"","overlay-type":"","overlay-color":"","overlay-opacity":"","overlay-gradient":""}},"footnotes":""},"categories":[1,29],"tags":[57],"class_list":["post-2172","post","type-post","status-publish","format-standard","hentry","category-general","category-portada","tag-expressio-escrita"],"post_mailing_queue_ids":[],"_links":{"self":[{"href":"https:\/\/agora.xtec.cat\/ieselspallaresos\/wp-json\/wp\/v2\/posts\/2172","targetHints":{"allow":["GET"]}}],"collection":[{"href":"https:\/\/agora.xtec.cat\/ieselspallaresos\/wp-json\/wp\/v2\/posts"}],"about":[{"href":"https:\/\/agora.xtec.cat\/ieselspallaresos\/wp-json\/wp\/v2\/types\/post"}],"author":[{"embeddable":true,"href":"https:\/\/agora.xtec.cat\/ieselspallaresos\/wp-json\/wp\/v2\/users\/57"}],"replies":[{"embeddable":true,"href":"https:\/\/agora.xtec.cat\/ieselspallaresos\/wp-json\/wp\/v2\/comments?post=2172"}],"version-history":[{"count":6,"href":"https:\/\/agora.xtec.cat\/ieselspallaresos\/wp-json\/wp\/v2\/posts\/2172\/revisions"}],"predecessor-version":[{"id":2180,"href":"https:\/\/agora.xtec.cat\/ieselspallaresos\/wp-json\/wp\/v2\/posts\/2172\/revisions\/2180"}],"wp:attachment":[{"href":"https:\/\/agora.xtec.cat\/ieselspallaresos\/wp-json\/wp\/v2\/media?parent=2172"}],"wp:term":[{"taxonomy":"category","embeddable":true,"href":"https:\/\/agora.xtec.cat\/ieselspallaresos\/wp-json\/wp\/v2\/categories?post=2172"},{"taxonomy":"post_tag","embeddable":true,"href":"https:\/\/agora.xtec.cat\/ieselspallaresos\/wp-json\/wp\/v2\/tags?post=2172"}],"curies":[{"name":"wp","href":"https:\/\/api.w.org\/{rel}","templated":true}]}}