{"id":2141,"date":"2023-11-24T09:03:06","date_gmt":"2023-11-24T08:03:06","guid":{"rendered":"https:\/\/agora.xtec.cat\/ieselspallaresos\/?p=2141"},"modified":"2023-11-24T09:06:14","modified_gmt":"2023-11-24T08:06:14","slug":"lesescoleslliuresdeviolencies","status":"publish","type":"post","link":"https:\/\/agora.xtec.cat\/ieselspallaresos\/general\/lesescoleslliuresdeviolencies\/","title":{"rendered":"#LesEscolesLliuresDeViol\u00e8ncies"},"content":{"rendered":"<p><a href=\"https:\/\/agora.xtec.cat\/ieselspallaresos\/wp-content\/uploads\/usu652\/2023\/11\/WhatsApp-Image-2023-11-24-at-08.59.53.jpeg\"><img loading=\"lazy\" decoding=\"async\" class=\"alignnone size-large wp-image-2143\" src=\"https:\/\/agora.xtec.cat\/ieselspallaresos\/wp-content\/uploads\/usu652\/2023\/11\/WhatsApp-Image-2023-11-24-at-08.59.53-1024x712.jpeg\" alt=\"\" width=\"1024\" height=\"712\" srcset=\"https:\/\/agora.xtec.cat\/ieselspallaresos\/wp-content\/uploads\/usu652\/2023\/11\/WhatsApp-Image-2023-11-24-at-08.59.53-1024x712.jpeg 1024w, https:\/\/agora.xtec.cat\/ieselspallaresos\/wp-content\/uploads\/usu652\/2023\/11\/WhatsApp-Image-2023-11-24-at-08.59.53-300x209.jpeg 300w, https:\/\/agora.xtec.cat\/ieselspallaresos\/wp-content\/uploads\/usu652\/2023\/11\/WhatsApp-Image-2023-11-24-at-08.59.53-768x534.jpeg 768w, https:\/\/agora.xtec.cat\/ieselspallaresos\/wp-content\/uploads\/usu652\/2023\/11\/WhatsApp-Image-2023-11-24-at-08.59.53-1536x1068.jpeg 1536w, https:\/\/agora.xtec.cat\/ieselspallaresos\/wp-content\/uploads\/usu652\/2023\/11\/WhatsApp-Image-2023-11-24-at-08.59.53.jpeg 1600w\" sizes=\"auto, (max-width: 1024px) 100vw, 1024px\" \/><\/a><\/p>\n<p>Des del nostre centre, a prop\u00f2sit del <a href=\"https:\/\/igualtat.gencat.cat\/ca\/actualitat\/campanyes\/25n-dia-internacional-per-lerradicacio-de-la-violencia-vers-les-dones\/\">Dia Internacional per l\u2019Erradicaci\u00f3 de la Viol\u00e8ncia vers les Dones<\/a>, mostrem el rebuig vers la viol\u00e8ncia que colpeja dones, infants i adolescents i manifestem la necessitat de donar una resposta a la viol\u00e8ncia estructural que s\u00f3n les viol\u00e8ncies masclistes.\u00a0<strong>Visibilitzem les viol\u00e8ncies masclistes en l\u2019\u00e0mbit educatiu. Previnguem-les!<\/strong><\/p>\n<p>Per aquest motiu, durant aquesta setmana anirem compartint amb vosaltres una s\u00e8rie de recursos que ens poden ajudar a aprendre i cr\u00e9ixer sent persones m\u00e9s igualit\u00e0ries i m\u00e9s compromeses en la nostra comunitat i mostrar el rebuig vers les viol\u00e8ncies masclistes.<\/p>\n<p>#25N<\/p>\n<p>#LesEscolesLliuresDeViol\u00e8ncies<\/p>\n","protected":false},"excerpt":{"rendered":"<p>Des del nostre centre, a prop\u00f2sit del Dia Internacional per l\u2019Erradicaci\u00f3 de la Viol\u00e8ncia vers les Dones, mostrem el rebuig vers la viol\u00e8ncia que colpeja dones, infants i adolescents i manifestem la necessitat de donar una resposta a la viol\u00e8ncia estructural que s\u00f3n les viol\u00e8ncies masclistes.\u00a0Visibilitzem les viol\u00e8ncies masclistes en l\u2019\u00e0mbit educatiu. Previnguem-les! Per aquest [&hellip;]<\/p>\n","protected":false},"author":48,"featured_media":0,"comment_status":"open","ping_status":"closed","sticky":false,"template":"","format":"standard","meta":{"_bbp_topic_count":0,"_bbp_reply_count":0,"_bbp_total_topic_count":0,"_bbp_total_reply_count":0,"_bbp_voice_count":0,"_bbp_anonymous_reply_count":0,"_bbp_topic_count_hidden":0,"_bbp_reply_count_hidden":0,"_bbp_forum_subforum_count":0,"site-sidebar-layout":"default","site-content-layout":"","ast-site-content-layout":"","site-content-style":"default","site-sidebar-style":"default","ast-global-header-display":"","ast-banner-title-visibility":"","ast-main-header-display":"","ast-hfb-above-header-display":"","ast-hfb-below-header-display":"","ast-hfb-mobile-header-display":"","site-post-title":"","ast-breadcrumbs-content":"","ast-featured-img":"","footer-sml-layout":"","theme-transparent-header-meta":"","adv-header-id-meta":"","stick-header-meta":"","header-above-stick-meta":"","header-main-stick-meta":"","header-below-stick-meta":"","astra-migrate-meta-layouts":"default","ast-page-background-enabled":"default","ast-page-background-meta":{"desktop":{"background-color":"var(--ast-global-color-4)","background-image":"","background-repeat":"repeat","background-position":"center center","background-size":"auto","background-attachment":"scroll","background-type":"","background-media":"","overlay-type":"","overlay-color":"","overlay-opacity":"","overlay-gradient":""},"tablet":{"background-color":"","background-image":"","background-repeat":"repeat","background-position":"center center","background-size":"auto","background-attachment":"scroll","background-type":"","background-media":"","overlay-type":"","overlay-color":"","overlay-opacity":"","overlay-gradient":""},"mobile":{"background-color":"","background-image":"","background-repeat":"repeat","background-position":"center center","background-size":"auto","background-attachment":"scroll","background-type":"","background-media":"","overlay-type":"","overlay-color":"","overlay-opacity":"","overlay-gradient":""}},"ast-content-background-meta":{"desktop":{"background-color":"var(--ast-global-color-5)","background-image":"","background-repeat":"repeat","background-position":"center center","background-size":"auto","background-attachment":"scroll","background-type":"","background-media":"","overlay-type":"","overlay-color":"","overlay-opacity":"","overlay-gradient":""},"tablet":{"background-color":"var(--ast-global-color-5)","background-image":"","background-repeat":"repeat","background-position":"center center","background-size":"auto","background-attachment":"scroll","background-type":"","background-media":"","overlay-type":"","overlay-color":"","overlay-opacity":"","overlay-gradient":""},"mobile":{"background-color":"var(--ast-global-color-5)","background-image":"","background-repeat":"repeat","background-position":"center center","background-size":"auto","background-attachment":"scroll","background-type":"","background-media":"","overlay-type":"","overlay-color":"","overlay-opacity":"","overlay-gradient":""}},"footnotes":""},"categories":[1,29],"tags":[139],"class_list":["post-2141","post","type-post","status-publish","format-standard","hentry","category-general","category-portada","tag-comissio-lila"],"post_mailing_queue_ids":[],"_links":{"self":[{"href":"https:\/\/agora.xtec.cat\/ieselspallaresos\/wp-json\/wp\/v2\/posts\/2141","targetHints":{"allow":["GET"]}}],"collection":[{"href":"https:\/\/agora.xtec.cat\/ieselspallaresos\/wp-json\/wp\/v2\/posts"}],"about":[{"href":"https:\/\/agora.xtec.cat\/ieselspallaresos\/wp-json\/wp\/v2\/types\/post"}],"author":[{"embeddable":true,"href":"https:\/\/agora.xtec.cat\/ieselspallaresos\/wp-json\/wp\/v2\/users\/48"}],"replies":[{"embeddable":true,"href":"https:\/\/agora.xtec.cat\/ieselspallaresos\/wp-json\/wp\/v2\/comments?post=2141"}],"version-history":[{"count":3,"href":"https:\/\/agora.xtec.cat\/ieselspallaresos\/wp-json\/wp\/v2\/posts\/2141\/revisions"}],"predecessor-version":[{"id":2145,"href":"https:\/\/agora.xtec.cat\/ieselspallaresos\/wp-json\/wp\/v2\/posts\/2141\/revisions\/2145"}],"wp:attachment":[{"href":"https:\/\/agora.xtec.cat\/ieselspallaresos\/wp-json\/wp\/v2\/media?parent=2141"}],"wp:term":[{"taxonomy":"category","embeddable":true,"href":"https:\/\/agora.xtec.cat\/ieselspallaresos\/wp-json\/wp\/v2\/categories?post=2141"},{"taxonomy":"post_tag","embeddable":true,"href":"https:\/\/agora.xtec.cat\/ieselspallaresos\/wp-json\/wp\/v2\/tags?post=2141"}],"curies":[{"name":"wp","href":"https:\/\/api.w.org\/{rel}","templated":true}]}}