{"id":1651,"date":"2021-11-05T08:36:09","date_gmt":"2021-11-05T07:36:09","guid":{"rendered":"https:\/\/agora.xtec.cat\/ieselspallaresos\/?p=1651"},"modified":"2021-11-05T08:50:51","modified_gmt":"2021-11-05T07:50:51","slug":"eleccions-al-consell-escolar-2","status":"publish","type":"post","link":"https:\/\/agora.xtec.cat\/ieselspallaresos\/general\/eleccions-al-consell-escolar-2\/","title":{"rendered":"Eleccions al consell escolar"},"content":{"rendered":"<div style=\"text-align: justify;\">Benvolgudes fam\u00edlies,<\/div>\n<div>\n<div style=\"text-align: justify;\"><\/div>\n<div style=\"text-align: justify;\">Aquest curs\u00a0 toca\u00a0renovaci\u00f3\u00a0d&#8217;alguns membres del\u00a0Consell\u00a0Escolar. El\u00a0Consell\u00a0Escolar\u00a0\u00e9s l&#8217;\u00f2rgan de govern, per excel\u00b7l\u00e8ncia, dels centres educatius. Est\u00e0 format per representants de diferents sectors. En el sector fam\u00edlia cal\u00a0renovar\u00a0dos representants. Us animem a participar, tant en la votaci\u00f3 com a candidats i candidates per formar part del\u00a0Consell.<\/div>\n<div style=\"text-align: justify;\"><\/div>\n<div style=\"text-align: justify;\">El dia 2 de novembre s&#8217;inicia el proc\u00e9s publicant-se els censos dels diferents sectors. Les llistes censals de les fam\u00edlies estaran penjades al taulell d&#8217;anuncis de l&#8217;entrada del centre. Del 3 al 5 de novembre podeu comprovar si figureu al cens, en cas contrari, podeu fer la reclamaci\u00f3 a l&#8217;administraci\u00f3 del centre. Les resolucions\u00a0sobre inscripcions al cens electoral es publicaran al taulell d&#8217;anuncis el dia 8 de novembre, conjuntament amb el cens electoral definitiu al qual hauran estat incorporades.<\/div>\n<div style=\"text-align: justify;\"><\/div>\n<div style=\"text-align: justify;\">Les candidatures es poden presentar per escrit amb els <a href=\"https:\/\/drive.google.com\/file\/d\/1WTRTZsL4Epjik5gpXrVo13LU1lesOKWW\/view?usp=sharing\" target=\"_blank\" rel=\"noopener\">impresos adients<\/a>, que us adjuntem, abans del dia 12 de novembre a l&#8217;adre\u00e7a\u00a0<a href=\"mailto:contacte@inselspallaresos.cat\" target=\"_blank\" rel=\"noopener\">contacte@<wbr \/>inselspallaresos.cat<\/a><\/div>\n<div style=\"text-align: justify;\"><\/div>\n<div style=\"text-align: justify;\">El sorteig per designar els membres vocals de la mesa electoral es far\u00e0 el dia 9 de novembre a les 10:00 h al despatx de direcci\u00f3 del centre. El dia 11 de novembre es constituir\u00e0 la mesa electoral.<\/div>\n<div style=\"text-align: justify;\"><\/div>\n<div style=\"text-align: justify;\">Si voleu actuar com a supervisor, ho heu de demanar per escrit, segons el <a href=\"https:\/\/drive.google.com\/file\/d\/112AWaK2wbnGHQryJTNIcs9vmTtOuNwTS\/view?usp=sharing\" target=\"_blank\" rel=\"noopener\">model adjunt<\/a>, dirigit al president de la mesa electoral abans del dia 16 de novembre al correu\u00a0<a href=\"mailto:contacte@inselspallaresos.cat\" target=\"_blank\" rel=\"noopener\">contacte@<wbr \/>inselspallaresos.cat<\/a><\/div>\n<div style=\"text-align: justify;\"><\/div>\n<div style=\"text-align: justify;\">Les eleccions es realitzaran el dia 22 de novembre de les 8:15\u202fh\u00a0 fins a les 14:00 i de les 15:30 fins a les 17:30 h al vest\u00edbul de l&#8217;institut. S&#8217;hauran de triar <b>dos representants del sector fam\u00edlia<\/b>. Finalitzades les votacions, en sessi\u00f3 p\u00fablica, es far\u00e0 l&#8217;escrutini dels vots emesos i posteriorment es proclamaran els candidats i candidates electes.<\/div>\n<div style=\"text-align: justify;\"><\/div>\n<div style=\"text-align: justify;\">Es\u00a0Consell\u00a0Escolar\u00a0es constituir\u00e0 abans del 20 de desembre.<\/div>\n<div style=\"text-align: justify;\"><\/div>\n<div style=\"text-align: justify;\"><b>Us animem a participar!<\/b><\/div>\n<div style=\"text-align: justify;\"><b>\u00a0<\/b><\/div>\n<div style=\"text-align: justify;\">Salutacions<\/div>\n<div style=\"text-align: justify;\"><\/div>\n<div style=\"text-align: justify;\">Equip Directiu Institut Els Pallaresos<\/div>\n<\/div>\n","protected":false},"excerpt":{"rendered":"<p>Benvolgudes fam\u00edlies, Aquest curs\u00a0 toca\u00a0renovaci\u00f3\u00a0d&#8217;alguns membres del\u00a0Consell\u00a0Escolar. El\u00a0Consell\u00a0Escolar\u00a0\u00e9s l&#8217;\u00f2rgan de govern, per excel\u00b7l\u00e8ncia, dels centres educatius. Est\u00e0 format per representants de diferents sectors. En el sector fam\u00edlia cal\u00a0renovar\u00a0dos representants. Us animem a participar, tant en la votaci\u00f3 com a candidats i candidates per formar part del\u00a0Consell. El dia 2 de novembre s&#8217;inicia el proc\u00e9s publicant-se [&hellip;]<\/p>\n","protected":false},"author":1,"featured_media":0,"comment_status":"closed","ping_status":"closed","sticky":false,"template":"","format":"standard","meta":{"_bbp_topic_count":0,"_bbp_reply_count":0,"_bbp_total_topic_count":0,"_bbp_total_reply_count":0,"_bbp_voice_count":0,"_bbp_anonymous_reply_count":0,"_bbp_topic_count_hidden":0,"_bbp_reply_count_hidden":0,"_bbp_forum_subforum_count":0,"site-sidebar-layout":"default","site-content-layout":"","ast-site-content-layout":"","site-content-style":"default","site-sidebar-style":"default","ast-global-header-display":"","ast-banner-title-visibility":"","ast-main-header-display":"","ast-hfb-above-header-display":"","ast-hfb-below-header-display":"","ast-hfb-mobile-header-display":"","site-post-title":"","ast-breadcrumbs-content":"","ast-featured-img":"","footer-sml-layout":"","theme-transparent-header-meta":"","adv-header-id-meta":"","stick-header-meta":"","header-above-stick-meta":"","header-main-stick-meta":"","header-below-stick-meta":"","astra-migrate-meta-layouts":"default","ast-page-background-enabled":"default","ast-page-background-meta":{"desktop":{"background-color":"var(--ast-global-color-4)","background-image":"","background-repeat":"repeat","background-position":"center center","background-size":"auto","background-attachment":"scroll","background-type":"","background-media":"","overlay-type":"","overlay-color":"","overlay-opacity":"","overlay-gradient":""},"tablet":{"background-color":"","background-image":"","background-repeat":"repeat","background-position":"center center","background-size":"auto","background-attachment":"scroll","background-type":"","background-media":"","overlay-type":"","overlay-color":"","overlay-opacity":"","overlay-gradient":""},"mobile":{"background-color":"","background-image":"","background-repeat":"repeat","background-position":"center center","background-size":"auto","background-attachment":"scroll","background-type":"","background-media":"","overlay-type":"","overlay-color":"","overlay-opacity":"","overlay-gradient":""}},"ast-content-background-meta":{"desktop":{"background-color":"var(--ast-global-color-5)","background-image":"","background-repeat":"repeat","background-position":"center center","background-size":"auto","background-attachment":"scroll","background-type":"","background-media":"","overlay-type":"","overlay-color":"","overlay-opacity":"","overlay-gradient":""},"tablet":{"background-color":"var(--ast-global-color-5)","background-image":"","background-repeat":"repeat","background-position":"center center","background-size":"auto","background-attachment":"scroll","background-type":"","background-media":"","overlay-type":"","overlay-color":"","overlay-opacity":"","overlay-gradient":""},"mobile":{"background-color":"var(--ast-global-color-5)","background-image":"","background-repeat":"repeat","background-position":"center center","background-size":"auto","background-attachment":"scroll","background-type":"","background-media":"","overlay-type":"","overlay-color":"","overlay-opacity":"","overlay-gradient":""}},"footnotes":""},"categories":[1,29],"tags":[],"class_list":["post-1651","post","type-post","status-publish","format-standard","hentry","category-general","category-portada"],"post_mailing_queue_ids":[],"_links":{"self":[{"href":"https:\/\/agora.xtec.cat\/ieselspallaresos\/wp-json\/wp\/v2\/posts\/1651","targetHints":{"allow":["GET"]}}],"collection":[{"href":"https:\/\/agora.xtec.cat\/ieselspallaresos\/wp-json\/wp\/v2\/posts"}],"about":[{"href":"https:\/\/agora.xtec.cat\/ieselspallaresos\/wp-json\/wp\/v2\/types\/post"}],"author":[{"embeddable":true,"href":"https:\/\/agora.xtec.cat\/ieselspallaresos\/wp-json\/wp\/v2\/users\/1"}],"replies":[{"embeddable":true,"href":"https:\/\/agora.xtec.cat\/ieselspallaresos\/wp-json\/wp\/v2\/comments?post=1651"}],"version-history":[{"count":3,"href":"https:\/\/agora.xtec.cat\/ieselspallaresos\/wp-json\/wp\/v2\/posts\/1651\/revisions"}],"predecessor-version":[{"id":1654,"href":"https:\/\/agora.xtec.cat\/ieselspallaresos\/wp-json\/wp\/v2\/posts\/1651\/revisions\/1654"}],"wp:attachment":[{"href":"https:\/\/agora.xtec.cat\/ieselspallaresos\/wp-json\/wp\/v2\/media?parent=1651"}],"wp:term":[{"taxonomy":"category","embeddable":true,"href":"https:\/\/agora.xtec.cat\/ieselspallaresos\/wp-json\/wp\/v2\/categories?post=1651"},{"taxonomy":"post_tag","embeddable":true,"href":"https:\/\/agora.xtec.cat\/ieselspallaresos\/wp-json\/wp\/v2\/tags?post=1651"}],"curies":[{"name":"wp","href":"https:\/\/api.w.org\/{rel}","templated":true}]}}