{"id":1608,"date":"2021-06-18T11:48:23","date_gmt":"2021-06-18T09:48:23","guid":{"rendered":"http:\/\/agora.xtec.cat\/ieselspallaresos\/?p=1608"},"modified":"2021-06-21T09:45:01","modified_gmt":"2021-06-21T07:45:01","slug":"mural-escola-verda-els-pallaresos","status":"publish","type":"post","link":"https:\/\/agora.xtec.cat\/ieselspallaresos\/general\/mural-escola-verda-els-pallaresos\/","title":{"rendered":"Mural Escola Verda els Pallaresos"},"content":{"rendered":"<p style=\"text-align: justify\">Aquest curs, per segon any consecutiu ens hem reunit tots els centres educatius del municipi dels Pallaresos, per tal de realitzar accions conjuntes d&#8217;Escoles Verdes.<\/p>\n<p style=\"text-align: justify\">Una d&#8217;aquestes accions, ha estat l&#8217;elaboraci\u00f3 d&#8217;un mural de tem\u00e0tica ambiental. El lema que vam triar va ser <em><strong>&#8220;Eduquem per la natura&#8221; <\/strong><\/em>i el disseny el va crear la professora S\u00edlvia Pri\u00f3 amb la intenci\u00f3 que pogu\u00e9s ser pintat tant per alumnes de prim\u00e0ria com de secund\u00e0ria.<\/p>\n<p style=\"text-align: justify\">Al llarg de la setmana del 7 a l&#8217;11 de juny han anat passant diferents alumnes i a poc a poc ha anat agafant color i forma el mural. El primer pas va ser pintar de blanc tota la paret i realitzar l&#8217;esb\u00f3s. A partir d&#8217;aqu\u00ed van participar dos grups de cinqu\u00e8 de l&#8217;escola Arquitecte Jujol i un grup de quart de l&#8217;escola Sant Sebasti\u00e0 i finalment els nostres alumnes de tercer de l&#8217;ESO fent els \u00faltims retocs i donant un color m\u00e9s uniforme a tot el mural. Han aconseguit que tingui un aspecte molt bonic!<\/p>\n<p><a href=\"https:\/\/agora.xtec.cat\/ieselspallaresos\/wp-content\/uploads\/usu652\/2021\/06\/MuralInici_opt.jpg\"><img loading=\"lazy\" decoding=\"async\" class=\"wp-image-1619 aligncenter\" src=\"https:\/\/agora.xtec.cat\/ieselspallaresos\/wp-content\/uploads\/usu652\/2021\/06\/MuralInici_opt.jpg\" alt=\"\" width=\"175\" height=\"131\" srcset=\"https:\/\/agora.xtec.cat\/ieselspallaresos\/wp-content\/uploads\/usu652\/2021\/06\/MuralInici_opt.jpg 400w, https:\/\/agora.xtec.cat\/ieselspallaresos\/wp-content\/uploads\/usu652\/2021\/06\/MuralInici_opt-300x225.jpg 300w, https:\/\/agora.xtec.cat\/ieselspallaresos\/wp-content\/uploads\/usu652\/2021\/06\/MuralInici_opt-200x150.jpg 200w\" sizes=\"auto, (max-width: 175px) 100vw, 175px\" \/><\/a><\/p>\n<p><a href=\"https:\/\/agora.xtec.cat\/ieselspallaresos\/wp-content\/uploads\/usu652\/2021\/06\/MuralJujol_opt.jpg\"><img loading=\"lazy\" decoding=\"async\" class=\"size-full wp-image-1618 aligncenter\" src=\"https:\/\/agora.xtec.cat\/ieselspallaresos\/wp-content\/uploads\/usu652\/2021\/06\/MuralJujol_opt.jpg\" alt=\"\" width=\"400\" height=\"300\" srcset=\"https:\/\/agora.xtec.cat\/ieselspallaresos\/wp-content\/uploads\/usu652\/2021\/06\/MuralJujol_opt.jpg 400w, https:\/\/agora.xtec.cat\/ieselspallaresos\/wp-content\/uploads\/usu652\/2021\/06\/MuralJujol_opt-300x225.jpg 300w, https:\/\/agora.xtec.cat\/ieselspallaresos\/wp-content\/uploads\/usu652\/2021\/06\/MuralJujol_opt-200x150.jpg 200w\" sizes=\"auto, (max-width: 400px) 100vw, 400px\" \/><\/a><\/p>\n<p><a href=\"https:\/\/agora.xtec.cat\/ieselspallaresos\/wp-content\/uploads\/usu652\/2021\/06\/MuralJujol2_opt.jpg\"><img loading=\"lazy\" decoding=\"async\" class=\"size-full wp-image-1631 aligncenter\" src=\"https:\/\/agora.xtec.cat\/ieselspallaresos\/wp-content\/uploads\/usu652\/2021\/06\/MuralJujol2_opt.jpg\" alt=\"\" width=\"400\" height=\"300\" srcset=\"https:\/\/agora.xtec.cat\/ieselspallaresos\/wp-content\/uploads\/usu652\/2021\/06\/MuralJujol2_opt.jpg 400w, https:\/\/agora.xtec.cat\/ieselspallaresos\/wp-content\/uploads\/usu652\/2021\/06\/MuralJujol2_opt-300x225.jpg 300w, https:\/\/agora.xtec.cat\/ieselspallaresos\/wp-content\/uploads\/usu652\/2021\/06\/MuralJujol2_opt-200x150.jpg 200w\" sizes=\"auto, (max-width: 400px) 100vw, 400px\" \/><\/a><\/p>\n<p style=\"text-align: justify\">Si el voleu veure el trobareu a l&#8217;exterior del centre, a la paret que va cap al bosc dels Pallaresos, entre l&#8217;escola Sant Sebasti\u00e0 i l&#8217;institut. Agra\u00efm a l&#8217;Ajuntament dels Pallaresos per col\u00b7laborar amb les pintures i els pinzells. Moltes gr\u00e0cies pel vostre suport.<\/p>\n<p><a href=\"https:\/\/agora.xtec.cat\/ieselspallaresos\/wp-content\/uploads\/usu652\/2021\/06\/MuralSant_opt.jpg\"><img loading=\"lazy\" decoding=\"async\" class=\"size-full wp-image-1617 aligncenter\" src=\"https:\/\/agora.xtec.cat\/ieselspallaresos\/wp-content\/uploads\/usu652\/2021\/06\/MuralSant_opt.jpg\" alt=\"\" width=\"400\" height=\"194\" srcset=\"https:\/\/agora.xtec.cat\/ieselspallaresos\/wp-content\/uploads\/usu652\/2021\/06\/MuralSant_opt.jpg 400w, https:\/\/agora.xtec.cat\/ieselspallaresos\/wp-content\/uploads\/usu652\/2021\/06\/MuralSant_opt-300x146.jpg 300w\" sizes=\"auto, (max-width: 400px) 100vw, 400px\" \/><\/a><\/p>\n<p><a href=\"https:\/\/agora.xtec.cat\/ieselspallaresos\/wp-content\/uploads\/usu652\/2021\/06\/Muralcoles_opt.jpg\"><img loading=\"lazy\" decoding=\"async\" class=\"wp-image-1623 aligncenter\" src=\"https:\/\/agora.xtec.cat\/ieselspallaresos\/wp-content\/uploads\/usu652\/2021\/06\/Muralcoles_opt.jpg\" alt=\"\" width=\"287\" height=\"215\" srcset=\"https:\/\/agora.xtec.cat\/ieselspallaresos\/wp-content\/uploads\/usu652\/2021\/06\/Muralcoles_opt.jpg 400w, https:\/\/agora.xtec.cat\/ieselspallaresos\/wp-content\/uploads\/usu652\/2021\/06\/Muralcoles_opt-300x225.jpg 300w, https:\/\/agora.xtec.cat\/ieselspallaresos\/wp-content\/uploads\/usu652\/2021\/06\/Muralcoles_opt-200x150.jpg 200w\" sizes=\"auto, (max-width: 287px) 100vw, 287px\" \/><\/a><\/p>\n<p>&nbsp;<\/p>\n<p><a href=\"https:\/\/agora.xtec.cat\/ieselspallaresos\/wp-content\/uploads\/usu652\/2021\/06\/Muralinsti_opt.jpg\"><img loading=\"lazy\" decoding=\"async\" class=\"size-full wp-image-1621 aligncenter\" src=\"https:\/\/agora.xtec.cat\/ieselspallaresos\/wp-content\/uploads\/usu652\/2021\/06\/Muralinsti_opt.jpg\" alt=\"\" width=\"400\" height=\"300\" srcset=\"https:\/\/agora.xtec.cat\/ieselspallaresos\/wp-content\/uploads\/usu652\/2021\/06\/Muralinsti_opt.jpg 400w, https:\/\/agora.xtec.cat\/ieselspallaresos\/wp-content\/uploads\/usu652\/2021\/06\/Muralinsti_opt-300x225.jpg 300w, https:\/\/agora.xtec.cat\/ieselspallaresos\/wp-content\/uploads\/usu652\/2021\/06\/Muralinsti_opt-200x150.jpg 200w\" sizes=\"auto, (max-width: 400px) 100vw, 400px\" \/><\/a><\/p>\n<p><a href=\"https:\/\/agora.xtec.cat\/ieselspallaresos\/wp-content\/uploads\/usu652\/2021\/06\/MuralInsti2_opt.jpg\"><img loading=\"lazy\" decoding=\"async\" class=\"size-full wp-image-1616 aligncenter\" src=\"https:\/\/agora.xtec.cat\/ieselspallaresos\/wp-content\/uploads\/usu652\/2021\/06\/MuralInsti2_opt.jpg\" alt=\"\" width=\"400\" height=\"300\" srcset=\"https:\/\/agora.xtec.cat\/ieselspallaresos\/wp-content\/uploads\/usu652\/2021\/06\/MuralInsti2_opt.jpg 400w, https:\/\/agora.xtec.cat\/ieselspallaresos\/wp-content\/uploads\/usu652\/2021\/06\/MuralInsti2_opt-300x225.jpg 300w, https:\/\/agora.xtec.cat\/ieselspallaresos\/wp-content\/uploads\/usu652\/2021\/06\/MuralInsti2_opt-200x150.jpg 200w\" sizes=\"auto, (max-width: 400px) 100vw, 400px\" \/><\/a><\/p>\n<p><a href=\"https:\/\/agora.xtec.cat\/ieselspallaresos\/wp-content\/uploads\/usu652\/2021\/06\/MuralFinal_opt.jpg\"><img loading=\"lazy\" decoding=\"async\" class=\" wp-image-1620 aligncenter\" src=\"https:\/\/agora.xtec.cat\/ieselspallaresos\/wp-content\/uploads\/usu652\/2021\/06\/MuralFinal_opt.jpg\" alt=\"\" width=\"564\" height=\"423\" srcset=\"https:\/\/agora.xtec.cat\/ieselspallaresos\/wp-content\/uploads\/usu652\/2021\/06\/MuralFinal_opt.jpg 400w, https:\/\/agora.xtec.cat\/ieselspallaresos\/wp-content\/uploads\/usu652\/2021\/06\/MuralFinal_opt-300x225.jpg 300w, https:\/\/agora.xtec.cat\/ieselspallaresos\/wp-content\/uploads\/usu652\/2021\/06\/MuralFinal_opt-200x150.jpg 200w\" sizes=\"auto, (max-width: 564px) 100vw, 564px\" \/><\/a><\/p>\n<p>&nbsp;<\/p>\n<p>Podeu veure el <a href=\"https:\/\/www.youtube.com\/watch?v=lEusNk7UHHU\">V\u00cdDEO RESUM<\/a> de l&#8217;elaboraci\u00f3 del mural. Moltes gr\u00e0cies a tots els participants!<\/p>\n<p>&nbsp;<\/p>\n<p>&nbsp;<\/p>\n","protected":false},"excerpt":{"rendered":"<p>Aquest curs, per segon any consecutiu ens hem reunit tots els centres educatius del municipi dels Pallaresos, per tal de realitzar accions conjuntes d&#8217;Escoles Verdes. Una d&#8217;aquestes accions, ha estat l&#8217;elaboraci\u00f3 d&#8217;un mural de tem\u00e0tica ambiental. El lema que vam triar va ser &#8220;Eduquem per la natura&#8221; i el disseny el va crear la professora [&hellip;]<\/p>\n","protected":false},"author":12,"featured_media":1620,"comment_status":"open","ping_status":"closed","sticky":false,"template":"","format":"standard","meta":{"_bbp_topic_count":0,"_bbp_reply_count":0,"_bbp_total_topic_count":0,"_bbp_total_reply_count":0,"_bbp_voice_count":0,"_bbp_anonymous_reply_count":0,"_bbp_topic_count_hidden":0,"_bbp_reply_count_hidden":0,"_bbp_forum_subforum_count":0,"site-sidebar-layout":"default","site-content-layout":"","ast-site-content-layout":"","site-content-style":"default","site-sidebar-style":"default","ast-global-header-display":"","ast-banner-title-visibility":"","ast-main-header-display":"","ast-hfb-above-header-display":"","ast-hfb-below-header-display":"","ast-hfb-mobile-header-display":"","site-post-title":"","ast-breadcrumbs-content":"","ast-featured-img":"","footer-sml-layout":"","theme-transparent-header-meta":"","adv-header-id-meta":"","stick-header-meta":"","header-above-stick-meta":"","header-main-stick-meta":"","header-below-stick-meta":"","astra-migrate-meta-layouts":"default","ast-page-background-enabled":"default","ast-page-background-meta":{"desktop":{"background-color":"var(--ast-global-color-4)","background-image":"","background-repeat":"repeat","background-position":"center center","background-size":"auto","background-attachment":"scroll","background-type":"","background-media":"","overlay-type":"","overlay-color":"","overlay-opacity":"","overlay-gradient":""},"tablet":{"background-color":"","background-image":"","background-repeat":"repeat","background-position":"center center","background-size":"auto","background-attachment":"scroll","background-type":"","background-media":"","overlay-type":"","overlay-color":"","overlay-opacity":"","overlay-gradient":""},"mobile":{"background-color":"","background-image":"","background-repeat":"repeat","background-position":"center center","background-size":"auto","background-attachment":"scroll","background-type":"","background-media":"","overlay-type":"","overlay-color":"","overlay-opacity":"","overlay-gradient":""}},"ast-content-background-meta":{"desktop":{"background-color":"var(--ast-global-color-5)","background-image":"","background-repeat":"repeat","background-position":"center center","background-size":"auto","background-attachment":"scroll","background-type":"","background-media":"","overlay-type":"","overlay-color":"","overlay-opacity":"","overlay-gradient":""},"tablet":{"background-color":"var(--ast-global-color-5)","background-image":"","background-repeat":"repeat","background-position":"center center","background-size":"auto","background-attachment":"scroll","background-type":"","background-media":"","overlay-type":"","overlay-color":"","overlay-opacity":"","overlay-gradient":""},"mobile":{"background-color":"var(--ast-global-color-5)","background-image":"","background-repeat":"repeat","background-position":"center center","background-size":"auto","background-attachment":"scroll","background-type":"","background-media":"","overlay-type":"","overlay-color":"","overlay-opacity":"","overlay-gradient":""}},"footnotes":""},"categories":[119,1,29],"tags":[],"class_list":["post-1608","post","type-post","status-publish","format-standard","has-post-thumbnail","hentry","category-escverda","category-general","category-portada"],"post_mailing_queue_ids":[],"_links":{"self":[{"href":"https:\/\/agora.xtec.cat\/ieselspallaresos\/wp-json\/wp\/v2\/posts\/1608","targetHints":{"allow":["GET"]}}],"collection":[{"href":"https:\/\/agora.xtec.cat\/ieselspallaresos\/wp-json\/wp\/v2\/posts"}],"about":[{"href":"https:\/\/agora.xtec.cat\/ieselspallaresos\/wp-json\/wp\/v2\/types\/post"}],"author":[{"embeddable":true,"href":"https:\/\/agora.xtec.cat\/ieselspallaresos\/wp-json\/wp\/v2\/users\/12"}],"replies":[{"embeddable":true,"href":"https:\/\/agora.xtec.cat\/ieselspallaresos\/wp-json\/wp\/v2\/comments?post=1608"}],"version-history":[{"count":3,"href":"https:\/\/agora.xtec.cat\/ieselspallaresos\/wp-json\/wp\/v2\/posts\/1608\/revisions"}],"predecessor-version":[{"id":1636,"href":"https:\/\/agora.xtec.cat\/ieselspallaresos\/wp-json\/wp\/v2\/posts\/1608\/revisions\/1636"}],"wp:featuredmedia":[{"embeddable":true,"href":"https:\/\/agora.xtec.cat\/ieselspallaresos\/wp-json\/wp\/v2\/media\/1620"}],"wp:attachment":[{"href":"https:\/\/agora.xtec.cat\/ieselspallaresos\/wp-json\/wp\/v2\/media?parent=1608"}],"wp:term":[{"taxonomy":"category","embeddable":true,"href":"https:\/\/agora.xtec.cat\/ieselspallaresos\/wp-json\/wp\/v2\/categories?post=1608"},{"taxonomy":"post_tag","embeddable":true,"href":"https:\/\/agora.xtec.cat\/ieselspallaresos\/wp-json\/wp\/v2\/tags?post=1608"}],"curies":[{"name":"wp","href":"https:\/\/api.w.org\/{rel}","templated":true}]}}