{"id":1543,"date":"2021-05-11T09:29:20","date_gmt":"2021-05-11T07:29:20","guid":{"rendered":"http:\/\/agora.xtec.cat\/ieselspallaresos\/?p=1543"},"modified":"2021-05-11T09:29:55","modified_gmt":"2021-05-11T07:29:55","slug":"lets-clean-up-europe","status":"publish","type":"post","link":"https:\/\/agora.xtec.cat\/ieselspallaresos\/general\/lets-clean-up-europe\/","title":{"rendered":"Let&#8217;s Clean Up Europe!"},"content":{"rendered":"<p style=\"text-align: justify\"><span style=\"font-weight: 400\">El passat divendres 7 de maig, els alumnes de primer de l\u2019ESO i els de tercer de l\u2019ESO que realitzen l\u2019optativa de medi ambient, van sortir al bosc proper al centre (la Cometa, el Cremat i la Garriga gran) per participar en la campanya de neteja \u201c<\/span><i><span style=\"font-weight: 400\">Let\u2019s Clean Up Europe!<\/span><\/i><span style=\"font-weight: 400\">\u201d.<\/span><\/p>\n<p style=\"text-align: justify\"><span style=\"font-weight: 400\">Un total de 150 alumnes disposats a recollir residus acumulats per molts racons, sobretot les parts pr\u00f2ximes a vies de comunicaci\u00f3 i zones urbanes. L\u2019objectiu d\u2019aquesta jornada era doble, el primer netejar el bosc i el segon el de conscienciar i donar llum al nostre alumnat d\u2019aquesta problem\u00e0tica.<\/span><\/p>\n<p style=\"text-align: justify\"><a href=\"https:\/\/agora.xtec.cat\/ieselspallaresos\/wp-content\/uploads\/usu652\/2021\/05\/alumnes_opt.jpg\"><img loading=\"lazy\" decoding=\"async\" class=\" wp-image-1541 aligncenter\" src=\"https:\/\/agora.xtec.cat\/ieselspallaresos\/wp-content\/uploads\/usu652\/2021\/05\/alumnes_opt.jpg\" alt=\"\" width=\"402\" height=\"302\" srcset=\"https:\/\/agora.xtec.cat\/ieselspallaresos\/wp-content\/uploads\/usu652\/2021\/05\/alumnes_opt.jpg 400w, https:\/\/agora.xtec.cat\/ieselspallaresos\/wp-content\/uploads\/usu652\/2021\/05\/alumnes_opt-300x225.jpg 300w, https:\/\/agora.xtec.cat\/ieselspallaresos\/wp-content\/uploads\/usu652\/2021\/05\/alumnes_opt-200x150.jpg 200w\" sizes=\"auto, (max-width: 402px) 100vw, 402px\" \/><\/a><\/p>\n<p style=\"text-align: justify\"><span style=\"font-weight: 400\">La jornada va ser molt satisfact\u00f2ria, el nostre prop\u00f2sit era recollir separant fraccions, per\u00f2 hi havia tants residus degradats que resultava for\u00e7a dif\u00edcil recollir-ho per separat, aix\u00ed que vam prioritzar omplir el m\u00e0xim de sacs possibles, tots de resta.<\/span><\/p>\n<p style=\"text-align: justify\"><span style=\"font-weight: 400\">Van ser un total de 9 sacs recollits, m\u00e9s de 60 kg de brossa. I encara n\u2019haur\u00edem recollit molts m\u00e9s si hagu\u00e9ssim allargat la jornada. Tenim doncs un entorn on s\u2019han acumulat molts residus a conseq\u00fc\u00e8ncia de les males pr\u00e0ctiques de la poblaci\u00f3 en general. Esperem que el nostre alumnat prengui consci\u00e8ncia i critiqui aquests mals h\u00e0bits i a la llarga tinguem un entorn m\u00e9s net i m\u00e9s ben gestionat.<\/span><\/p>\n<p style=\"text-align: justify\"><img loading=\"lazy\" decoding=\"async\" class=\"wp-image-1538 aligncenter\" src=\"https:\/\/agora.xtec.cat\/ieselspallaresos\/wp-content\/uploads\/usu652\/2021\/05\/resultat_opt.jpg\" alt=\"\" width=\"438\" height=\"256\" srcset=\"https:\/\/agora.xtec.cat\/ieselspallaresos\/wp-content\/uploads\/usu652\/2021\/05\/resultat_opt.jpg 400w, https:\/\/agora.xtec.cat\/ieselspallaresos\/wp-content\/uploads\/usu652\/2021\/05\/resultat_opt-300x176.jpg 300w\" sizes=\"auto, (max-width: 438px) 100vw, 438px\" \/><\/p>\n<p style=\"text-align: justify\"><a href=\"https:\/\/agora.xtec.cat\/ieselspallaresos\/wp-content\/uploads\/usu652\/2021\/05\/9sacs.jpg\"><img loading=\"lazy\" decoding=\"async\" class=\" wp-image-1536 aligncenter\" src=\"https:\/\/agora.xtec.cat\/ieselspallaresos\/wp-content\/uploads\/usu652\/2021\/05\/9sacs.jpg\" alt=\"\" width=\"467\" height=\"238\" srcset=\"https:\/\/agora.xtec.cat\/ieselspallaresos\/wp-content\/uploads\/usu652\/2021\/05\/9sacs.jpg 400w, https:\/\/agora.xtec.cat\/ieselspallaresos\/wp-content\/uploads\/usu652\/2021\/05\/9sacs-300x153.jpg 300w\" sizes=\"auto, (max-width: 467px) 100vw, 467px\" \/><\/a><\/p>\n<p style=\"text-align: justify\"><span style=\"font-weight: 400\">Agra\u00efm la col\u00b7laboraci\u00f3 del supermercat SPAR dels Pallaresos, per la donaci\u00f3 de pl\u00e0tans i fruits secs per tot l\u2019alumnat de l\u2019institut que van participar i tamb\u00e9 per a les escoles de prim\u00e0ria i la llar d\u2019infants dels Pallaresos. Ens van donar energia necess\u00e0ria per realitzar aquesta acci\u00f3!<\/span><\/p>\n<p style=\"text-align: justify\"><a href=\"https:\/\/agora.xtec.cat\/ieselspallaresos\/wp-content\/uploads\/usu652\/2021\/05\/avituallament_opt.jpg\"><img loading=\"lazy\" decoding=\"async\" class=\" wp-image-1539 aligncenter\" src=\"https:\/\/agora.xtec.cat\/ieselspallaresos\/wp-content\/uploads\/usu652\/2021\/05\/avituallament_opt.jpg\" alt=\"\" width=\"301\" height=\"226\" srcset=\"https:\/\/agora.xtec.cat\/ieselspallaresos\/wp-content\/uploads\/usu652\/2021\/05\/avituallament_opt.jpg 400w, https:\/\/agora.xtec.cat\/ieselspallaresos\/wp-content\/uploads\/usu652\/2021\/05\/avituallament_opt-300x225.jpg 300w, https:\/\/agora.xtec.cat\/ieselspallaresos\/wp-content\/uploads\/usu652\/2021\/05\/avituallament_opt-200x150.jpg 200w\" sizes=\"auto, (max-width: 301px) 100vw, 301px\" \/><\/a><\/p>\n<p><a href=\"https:\/\/agora.xtec.cat\/ieselspallaresos\/wp-content\/uploads\/usu652\/2021\/05\/fruita.jpg\"><img loading=\"lazy\" decoding=\"async\" class=\"size-full wp-image-1535 aligncenter\" src=\"https:\/\/agora.xtec.cat\/ieselspallaresos\/wp-content\/uploads\/usu652\/2021\/05\/fruita.jpg\" alt=\"\" width=\"400\" height=\"300\" srcset=\"https:\/\/agora.xtec.cat\/ieselspallaresos\/wp-content\/uploads\/usu652\/2021\/05\/fruita.jpg 400w, https:\/\/agora.xtec.cat\/ieselspallaresos\/wp-content\/uploads\/usu652\/2021\/05\/fruita-300x225.jpg 300w, https:\/\/agora.xtec.cat\/ieselspallaresos\/wp-content\/uploads\/usu652\/2021\/05\/fruita-200x150.jpg 200w\" sizes=\"auto, (max-width: 400px) 100vw, 400px\" \/><\/a><\/p>\n<p style=\"text-align: justify\"><span style=\"font-weight: 400\">Moltes gr\u00e0cies a tot el nostre alumnat per participar i fer del nostre entorn un espai m\u00e9s agradable. El municipi dels Pallaresos segur que us ho agrair\u00e0.<\/span><\/p>\n<p><a href=\"https:\/\/agora.xtec.cat\/ieselspallaresos\/wp-content\/uploads\/usu652\/2021\/05\/brigada_opt.jpg\"><img loading=\"lazy\" decoding=\"async\" class=\"wp-image-1540 alignleft\" src=\"https:\/\/agora.xtec.cat\/ieselspallaresos\/wp-content\/uploads\/usu652\/2021\/05\/brigada_opt.jpg\" alt=\"\" width=\"359\" height=\"269\" srcset=\"https:\/\/agora.xtec.cat\/ieselspallaresos\/wp-content\/uploads\/usu652\/2021\/05\/brigada_opt.jpg 400w, https:\/\/agora.xtec.cat\/ieselspallaresos\/wp-content\/uploads\/usu652\/2021\/05\/brigada_opt-300x225.jpg 300w, https:\/\/agora.xtec.cat\/ieselspallaresos\/wp-content\/uploads\/usu652\/2021\/05\/brigada_opt-200x150.jpg 200w\" sizes=\"auto, (max-width: 359px) 100vw, 359px\" \/><\/a><a href=\"https:\/\/agora.xtec.cat\/ieselspallaresos\/wp-content\/uploads\/usu652\/2021\/05\/Recollida.jpg\"><img loading=\"lazy\" decoding=\"async\" class=\"wp-image-1537 alignright\" src=\"https:\/\/agora.xtec.cat\/ieselspallaresos\/wp-content\/uploads\/usu652\/2021\/05\/Recollida.jpg\" alt=\"\" width=\"330\" height=\"440\" srcset=\"https:\/\/agora.xtec.cat\/ieselspallaresos\/wp-content\/uploads\/usu652\/2021\/05\/Recollida.jpg 400w, https:\/\/agora.xtec.cat\/ieselspallaresos\/wp-content\/uploads\/usu652\/2021\/05\/Recollida-225x300.jpg 225w\" sizes=\"auto, (max-width: 330px) 100vw, 330px\" \/><\/a><\/p>\n","protected":false},"excerpt":{"rendered":"<p>El passat divendres 7 de maig, els alumnes de primer de l\u2019ESO i els de tercer de l\u2019ESO que realitzen l\u2019optativa de medi ambient, van sortir al bosc proper al centre (la Cometa, el Cremat i la Garriga gran) per participar en la campanya de neteja \u201cLet\u2019s Clean Up Europe!\u201d. Un total de 150 alumnes [&hellip;]<\/p>\n","protected":false},"author":12,"featured_media":1542,"comment_status":"open","ping_status":"closed","sticky":false,"template":"","format":"standard","meta":{"_bbp_topic_count":0,"_bbp_reply_count":0,"_bbp_total_topic_count":0,"_bbp_total_reply_count":0,"_bbp_voice_count":0,"_bbp_anonymous_reply_count":0,"_bbp_topic_count_hidden":0,"_bbp_reply_count_hidden":0,"_bbp_forum_subforum_count":0,"site-sidebar-layout":"default","site-content-layout":"","ast-site-content-layout":"","site-content-style":"default","site-sidebar-style":"default","ast-global-header-display":"","ast-banner-title-visibility":"","ast-main-header-display":"","ast-hfb-above-header-display":"","ast-hfb-below-header-display":"","ast-hfb-mobile-header-display":"","site-post-title":"","ast-breadcrumbs-content":"","ast-featured-img":"","footer-sml-layout":"","theme-transparent-header-meta":"","adv-header-id-meta":"","stick-header-meta":"","header-above-stick-meta":"","header-main-stick-meta":"","header-below-stick-meta":"","astra-migrate-meta-layouts":"default","ast-page-background-enabled":"default","ast-page-background-meta":{"desktop":{"background-color":"var(--ast-global-color-4)","background-image":"","background-repeat":"repeat","background-position":"center center","background-size":"auto","background-attachment":"scroll","background-type":"","background-media":"","overlay-type":"","overlay-color":"","overlay-opacity":"","overlay-gradient":""},"tablet":{"background-color":"","background-image":"","background-repeat":"repeat","background-position":"center center","background-size":"auto","background-attachment":"scroll","background-type":"","background-media":"","overlay-type":"","overlay-color":"","overlay-opacity":"","overlay-gradient":""},"mobile":{"background-color":"","background-image":"","background-repeat":"repeat","background-position":"center center","background-size":"auto","background-attachment":"scroll","background-type":"","background-media":"","overlay-type":"","overlay-color":"","overlay-opacity":"","overlay-gradient":""}},"ast-content-background-meta":{"desktop":{"background-color":"var(--ast-global-color-5)","background-image":"","background-repeat":"repeat","background-position":"center center","background-size":"auto","background-attachment":"scroll","background-type":"","background-media":"","overlay-type":"","overlay-color":"","overlay-opacity":"","overlay-gradient":""},"tablet":{"background-color":"var(--ast-global-color-5)","background-image":"","background-repeat":"repeat","background-position":"center center","background-size":"auto","background-attachment":"scroll","background-type":"","background-media":"","overlay-type":"","overlay-color":"","overlay-opacity":"","overlay-gradient":""},"mobile":{"background-color":"var(--ast-global-color-5)","background-image":"","background-repeat":"repeat","background-position":"center center","background-size":"auto","background-attachment":"scroll","background-type":"","background-media":"","overlay-type":"","overlay-color":"","overlay-opacity":"","overlay-gradient":""}},"footnotes":""},"categories":[119,1,29],"tags":[],"class_list":["post-1543","post","type-post","status-publish","format-standard","has-post-thumbnail","hentry","category-escverda","category-general","category-portada"],"post_mailing_queue_ids":[],"_links":{"self":[{"href":"https:\/\/agora.xtec.cat\/ieselspallaresos\/wp-json\/wp\/v2\/posts\/1543","targetHints":{"allow":["GET"]}}],"collection":[{"href":"https:\/\/agora.xtec.cat\/ieselspallaresos\/wp-json\/wp\/v2\/posts"}],"about":[{"href":"https:\/\/agora.xtec.cat\/ieselspallaresos\/wp-json\/wp\/v2\/types\/post"}],"author":[{"embeddable":true,"href":"https:\/\/agora.xtec.cat\/ieselspallaresos\/wp-json\/wp\/v2\/users\/12"}],"replies":[{"embeddable":true,"href":"https:\/\/agora.xtec.cat\/ieselspallaresos\/wp-json\/wp\/v2\/comments?post=1543"}],"version-history":[{"count":3,"href":"https:\/\/agora.xtec.cat\/ieselspallaresos\/wp-json\/wp\/v2\/posts\/1543\/revisions"}],"predecessor-version":[{"id":1565,"href":"https:\/\/agora.xtec.cat\/ieselspallaresos\/wp-json\/wp\/v2\/posts\/1543\/revisions\/1565"}],"wp:featuredmedia":[{"embeddable":true,"href":"https:\/\/agora.xtec.cat\/ieselspallaresos\/wp-json\/wp\/v2\/media\/1542"}],"wp:attachment":[{"href":"https:\/\/agora.xtec.cat\/ieselspallaresos\/wp-json\/wp\/v2\/media?parent=1543"}],"wp:term":[{"taxonomy":"category","embeddable":true,"href":"https:\/\/agora.xtec.cat\/ieselspallaresos\/wp-json\/wp\/v2\/categories?post=1543"},{"taxonomy":"post_tag","embeddable":true,"href":"https:\/\/agora.xtec.cat\/ieselspallaresos\/wp-json\/wp\/v2\/tags?post=1543"}],"curies":[{"name":"wp","href":"https:\/\/api.w.org\/{rel}","templated":true}]}}