{"id":1399,"date":"2021-02-12T13:49:24","date_gmt":"2021-02-12T12:49:24","guid":{"rendered":"http:\/\/agora.xtec.cat\/ieselspallaresos\/?p=1399"},"modified":"2021-06-28T19:41:48","modified_gmt":"2021-06-28T17:41:48","slug":"jornada-de-portes-obertes-eso","status":"publish","type":"post","link":"https:\/\/agora.xtec.cat\/ieselspallaresos\/general\/jornada-de-portes-obertes-eso\/","title":{"rendered":"Jornada de portes obertes ESO"},"content":{"rendered":"<p><a href=\"https:\/\/agora.xtec.cat\/ieselspallaresos\/wp-content\/uploads\/usu652\/2021\/02\/Baner-rosa-preins-quadrat-centres.png\"><img loading=\"lazy\" decoding=\"async\" class=\"size-full wp-image-1400 alignleft\" src=\"https:\/\/agora.xtec.cat\/ieselspallaresos\/wp-content\/uploads\/usu652\/2021\/02\/Baner-rosa-preins-quadrat-centres.png\" alt=\"\" width=\"300\" height=\"300\" srcset=\"https:\/\/agora.xtec.cat\/ieselspallaresos\/wp-content\/uploads\/usu652\/2021\/02\/Baner-rosa-preins-quadrat-centres.png 300w, https:\/\/agora.xtec.cat\/ieselspallaresos\/wp-content\/uploads\/usu652\/2021\/02\/Baner-rosa-preins-quadrat-centres-150x150.png 150w\" sizes=\"auto, (max-width: 300px) 100vw, 300px\" \/><\/a><\/p>\n<p>Benvolgudes fam\u00edlies, si voleu assistir a un passi de les jornades de portes obertes,<\/p>\n<p>haureu de sol\u00b7licitar cita pr\u00e8via en el seg\u00fcent <a href=\"https:\/\/aplicacions.gestioeducativa.gencat.cat\/pls\/apex\/f?p=CITA_PREVIA:4::::4:P4_TIPUS_CALENDARI,P4_DOMINI:01_JPO_O,43010748\" target=\"_blank\" rel=\"noopener noreferrer\">enlla\u00e7<\/a>. (a partir del 22 de febrer)<\/p>\n<p>\u00c9s recomanable que nom\u00e9s assisteixi un membre de la unitat familiar. Gr\u00e0cies.<\/p>\n<p>Us adjuntem aquest <a href=\"https:\/\/drive.google.com\/file\/d\/1oVQ2ouxeNtzmy5jaxJCvIyb1a40BQenD\/view?usp=sharing\" target=\"_blank\" rel=\"noopener noreferrer\">arxiu<\/a> amb informaci\u00f3 del nostre centre.<\/p>\n<p>En aquest <a href=\"https:\/\/drive.google.com\/file\/d\/1uUE_TA40iwtnLL_PxwLJncZAk3f1NNG5\/view?usp=sharing\">v\u00eddeo<\/a> tamb\u00e9 podreu veure imatges del centre.<\/p>\n<p>Esperem que sigui del vostre inter\u00e8s.<\/p>\n<p>&nbsp;<\/p>\n<p>&nbsp;<\/p>\n<p>L&#8217;equip directiu.<\/p>\n","protected":false},"excerpt":{"rendered":"<p>Benvolgudes fam\u00edlies, si voleu assistir a un passi de les jornades de portes obertes, haureu de sol\u00b7licitar cita pr\u00e8via en el seg\u00fcent enlla\u00e7. (a partir del 22 de febrer) \u00c9s recomanable que nom\u00e9s assisteixi un membre de la unitat familiar. Gr\u00e0cies. Us adjuntem aquest arxiu amb informaci\u00f3 del nostre centre. En aquest v\u00eddeo tamb\u00e9 podreu [&hellip;]<\/p>\n","protected":false},"author":3,"featured_media":1400,"comment_status":"closed","ping_status":"closed","sticky":false,"template":"","format":"standard","meta":{"_bbp_topic_count":0,"_bbp_reply_count":0,"_bbp_total_topic_count":0,"_bbp_total_reply_count":0,"_bbp_voice_count":0,"_bbp_anonymous_reply_count":0,"_bbp_topic_count_hidden":0,"_bbp_reply_count_hidden":0,"_bbp_forum_subforum_count":0,"site-sidebar-layout":"default","site-content-layout":"","ast-site-content-layout":"","site-content-style":"default","site-sidebar-style":"default","ast-global-header-display":"","ast-banner-title-visibility":"","ast-main-header-display":"","ast-hfb-above-header-display":"","ast-hfb-below-header-display":"","ast-hfb-mobile-header-display":"","site-post-title":"","ast-breadcrumbs-content":"","ast-featured-img":"","footer-sml-layout":"","theme-transparent-header-meta":"","adv-header-id-meta":"","stick-header-meta":"","header-above-stick-meta":"","header-main-stick-meta":"","header-below-stick-meta":"","astra-migrate-meta-layouts":"default","ast-page-background-enabled":"default","ast-page-background-meta":{"desktop":{"background-color":"var(--ast-global-color-4)","background-image":"","background-repeat":"repeat","background-position":"center center","background-size":"auto","background-attachment":"scroll","background-type":"","background-media":"","overlay-type":"","overlay-color":"","overlay-opacity":"","overlay-gradient":""},"tablet":{"background-color":"","background-image":"","background-repeat":"repeat","background-position":"center center","background-size":"auto","background-attachment":"scroll","background-type":"","background-media":"","overlay-type":"","overlay-color":"","overlay-opacity":"","overlay-gradient":""},"mobile":{"background-color":"","background-image":"","background-repeat":"repeat","background-position":"center center","background-size":"auto","background-attachment":"scroll","background-type":"","background-media":"","overlay-type":"","overlay-color":"","overlay-opacity":"","overlay-gradient":""}},"ast-content-background-meta":{"desktop":{"background-color":"var(--ast-global-color-5)","background-image":"","background-repeat":"repeat","background-position":"center center","background-size":"auto","background-attachment":"scroll","background-type":"","background-media":"","overlay-type":"","overlay-color":"","overlay-opacity":"","overlay-gradient":""},"tablet":{"background-color":"var(--ast-global-color-5)","background-image":"","background-repeat":"repeat","background-position":"center center","background-size":"auto","background-attachment":"scroll","background-type":"","background-media":"","overlay-type":"","overlay-color":"","overlay-opacity":"","overlay-gradient":""},"mobile":{"background-color":"var(--ast-global-color-5)","background-image":"","background-repeat":"repeat","background-position":"center center","background-size":"auto","background-attachment":"scroll","background-type":"","background-media":"","overlay-type":"","overlay-color":"","overlay-opacity":"","overlay-gradient":""}},"footnotes":""},"categories":[1,29],"tags":[],"class_list":["post-1399","post","type-post","status-publish","format-standard","has-post-thumbnail","hentry","category-general","category-portada"],"post_mailing_queue_ids":[],"_links":{"self":[{"href":"https:\/\/agora.xtec.cat\/ieselspallaresos\/wp-json\/wp\/v2\/posts\/1399","targetHints":{"allow":["GET"]}}],"collection":[{"href":"https:\/\/agora.xtec.cat\/ieselspallaresos\/wp-json\/wp\/v2\/posts"}],"about":[{"href":"https:\/\/agora.xtec.cat\/ieselspallaresos\/wp-json\/wp\/v2\/types\/post"}],"author":[{"embeddable":true,"href":"https:\/\/agora.xtec.cat\/ieselspallaresos\/wp-json\/wp\/v2\/users\/3"}],"replies":[{"embeddable":true,"href":"https:\/\/agora.xtec.cat\/ieselspallaresos\/wp-json\/wp\/v2\/comments?post=1399"}],"version-history":[{"count":3,"href":"https:\/\/agora.xtec.cat\/ieselspallaresos\/wp-json\/wp\/v2\/posts\/1399\/revisions"}],"predecessor-version":[{"id":1436,"href":"https:\/\/agora.xtec.cat\/ieselspallaresos\/wp-json\/wp\/v2\/posts\/1399\/revisions\/1436"}],"wp:featuredmedia":[{"embeddable":true,"href":"https:\/\/agora.xtec.cat\/ieselspallaresos\/wp-json\/wp\/v2\/media\/1400"}],"wp:attachment":[{"href":"https:\/\/agora.xtec.cat\/ieselspallaresos\/wp-json\/wp\/v2\/media?parent=1399"}],"wp:term":[{"taxonomy":"category","embeddable":true,"href":"https:\/\/agora.xtec.cat\/ieselspallaresos\/wp-json\/wp\/v2\/categories?post=1399"},{"taxonomy":"post_tag","embeddable":true,"href":"https:\/\/agora.xtec.cat\/ieselspallaresos\/wp-json\/wp\/v2\/tags?post=1399"}],"curies":[{"name":"wp","href":"https:\/\/api.w.org\/{rel}","templated":true}]}}