{"id":1393,"date":"2021-01-26T12:58:35","date_gmt":"2021-01-26T11:58:35","guid":{"rendered":"http:\/\/agora.xtec.cat\/ieselspallaresos\/?p=1393"},"modified":"2021-01-26T13:00:50","modified_gmt":"2021-01-26T12:00:50","slug":"joves-i-mediterrania-clima-2020","status":"publish","type":"post","link":"https:\/\/agora.xtec.cat\/ieselspallaresos\/general\/joves-i-mediterrania-clima-2020\/","title":{"rendered":"JOVES I MEDITERR\u00c0NIA &#8211; CLIMA 2020"},"content":{"rendered":"<p><span style=\"font-weight: 400\">Del 9 a l\u201911 de desembre de 2020 es va celebrar el F\u00f2rum virtual Joves i Clima a la Mediterr\u00e0nia + 25, al qual es va inscriure la nostra alumna J\u00falia Pelicano i va ser escollida per participar-hi.<\/span><\/p>\n<p><span style=\"font-weight: 400\">El f\u00f2rum va consistir en una trobada virtual de tres dies, que va reunir organitzacions, entitats, associacions i xarxes dirigides per joves, aix\u00ed com a joves individuals de la regi\u00f3 euromediterr\u00e0nia, amb l&#8217;objectiu de debatre, repensar i desenvolupar conjuntament accions per\u00a0 l&#8217;emerg\u00e8ncia clim\u00e0tica a la Mediterr\u00e0nia.<\/span><\/p>\n<p><span style=\"font-weight: 400\">En aquest f\u00f2rum va haver-hi una participaci\u00f3 aproximada de 180 joves de les dues ribes de la Mediterr\u00e0nia, i va realitzar-se una s\u00e8rie de tallers, debats, taules rodones i activitats, i una\u00a0 sessi\u00f3 plen\u00e0ria per intercanviar resultats i elaborar conclusions, de la qual la J\u00falia en va ser una de les portaveus.<\/span><\/p>\n<p><a href=\"https:\/\/agora.xtec.cat\/ieselspallaresos\/wp-content\/uploads\/usu652\/2021\/01\/J\u00falia1.jpg\"><img loading=\"lazy\" decoding=\"async\" class=\"wp-image-1395 aligncenter\" src=\"https:\/\/agora.xtec.cat\/ieselspallaresos\/wp-content\/uploads\/usu652\/2021\/01\/J\u00falia1-716x1024.jpg\" alt=\"\" width=\"250\" height=\"357\" srcset=\"https:\/\/agora.xtec.cat\/ieselspallaresos\/wp-content\/uploads\/usu652\/2021\/01\/J\u00falia1.jpg 716w, https:\/\/agora.xtec.cat\/ieselspallaresos\/wp-content\/uploads\/usu652\/2021\/01\/J\u00falia1-210x300.jpg 210w\" sizes=\"auto, (max-width: 250px) 100vw, 250px\" \/><\/a><\/p>\n<p><span style=\"font-weight: 400\">Tot seguit, podeu llegir l\u2019entrevista que l\u2019Equip Escola Verda hem fet a la J\u00falia Pelicano, de 4t d\u2019ESO.<\/span><\/p>\n<p><b>Quin \u00e9s l\u2019objectiu d\u2019aquesta cimera?<\/b><\/p>\n<p><span style=\"font-weight: 400\">L\u2019objectiu d\u2019aquesta cimera \u00e9s que els joves tinguem una taula de di\u00e0leg per poder parlar de l&#8217;emerg\u00e8ncia clim\u00e0tica. El Mar Mediterrani ja pateix el canvi clim\u00e0tic i per aix\u00f2 necessitem mesures urgents, i els joves hi desenvolupem un paper fonamental.<\/span><\/p>\n<p><b>Quins tallers s\u2019han treballat i a quin has participat? I per qu\u00e8 vas triar aquest tema?<\/b><\/p>\n<p><span style=\"font-weight: 400\">Doncs s\u2019han fet 6 tallers: Activisme, moviments socials i societat civil, Ciutats gent jove i sostenibilitat, Digitalitzaci\u00f3 i solucions innovadores pel canvi clim\u00e0tic, Economies transformadores, Influ\u00e8ncia en la presa de decisions, i, finalment, Just\u00edcia global, migraci\u00f3 i g\u00e8nere.<\/span><\/p>\n<p><span style=\"font-weight: 400\">Jo vaig participar a Activisme, moviments socials i societat civil, i vaig triar aquest tema perqu\u00e8 vull saber quines actuacions podem portar a terme els joves per poder millorar la nostra actitud enfront aquest gran problema.<\/span><\/p>\n<p><b>Quins objectius i conclusions vau acordar al vostre taller?<\/b><\/p>\n<p><span style=\"font-weight: 400\">Doncs els nostres objectius eren con\u00e8ixer millor l\u2019emerg\u00e8ncia clim\u00e0tica en pa\u00efsos subdesenvolupats en els quals hi ha tants problemes sociopol\u00edtics que el canvi clim\u00e0tic passa desapercebut, aprendre a solucionar problemes sense accions no violentes i aprendre a con\u00e8ixer millor a nosaltres mateixos per aix\u00ed despr\u00e9s poder ajudar a donar solucions als altres pa\u00efsos<\/span><\/p>\n<p><strong>Despr\u00e9s de tres dies de cimera, qu\u00e8 t\u2019emportes?\u00a0<\/strong><\/p>\n<p><span style=\"font-weight: 400\">Molts descobriments de pa\u00efsos amb molts problemes clim\u00e0tics, i alhora amb molts problemes socials, que els fa molt complicat portar a terme mesures per aturar el canvi clim\u00e0tic. Per altra banda est\u00e0 despertant una nova generaci\u00f3 d\u2019activistes, per\u00f2 en fan falta molt m\u00e9s i necessitem m\u00e9s f\u00f2rums on els joves puguem participar i proposar idees.<\/span><\/p>\n<p><strong>Vas participar en la lectura de cloenda \u201cLa declaraci\u00f3 pel Clima\u201d, pots fer-ne un resum d\u2019aquesta declaraci\u00f3?<\/strong><\/p>\n<p><span style=\"font-weight: 400\">En resum s\u00f3n set grans punts. El primer \u00e9s aprofitar les noves tecnologies com a eina per posar-nos tots d\u2019acord i aix\u00ed poder dur a terme les propostes. En el segon i en el sis\u00e8 punt \u00e9s buscar espai perqu\u00e8 els joves activistes tinguin una representaci\u00f3 en les institucions pol\u00edtiques. En el tercer punt es demana de fer un activisme de proximitat. En el quart es parla d\u2019un canvi en l&#8217;estrat\u00e8gia econ\u00f2mica, b\u00e0sicament ho he interpretat com les paraules que a casa meva sempre m\u2019han dit: \u201cNo \u00e9s m\u00e9s feli\u00e7 el que m\u00e9s t\u00e9 sin\u00f3 el que menys necessita\u201d. En el cinqu\u00e8 punt es demanen canvis en els models de ciutat, sempre \u00e9s m\u00e9s f\u00e0cil treballar amb els recursos i la gent que tens a prop i utilitzes menys recursos no renovables. I per acabar, es remarca que hem de treballar per aturar el canvi clim\u00e0tic, sense deixar de banda que necessitem tamb\u00e9 treballar per la igualtat social i de g\u00e8nere, per aconseguir que aquest canvi sigui possible.<\/span><\/p>\n<p><strong>Creus que s\u00f3n importants aquestes trobades?<\/strong><\/p>\n<p><span style=\"font-weight: 400\">Crec que s\u00f3n importants com a punt de reflexi\u00f3, i que nosaltres ho puguem transmetre a la resta de la societat. I tamb\u00e9 em semblen importants per a poder saber les inquietuds i els problemes que t\u00e9 cada regi\u00f3 o pa\u00eds i posar-los en com\u00fa.<\/span><\/p>\n<p><strong>Creus que els joves estan preocupats pel futur del nostre planeta?<\/strong><\/p>\n<p><span style=\"font-weight: 400\">No, crec que no ho estem. I per explicar aquesta resposta us convido a fer la seg\u00fcent reflexi\u00f3: \u00e9s un dia qualsevol en aquests dies de pand\u00e8mia que vivim, ens adonem que ens fa falta qualsevol cosa, unes sabates, una pe\u00e7a de roba, un petit electrodom\u00e8stic\u2026 Seiem davant de l\u2019ordinador i fem una compra per internet. En pocs dies ho tenim a casa, i ja tenim all\u00f2 que tant \u201cnecessit\u00e0vem\u201d.\u00a0<\/span><\/p>\n<p><span style=\"font-weight: 400\">En tot aquest proc\u00e9s no ens hem parat a pensar ni on es realitza el proc\u00e9s de fabricaci\u00f3 d\u2019aquest producte (m\u00e9s lluny, m\u00e9s transport, m\u00e9s combustible) ni en la quantitat d\u2019embalatges que cont\u00e9, ni els salaris de les persones que ho fabriquen, ni molt menys les seves condicions laborals, i aqu\u00ed hi podr\u00edem afegir un llarg etc\u00e8tera; s\u00ed, aix\u00f2 tamb\u00e9 \u00e9s un tema d\u2019economia, per\u00f2 afecta a tot el planeta.<\/span><\/p>\n<p><span style=\"font-weight: 400\">Quants de vosaltres mentre lleg\u00edeu aquestes paraules us hi heu vist reflectits?<\/span><\/p>\n<p>&nbsp;<\/p>\n","protected":false},"excerpt":{"rendered":"<p>Del 9 a l\u201911 de desembre de 2020 es va celebrar el F\u00f2rum virtual Joves i Clima a la Mediterr\u00e0nia + 25, al qual es va inscriure la nostra alumna J\u00falia Pelicano i va ser escollida per participar-hi. El f\u00f2rum va consistir en una trobada virtual de tres dies, que va reunir organitzacions, entitats, associacions [&hellip;]<\/p>\n","protected":false},"author":12,"featured_media":1396,"comment_status":"open","ping_status":"closed","sticky":false,"template":"","format":"standard","meta":{"_bbp_topic_count":0,"_bbp_reply_count":0,"_bbp_total_topic_count":0,"_bbp_total_reply_count":0,"_bbp_voice_count":0,"_bbp_anonymous_reply_count":0,"_bbp_topic_count_hidden":0,"_bbp_reply_count_hidden":0,"_bbp_forum_subforum_count":0,"site-sidebar-layout":"default","site-content-layout":"","ast-site-content-layout":"","site-content-style":"default","site-sidebar-style":"default","ast-global-header-display":"","ast-banner-title-visibility":"","ast-main-header-display":"","ast-hfb-above-header-display":"","ast-hfb-below-header-display":"","ast-hfb-mobile-header-display":"","site-post-title":"","ast-breadcrumbs-content":"","ast-featured-img":"","footer-sml-layout":"","theme-transparent-header-meta":"","adv-header-id-meta":"","stick-header-meta":"","header-above-stick-meta":"","header-main-stick-meta":"","header-below-stick-meta":"","astra-migrate-meta-layouts":"default","ast-page-background-enabled":"default","ast-page-background-meta":{"desktop":{"background-color":"var(--ast-global-color-4)","background-image":"","background-repeat":"repeat","background-position":"center center","background-size":"auto","background-attachment":"scroll","background-type":"","background-media":"","overlay-type":"","overlay-color":"","overlay-opacity":"","overlay-gradient":""},"tablet":{"background-color":"","background-image":"","background-repeat":"repeat","background-position":"center center","background-size":"auto","background-attachment":"scroll","background-type":"","background-media":"","overlay-type":"","overlay-color":"","overlay-opacity":"","overlay-gradient":""},"mobile":{"background-color":"","background-image":"","background-repeat":"repeat","background-position":"center center","background-size":"auto","background-attachment":"scroll","background-type":"","background-media":"","overlay-type":"","overlay-color":"","overlay-opacity":"","overlay-gradient":""}},"ast-content-background-meta":{"desktop":{"background-color":"var(--ast-global-color-5)","background-image":"","background-repeat":"repeat","background-position":"center center","background-size":"auto","background-attachment":"scroll","background-type":"","background-media":"","overlay-type":"","overlay-color":"","overlay-opacity":"","overlay-gradient":""},"tablet":{"background-color":"var(--ast-global-color-5)","background-image":"","background-repeat":"repeat","background-position":"center center","background-size":"auto","background-attachment":"scroll","background-type":"","background-media":"","overlay-type":"","overlay-color":"","overlay-opacity":"","overlay-gradient":""},"mobile":{"background-color":"var(--ast-global-color-5)","background-image":"","background-repeat":"repeat","background-position":"center center","background-size":"auto","background-attachment":"scroll","background-type":"","background-media":"","overlay-type":"","overlay-color":"","overlay-opacity":"","overlay-gradient":""}},"footnotes":""},"categories":[119,1,29],"tags":[],"class_list":["post-1393","post","type-post","status-publish","format-standard","has-post-thumbnail","hentry","category-escverda","category-general","category-portada"],"post_mailing_queue_ids":[],"_links":{"self":[{"href":"https:\/\/agora.xtec.cat\/ieselspallaresos\/wp-json\/wp\/v2\/posts\/1393","targetHints":{"allow":["GET"]}}],"collection":[{"href":"https:\/\/agora.xtec.cat\/ieselspallaresos\/wp-json\/wp\/v2\/posts"}],"about":[{"href":"https:\/\/agora.xtec.cat\/ieselspallaresos\/wp-json\/wp\/v2\/types\/post"}],"author":[{"embeddable":true,"href":"https:\/\/agora.xtec.cat\/ieselspallaresos\/wp-json\/wp\/v2\/users\/12"}],"replies":[{"embeddable":true,"href":"https:\/\/agora.xtec.cat\/ieselspallaresos\/wp-json\/wp\/v2\/comments?post=1393"}],"version-history":[{"count":3,"href":"https:\/\/agora.xtec.cat\/ieselspallaresos\/wp-json\/wp\/v2\/posts\/1393\/revisions"}],"predecessor-version":[{"id":1398,"href":"https:\/\/agora.xtec.cat\/ieselspallaresos\/wp-json\/wp\/v2\/posts\/1393\/revisions\/1398"}],"wp:featuredmedia":[{"embeddable":true,"href":"https:\/\/agora.xtec.cat\/ieselspallaresos\/wp-json\/wp\/v2\/media\/1396"}],"wp:attachment":[{"href":"https:\/\/agora.xtec.cat\/ieselspallaresos\/wp-json\/wp\/v2\/media?parent=1393"}],"wp:term":[{"taxonomy":"category","embeddable":true,"href":"https:\/\/agora.xtec.cat\/ieselspallaresos\/wp-json\/wp\/v2\/categories?post=1393"},{"taxonomy":"post_tag","embeddable":true,"href":"https:\/\/agora.xtec.cat\/ieselspallaresos\/wp-json\/wp\/v2\/tags?post=1393"}],"curies":[{"name":"wp","href":"https:\/\/api.w.org\/{rel}","templated":true}]}}