{"id":1378,"date":"2020-12-21T09:09:16","date_gmt":"2020-12-21T08:09:16","guid":{"rendered":"http:\/\/agora.xtec.cat\/ieselspallaresos\/?p=1378"},"modified":"2021-01-26T12:28:53","modified_gmt":"2021-01-26T11:28:53","slug":"prova-article-cristina","status":"publish","type":"post","link":"https:\/\/agora.xtec.cat\/ieselspallaresos\/general\/prova-article-cristina\/","title":{"rendered":"COM ENS AGRADARIA EL NOSTRE BOSC?"},"content":{"rendered":"<p style=\"text-align: justify\"><span style=\"font-weight: 400\">Durant aquest temps, hem estat observant que el nostre bosc, que es troba al costat del nostre institut, est\u00e0 molt brut i contaminat per restes que es llencen, per exemple hi ha un munt de papers bruts, paper de plata, brics de suc, mascaretes o bosses de pl\u00e0stic. Hem pogut observar que tamb\u00e9 hi ha molts excrements de gossos que la gent no recull. Per aquestes raons, la gent fa servir menys aquest bosc o evita passar per all\u00ed. Nosaltres volem que aix\u00f2 canvi\u00ef, i per aix\u00f2 hem comen\u00e7at aquest projecte. <\/span><b>\u00a0<\/b><\/p>\n<p style=\"text-align: justify\"><span style=\"font-weight: 400\">Els alumnes de l\u2019alternativa de 3r d&#8217;Escola Verda, volem aconseguir un bosc net i funcional per tots els pobletans que passen per ell dia a dia. Volem aconseguir un bosc lliure de brut\u00edcia, amb molta vegetaci\u00f3 i fauna animal, perqu\u00e8 els vianants que hi passin per aquest (per anar a l\u2019escola o l\u2019institut, passejar el gos\u2026) se sentin a gust i en un lloc bonic i net. De moment, ja hem anat un cop a netejar-lo. Vam recollir 7 kg de brossa, per\u00f2 encara en queda molta m\u00e9s. Tenim l\u2019objectiu de parlar amb responsables de l&#8217;ajuntament per tal que hi\u00a0 posin\u00a0 papereres, i aix\u00ed les persones puguin reciclar els seus residus i no llen\u00e7ar-los pel bosc, i si es pogu\u00e9s instal\u00b7lar un pipican seria perfecte per als gossos i els seus amos que els podrien portar all\u00ed.<\/span><\/p>\n<p><span style=\"font-weight: 400\">Per \u00faltim, ens agradaria crear diverses activitats interactives, amb les quals tant els nens com els adults puguin divertir-se: cartells indicant els tipus de flora i fauna del bosc, QRs amb informaci\u00f3 curiosa sobre aquest i moltes m\u00e9s idees. Ajuda\u2019ns a reviure aquest bosc i alliberar-lo de tanta brut\u00edcia, per a convertir-lo en funcional. Entre tots ho podem aconseguir!<\/span><\/p>\n<p><span style=\"font-weight: 400\">Si voleu col\u00b7laborar donant noves idees per aquest projecte, us convidem a escriure un correu a la seg\u00fcent adre\u00e7a: <\/span><a href=\"mailto:escola.verda@inselspallaresos.cat\"><span style=\"font-weight: 400\">escola.verda@inselspallaresos.cat<\/span><\/a><\/p>\n<p><a href=\"https:\/\/agora.xtec.cat\/ieselspallaresos\/wp-content\/uploads\/usu652\/2020\/12\/Cartell-bosc-Mar-Maria-Laura-i-Blanca.jpg\"><img loading=\"lazy\" decoding=\"async\" class=\"alignnone size-large wp-image-1382\" src=\"https:\/\/agora.xtec.cat\/ieselspallaresos\/wp-content\/uploads\/usu652\/2020\/12\/Cartell-bosc-Mar-Maria-Laura-i-Blanca-724x1024.jpg\" alt=\"\" width=\"724\" height=\"1024\" srcset=\"https:\/\/agora.xtec.cat\/ieselspallaresos\/wp-content\/uploads\/usu652\/2020\/12\/Cartell-bosc-Mar-Maria-Laura-i-Blanca-724x1024.jpg 724w, https:\/\/agora.xtec.cat\/ieselspallaresos\/wp-content\/uploads\/usu652\/2020\/12\/Cartell-bosc-Mar-Maria-Laura-i-Blanca-212x300.jpg 212w, https:\/\/agora.xtec.cat\/ieselspallaresos\/wp-content\/uploads\/usu652\/2020\/12\/Cartell-bosc-Mar-Maria-Laura-i-Blanca-768x1086.jpg 768w, https:\/\/agora.xtec.cat\/ieselspallaresos\/wp-content\/uploads\/usu652\/2020\/12\/Cartell-bosc-Mar-Maria-Laura-i-Blanca.jpg 1587w\" sizes=\"auto, (max-width: 724px) 100vw, 724px\" \/><\/a><\/p>\n","protected":false},"excerpt":{"rendered":"<p>Durant aquest temps, hem estat observant que el nostre bosc, que es troba al costat del nostre institut, est\u00e0 molt brut i contaminat per restes que es llencen, per exemple hi ha un munt de papers bruts, paper de plata, brics de suc, mascaretes o bosses de pl\u00e0stic. Hem pogut observar que tamb\u00e9 hi ha [&hellip;]<\/p>\n","protected":false},"author":12,"featured_media":1383,"comment_status":"open","ping_status":"closed","sticky":false,"template":"","format":"standard","meta":{"_bbp_topic_count":0,"_bbp_reply_count":0,"_bbp_total_topic_count":0,"_bbp_total_reply_count":0,"_bbp_voice_count":0,"_bbp_anonymous_reply_count":0,"_bbp_topic_count_hidden":0,"_bbp_reply_count_hidden":0,"_bbp_forum_subforum_count":0,"site-sidebar-layout":"default","site-content-layout":"","ast-site-content-layout":"","site-content-style":"default","site-sidebar-style":"default","ast-global-header-display":"","ast-banner-title-visibility":"","ast-main-header-display":"","ast-hfb-above-header-display":"","ast-hfb-below-header-display":"","ast-hfb-mobile-header-display":"","site-post-title":"","ast-breadcrumbs-content":"","ast-featured-img":"","footer-sml-layout":"","theme-transparent-header-meta":"","adv-header-id-meta":"","stick-header-meta":"","header-above-stick-meta":"","header-main-stick-meta":"","header-below-stick-meta":"","astra-migrate-meta-layouts":"default","ast-page-background-enabled":"default","ast-page-background-meta":{"desktop":{"background-color":"var(--ast-global-color-4)","background-image":"","background-repeat":"repeat","background-position":"center center","background-size":"auto","background-attachment":"scroll","background-type":"","background-media":"","overlay-type":"","overlay-color":"","overlay-opacity":"","overlay-gradient":""},"tablet":{"background-color":"","background-image":"","background-repeat":"repeat","background-position":"center center","background-size":"auto","background-attachment":"scroll","background-type":"","background-media":"","overlay-type":"","overlay-color":"","overlay-opacity":"","overlay-gradient":""},"mobile":{"background-color":"","background-image":"","background-repeat":"repeat","background-position":"center center","background-size":"auto","background-attachment":"scroll","background-type":"","background-media":"","overlay-type":"","overlay-color":"","overlay-opacity":"","overlay-gradient":""}},"ast-content-background-meta":{"desktop":{"background-color":"var(--ast-global-color-5)","background-image":"","background-repeat":"repeat","background-position":"center center","background-size":"auto","background-attachment":"scroll","background-type":"","background-media":"","overlay-type":"","overlay-color":"","overlay-opacity":"","overlay-gradient":""},"tablet":{"background-color":"var(--ast-global-color-5)","background-image":"","background-repeat":"repeat","background-position":"center center","background-size":"auto","background-attachment":"scroll","background-type":"","background-media":"","overlay-type":"","overlay-color":"","overlay-opacity":"","overlay-gradient":""},"mobile":{"background-color":"var(--ast-global-color-5)","background-image":"","background-repeat":"repeat","background-position":"center center","background-size":"auto","background-attachment":"scroll","background-type":"","background-media":"","overlay-type":"","overlay-color":"","overlay-opacity":"","overlay-gradient":""}},"footnotes":""},"categories":[119,1,29],"tags":[],"class_list":["post-1378","post","type-post","status-publish","format-standard","has-post-thumbnail","hentry","category-escverda","category-general","category-portada"],"post_mailing_queue_ids":[],"_links":{"self":[{"href":"https:\/\/agora.xtec.cat\/ieselspallaresos\/wp-json\/wp\/v2\/posts\/1378","targetHints":{"allow":["GET"]}}],"collection":[{"href":"https:\/\/agora.xtec.cat\/ieselspallaresos\/wp-json\/wp\/v2\/posts"}],"about":[{"href":"https:\/\/agora.xtec.cat\/ieselspallaresos\/wp-json\/wp\/v2\/types\/post"}],"author":[{"embeddable":true,"href":"https:\/\/agora.xtec.cat\/ieselspallaresos\/wp-json\/wp\/v2\/users\/12"}],"replies":[{"embeddable":true,"href":"https:\/\/agora.xtec.cat\/ieselspallaresos\/wp-json\/wp\/v2\/comments?post=1378"}],"version-history":[{"count":3,"href":"https:\/\/agora.xtec.cat\/ieselspallaresos\/wp-json\/wp\/v2\/posts\/1378\/revisions"}],"predecessor-version":[{"id":1386,"href":"https:\/\/agora.xtec.cat\/ieselspallaresos\/wp-json\/wp\/v2\/posts\/1378\/revisions\/1386"}],"wp:featuredmedia":[{"embeddable":true,"href":"https:\/\/agora.xtec.cat\/ieselspallaresos\/wp-json\/wp\/v2\/media\/1383"}],"wp:attachment":[{"href":"https:\/\/agora.xtec.cat\/ieselspallaresos\/wp-json\/wp\/v2\/media?parent=1378"}],"wp:term":[{"taxonomy":"category","embeddable":true,"href":"https:\/\/agora.xtec.cat\/ieselspallaresos\/wp-json\/wp\/v2\/categories?post=1378"},{"taxonomy":"post_tag","embeddable":true,"href":"https:\/\/agora.xtec.cat\/ieselspallaresos\/wp-json\/wp\/v2\/tags?post=1378"}],"curies":[{"name":"wp","href":"https:\/\/api.w.org\/{rel}","templated":true}]}}