{"id":1210,"date":"2019-05-14T14:10:30","date_gmt":"2019-05-14T12:10:30","guid":{"rendered":"http:\/\/agora.xtec.cat\/ieselspallaresos\/?p=1210"},"modified":"2019-05-14T14:13:02","modified_gmt":"2019-05-14T12:13:02","slug":"hem-celebrat-la-diada-verda-27-dabril","status":"publish","type":"post","link":"https:\/\/agora.xtec.cat\/ieselspallaresos\/general\/hem-celebrat-la-diada-verda-27-dabril\/","title":{"rendered":"Hem celebrat la Diada Verda de l&#8217;institut."},"content":{"rendered":"<p>&nbsp;<\/p>\n<p>El passat 27 d&#8217;abril, vam celebrar la <strong>Diada Verda<\/strong> organitzada per la comissi\u00f3 verda amb el suport de l&#8217;ajuntament dels Pallaresos i amb l&#8217;ajuda dels alumnes de tercer d&#8217;ESO, els quals estaven realitzant el servei a la comunitat.<\/p>\n<p>La jornada va seguir l&#8217;horari previst. Les primeres activitats van ser la <strong>sessi\u00f3 de ioga i les curses\/caminades<\/strong>, el dia ens va acompanyar amb un Sol espl\u00e8ndid.<\/p>\n<p><a href=\"https:\/\/agora.xtec.cat\/ieselspallaresos\/wp-content\/uploads\/usu652\/2019\/05\/Foto-enviada-per-CRISTINA-ARQU\u00c9-2.jpg\"><img loading=\"lazy\" decoding=\"async\" class=\"wp-image-1222 alignleft\" src=\"https:\/\/agora.xtec.cat\/ieselspallaresos\/wp-content\/uploads\/usu652\/2019\/05\/Foto-enviada-per-CRISTINA-ARQU\u00c9-2-1024x731.jpg\" alt=\"\" width=\"434\" height=\"310\" srcset=\"https:\/\/agora.xtec.cat\/ieselspallaresos\/wp-content\/uploads\/usu652\/2019\/05\/Foto-enviada-per-CRISTINA-ARQU\u00c9-2-1024x731.jpg 1024w, https:\/\/agora.xtec.cat\/ieselspallaresos\/wp-content\/uploads\/usu652\/2019\/05\/Foto-enviada-per-CRISTINA-ARQU\u00c9-2-300x214.jpg 300w, https:\/\/agora.xtec.cat\/ieselspallaresos\/wp-content\/uploads\/usu652\/2019\/05\/Foto-enviada-per-CRISTINA-ARQU\u00c9-2-768x548.jpg 768w, https:\/\/agora.xtec.cat\/ieselspallaresos\/wp-content\/uploads\/usu652\/2019\/05\/Foto-enviada-per-CRISTINA-ARQU\u00c9-2.jpg 1600w\" sizes=\"auto, (max-width: 434px) 100vw, 434px\" \/><\/a><img loading=\"lazy\" decoding=\"async\" class=\"wp-image-1212 alignleft\" src=\"https:\/\/agora.xtec.cat\/ieselspallaresos\/wp-content\/uploads\/usu652\/2019\/05\/IMG-20190428-WA0009-1024x746.jpg\" alt=\"\" width=\"469\" height=\"342\" srcset=\"https:\/\/agora.xtec.cat\/ieselspallaresos\/wp-content\/uploads\/usu652\/2019\/05\/IMG-20190428-WA0009-1024x746.jpg 1024w, https:\/\/agora.xtec.cat\/ieselspallaresos\/wp-content\/uploads\/usu652\/2019\/05\/IMG-20190428-WA0009-300x219.jpg 300w, https:\/\/agora.xtec.cat\/ieselspallaresos\/wp-content\/uploads\/usu652\/2019\/05\/IMG-20190428-WA0009-768x560.jpg 768w, https:\/\/agora.xtec.cat\/ieselspallaresos\/wp-content\/uploads\/usu652\/2019\/05\/IMG-20190428-WA0009.jpg 1600w\" sizes=\"auto, (max-width: 469px) 100vw, 469px\" \/><a href=\"https:\/\/agora.xtec.cat\/ieselspallaresos\/wp-content\/uploads\/usu652\/2019\/05\/Foto-enviada-per-CRISTINA-ARQU\u00c9-1.jpg\"><img loading=\"lazy\" decoding=\"async\" class=\"alignnone wp-image-1221\" src=\"https:\/\/agora.xtec.cat\/ieselspallaresos\/wp-content\/uploads\/usu652\/2019\/05\/Foto-enviada-per-CRISTINA-ARQU\u00c9-1-1024x863.jpg\" alt=\"\" width=\"338\" height=\"285\" srcset=\"https:\/\/agora.xtec.cat\/ieselspallaresos\/wp-content\/uploads\/usu652\/2019\/05\/Foto-enviada-per-CRISTINA-ARQU\u00c9-1-1024x863.jpg 1024w, https:\/\/agora.xtec.cat\/ieselspallaresos\/wp-content\/uploads\/usu652\/2019\/05\/Foto-enviada-per-CRISTINA-ARQU\u00c9-1-300x253.jpg 300w, https:\/\/agora.xtec.cat\/ieselspallaresos\/wp-content\/uploads\/usu652\/2019\/05\/Foto-enviada-per-CRISTINA-ARQU\u00c9-1-768x647.jpg 768w, https:\/\/agora.xtec.cat\/ieselspallaresos\/wp-content\/uploads\/usu652\/2019\/05\/Foto-enviada-per-CRISTINA-ARQU\u00c9-1.jpg 1600w\" sizes=\"auto, (max-width: 338px) 100vw, 338px\" \/><\/a><\/p>\n<p>&nbsp;<\/p>\n<p>&nbsp;<\/p>\n<p>Mentrestant al pati, s&#8217;anaven instal\u00b7lant diferents espais. <strong>L&#8217;inflable<\/strong> de l&#8217;Ag\u00e8ncia de Residus de Catalunya, la taula per <strong>esmorzar<\/strong>, l&#8217;<strong>exposici\u00f3 de l&#8217;Ag\u00e8ncia Catalana de l&#8217;Aigua, la maqueta de l&#8217;Estaci\u00f3 Depuradora d&#8217;Aig\u00fces Residuals<\/strong> de Tarragona per part de l&#8217;empresa EMATSA., les taules on fer <strong>xapes i imants<\/strong>. Aix\u00ed com al gimn\u00e0s el <strong>concurs de preguntes<\/strong> (kahoot!).<\/p>\n<p>&nbsp;<\/p>\n<p><a href=\"https:\/\/agora.xtec.cat\/ieselspallaresos\/wp-content\/uploads\/usu652\/2019\/05\/20190427_115510_opt.jpg\"><img loading=\"lazy\" decoding=\"async\" class=\"alignnone size-full wp-image-1206\" src=\"https:\/\/agora.xtec.cat\/ieselspallaresos\/wp-content\/uploads\/usu652\/2019\/05\/20190427_115510_opt.jpg\" alt=\"\" width=\"400\" height=\"300\" srcset=\"https:\/\/agora.xtec.cat\/ieselspallaresos\/wp-content\/uploads\/usu652\/2019\/05\/20190427_115510_opt.jpg 400w, https:\/\/agora.xtec.cat\/ieselspallaresos\/wp-content\/uploads\/usu652\/2019\/05\/20190427_115510_opt-300x225.jpg 300w, https:\/\/agora.xtec.cat\/ieselspallaresos\/wp-content\/uploads\/usu652\/2019\/05\/20190427_115510_opt-200x150.jpg 200w\" sizes=\"auto, (max-width: 400px) 100vw, 400px\" \/><\/a> <a href=\"https:\/\/agora.xtec.cat\/ieselspallaresos\/wp-content\/uploads\/usu652\/2019\/05\/20190427_122514_opt.jpg\"><img loading=\"lazy\" decoding=\"async\" class=\"alignnone size-full wp-image-1207\" src=\"https:\/\/agora.xtec.cat\/ieselspallaresos\/wp-content\/uploads\/usu652\/2019\/05\/20190427_122514_opt.jpg\" alt=\"\" width=\"400\" height=\"300\" srcset=\"https:\/\/agora.xtec.cat\/ieselspallaresos\/wp-content\/uploads\/usu652\/2019\/05\/20190427_122514_opt.jpg 400w, https:\/\/agora.xtec.cat\/ieselspallaresos\/wp-content\/uploads\/usu652\/2019\/05\/20190427_122514_opt-300x225.jpg 300w, https:\/\/agora.xtec.cat\/ieselspallaresos\/wp-content\/uploads\/usu652\/2019\/05\/20190427_122514_opt-200x150.jpg 200w\" sizes=\"auto, (max-width: 400px) 100vw, 400px\" \/><\/a> <a href=\"https:\/\/agora.xtec.cat\/ieselspallaresos\/wp-content\/uploads\/usu652\/2019\/05\/20190427_115907_opt.jpg\"><img loading=\"lazy\" decoding=\"async\" class=\"alignnone size-full wp-image-1208\" src=\"https:\/\/agora.xtec.cat\/ieselspallaresos\/wp-content\/uploads\/usu652\/2019\/05\/20190427_115907_opt.jpg\" alt=\"\" width=\"400\" height=\"300\" srcset=\"https:\/\/agora.xtec.cat\/ieselspallaresos\/wp-content\/uploads\/usu652\/2019\/05\/20190427_115907_opt.jpg 400w, https:\/\/agora.xtec.cat\/ieselspallaresos\/wp-content\/uploads\/usu652\/2019\/05\/20190427_115907_opt-300x225.jpg 300w, https:\/\/agora.xtec.cat\/ieselspallaresos\/wp-content\/uploads\/usu652\/2019\/05\/20190427_115907_opt-200x150.jpg 200w\" sizes=\"auto, (max-width: 400px) 100vw, 400px\" \/><\/a><\/p>\n<p><a href=\"https:\/\/agora.xtec.cat\/ieselspallaresos\/wp-content\/uploads\/usu652\/2019\/05\/IMG-20190427-WA0024.jpg\"><img loading=\"lazy\" decoding=\"async\" class=\"alignnone wp-image-1204\" src=\"https:\/\/agora.xtec.cat\/ieselspallaresos\/wp-content\/uploads\/usu652\/2019\/05\/IMG-20190427-WA0024-576x1024.jpg\" alt=\"\" width=\"385\" height=\"684\" srcset=\"https:\/\/agora.xtec.cat\/ieselspallaresos\/wp-content\/uploads\/usu652\/2019\/05\/IMG-20190427-WA0024-576x1024.jpg 576w, https:\/\/agora.xtec.cat\/ieselspallaresos\/wp-content\/uploads\/usu652\/2019\/05\/IMG-20190427-WA0024-169x300.jpg 169w, https:\/\/agora.xtec.cat\/ieselspallaresos\/wp-content\/uploads\/usu652\/2019\/05\/IMG-20190427-WA0024-768x1365.jpg 768w, https:\/\/agora.xtec.cat\/ieselspallaresos\/wp-content\/uploads\/usu652\/2019\/05\/IMG-20190427-WA0024.jpg 900w\" sizes=\"auto, (max-width: 385px) 100vw, 385px\" \/><\/a> <a href=\"https:\/\/agora.xtec.cat\/ieselspallaresos\/wp-content\/uploads\/usu652\/2019\/05\/Foto-enviada-per-CRISTINA-ARQU\u00c9.jpg\"><img loading=\"lazy\" decoding=\"async\" class=\"wp-image-1219 alignleft\" src=\"https:\/\/agora.xtec.cat\/ieselspallaresos\/wp-content\/uploads\/usu652\/2019\/05\/Foto-enviada-per-CRISTINA-ARQU\u00c9.jpg\" alt=\"\" width=\"424\" height=\"318\" srcset=\"https:\/\/agora.xtec.cat\/ieselspallaresos\/wp-content\/uploads\/usu652\/2019\/05\/Foto-enviada-per-CRISTINA-ARQU\u00c9.jpg 854w, https:\/\/agora.xtec.cat\/ieselspallaresos\/wp-content\/uploads\/usu652\/2019\/05\/Foto-enviada-per-CRISTINA-ARQU\u00c9-300x225.jpg 300w, https:\/\/agora.xtec.cat\/ieselspallaresos\/wp-content\/uploads\/usu652\/2019\/05\/Foto-enviada-per-CRISTINA-ARQU\u00c9-768x576.jpg 768w, https:\/\/agora.xtec.cat\/ieselspallaresos\/wp-content\/uploads\/usu652\/2019\/05\/Foto-enviada-per-CRISTINA-ARQU\u00c9-200x150.jpg 200w\" sizes=\"auto, (max-width: 424px) 100vw, 424px\" \/><\/a><\/p>\n<p>&nbsp;<\/p>\n<p>Tamb\u00e9 s&#8217;iniciava el<strong> cartell col\u00b7laboratiu<\/strong> a l&#8217;exterior del centre i <strong>la plantada d&#8217;esp\u00e8cies arom\u00e0tiques<\/strong> a l&#8217;hort.<\/p>\n<p><a href=\"https:\/\/agora.xtec.cat\/ieselspallaresos\/wp-content\/uploads\/usu652\/2019\/05\/20190427_125900_opt.jpg\"><img loading=\"lazy\" decoding=\"async\" class=\"alignnone wp-image-1209\" src=\"https:\/\/agora.xtec.cat\/ieselspallaresos\/wp-content\/uploads\/usu652\/2019\/05\/20190427_125900_opt.jpg\" alt=\"\" width=\"503\" height=\"377\" srcset=\"https:\/\/agora.xtec.cat\/ieselspallaresos\/wp-content\/uploads\/usu652\/2019\/05\/20190427_125900_opt.jpg 400w, https:\/\/agora.xtec.cat\/ieselspallaresos\/wp-content\/uploads\/usu652\/2019\/05\/20190427_125900_opt-300x225.jpg 300w, https:\/\/agora.xtec.cat\/ieselspallaresos\/wp-content\/uploads\/usu652\/2019\/05\/20190427_125900_opt-200x150.jpg 200w\" sizes=\"auto, (max-width: 503px) 100vw, 503px\" \/><\/a> <a href=\"https:\/\/agora.xtec.cat\/ieselspallaresos\/wp-content\/uploads\/usu652\/2019\/05\/IMG-20190427-WA0004.jpg\"><img loading=\"lazy\" decoding=\"async\" class=\"alignnone wp-image-1205\" src=\"https:\/\/agora.xtec.cat\/ieselspallaresos\/wp-content\/uploads\/usu652\/2019\/05\/IMG-20190427-WA0004-1024x768.jpg\" alt=\"\" width=\"500\" height=\"375\" srcset=\"https:\/\/agora.xtec.cat\/ieselspallaresos\/wp-content\/uploads\/usu652\/2019\/05\/IMG-20190427-WA0004-1024x768.jpg 1024w, https:\/\/agora.xtec.cat\/ieselspallaresos\/wp-content\/uploads\/usu652\/2019\/05\/IMG-20190427-WA0004-300x225.jpg 300w, https:\/\/agora.xtec.cat\/ieselspallaresos\/wp-content\/uploads\/usu652\/2019\/05\/IMG-20190427-WA0004-768x576.jpg 768w, https:\/\/agora.xtec.cat\/ieselspallaresos\/wp-content\/uploads\/usu652\/2019\/05\/IMG-20190427-WA0004-200x150.jpg 200w, https:\/\/agora.xtec.cat\/ieselspallaresos\/wp-content\/uploads\/usu652\/2019\/05\/IMG-20190427-WA0004.jpg 1600w\" sizes=\"auto, (max-width: 500px) 100vw, 500px\" \/><\/a> <a href=\"https:\/\/agora.xtec.cat\/ieselspallaresos\/wp-content\/uploads\/usu652\/2019\/05\/IMG-20190427-WA0009.jpg\"><img loading=\"lazy\" decoding=\"async\" class=\" wp-image-1203 aligncenter\" src=\"https:\/\/agora.xtec.cat\/ieselspallaresos\/wp-content\/uploads\/usu652\/2019\/05\/IMG-20190427-WA0009-1024x768.jpg\" alt=\"\" width=\"914\" height=\"686\" srcset=\"https:\/\/agora.xtec.cat\/ieselspallaresos\/wp-content\/uploads\/usu652\/2019\/05\/IMG-20190427-WA0009-1024x768.jpg 1024w, https:\/\/agora.xtec.cat\/ieselspallaresos\/wp-content\/uploads\/usu652\/2019\/05\/IMG-20190427-WA0009-300x225.jpg 300w, https:\/\/agora.xtec.cat\/ieselspallaresos\/wp-content\/uploads\/usu652\/2019\/05\/IMG-20190427-WA0009-768x576.jpg 768w, https:\/\/agora.xtec.cat\/ieselspallaresos\/wp-content\/uploads\/usu652\/2019\/05\/IMG-20190427-WA0009-200x150.jpg 200w, https:\/\/agora.xtec.cat\/ieselspallaresos\/wp-content\/uploads\/usu652\/2019\/05\/IMG-20190427-WA0009.jpg 1600w\" sizes=\"auto, (max-width: 914px) 100vw, 914px\" \/><\/a><\/p>\n<p>&nbsp;<\/p>\n<p>Finalment l&#8217;acte de clausura va consistir en l&#8217;<strong>entrega de premis<\/strong> de les curses i del concurs fotogr\u00e0fic.<\/p>\n<p><a href=\"https:\/\/agora.xtec.cat\/ieselspallaresos\/wp-content\/uploads\/usu652\/2019\/05\/gimn\u00e0s_opt.jpg\"><img loading=\"lazy\" decoding=\"async\" class=\" wp-image-1216 alignleft\" src=\"https:\/\/agora.xtec.cat\/ieselspallaresos\/wp-content\/uploads\/usu652\/2019\/05\/gimn\u00e0s_opt.jpg\" alt=\"\" width=\"412\" height=\"309\" srcset=\"https:\/\/agora.xtec.cat\/ieselspallaresos\/wp-content\/uploads\/usu652\/2019\/05\/gimn\u00e0s_opt.jpg 400w, https:\/\/agora.xtec.cat\/ieselspallaresos\/wp-content\/uploads\/usu652\/2019\/05\/gimn\u00e0s_opt-300x225.jpg 300w, https:\/\/agora.xtec.cat\/ieselspallaresos\/wp-content\/uploads\/usu652\/2019\/05\/gimn\u00e0s_opt-200x150.jpg 200w\" sizes=\"auto, (max-width: 412px) 100vw, 412px\" \/><\/a> <a href=\"https:\/\/agora.xtec.cat\/ieselspallaresos\/wp-content\/uploads\/usu652\/2019\/05\/millor-foto-denuncia_opt.jpg\"><img loading=\"lazy\" decoding=\"async\" class=\" wp-image-1217 alignleft\" src=\"https:\/\/agora.xtec.cat\/ieselspallaresos\/wp-content\/uploads\/usu652\/2019\/05\/millor-foto-denuncia_opt.jpg\" alt=\"\" width=\"416\" height=\"312\" srcset=\"https:\/\/agora.xtec.cat\/ieselspallaresos\/wp-content\/uploads\/usu652\/2019\/05\/millor-foto-denuncia_opt.jpg 400w, https:\/\/agora.xtec.cat\/ieselspallaresos\/wp-content\/uploads\/usu652\/2019\/05\/millor-foto-denuncia_opt-300x225.jpg 300w, https:\/\/agora.xtec.cat\/ieselspallaresos\/wp-content\/uploads\/usu652\/2019\/05\/millor-foto-denuncia_opt-200x150.jpg 200w\" sizes=\"auto, (max-width: 416px) 100vw, 416px\" \/><\/a> <a href=\"https:\/\/agora.xtec.cat\/ieselspallaresos\/wp-content\/uploads\/usu652\/2019\/05\/IMG-20190428-WA0004.jpg\"><img loading=\"lazy\" decoding=\"async\" class=\"size-large wp-image-1213 aligncenter\" src=\"https:\/\/agora.xtec.cat\/ieselspallaresos\/wp-content\/uploads\/usu652\/2019\/05\/IMG-20190428-WA0004-1024x773.jpg\" alt=\"\" width=\"1024\" height=\"773\" srcset=\"https:\/\/agora.xtec.cat\/ieselspallaresos\/wp-content\/uploads\/usu652\/2019\/05\/IMG-20190428-WA0004-1024x773.jpg 1024w, https:\/\/agora.xtec.cat\/ieselspallaresos\/wp-content\/uploads\/usu652\/2019\/05\/IMG-20190428-WA0004-300x227.jpg 300w, https:\/\/agora.xtec.cat\/ieselspallaresos\/wp-content\/uploads\/usu652\/2019\/05\/IMG-20190428-WA0004-768x580.jpg 768w, https:\/\/agora.xtec.cat\/ieselspallaresos\/wp-content\/uploads\/usu652\/2019\/05\/IMG-20190428-WA0004-200x150.jpg 200w, https:\/\/agora.xtec.cat\/ieselspallaresos\/wp-content\/uploads\/usu652\/2019\/05\/IMG-20190428-WA0004.jpg 1600w\" sizes=\"auto, (max-width: 1024px) 100vw, 1024px\" \/><\/a><\/p>\n<p>&nbsp;<\/p>\n<p>Moltes gr\u00e0cies a tots els qui vau assistir, fam\u00edlies, amics i alumnes. Esperem que ho gaud\u00edssiu molt i que fos de profit per tots vosaltres. Ens veiem a la pr\u00f2xima edici\u00f3.<\/p>\n<p>Salut i sostenibilitat!<\/p>\n<p>Equip verd.<\/p>\n","protected":false},"excerpt":{"rendered":"<p>&nbsp; El passat 27 d&#8217;abril, vam celebrar la Diada Verda organitzada per la comissi\u00f3 verda amb el suport de l&#8217;ajuntament dels Pallaresos i amb l&#8217;ajuda dels alumnes de tercer d&#8217;ESO, els quals estaven realitzant el servei a la comunitat. La jornada va seguir l&#8217;horari previst. Les primeres activitats van ser la sessi\u00f3 de ioga i [&hellip;]<\/p>\n","protected":false},"author":12,"featured_media":0,"comment_status":"open","ping_status":"closed","sticky":false,"template":"","format":"standard","meta":{"_bbp_topic_count":0,"_bbp_reply_count":0,"_bbp_total_topic_count":0,"_bbp_total_reply_count":0,"_bbp_voice_count":0,"_bbp_anonymous_reply_count":0,"_bbp_topic_count_hidden":0,"_bbp_reply_count_hidden":0,"_bbp_forum_subforum_count":0,"site-sidebar-layout":"default","site-content-layout":"","ast-site-content-layout":"","site-content-style":"default","site-sidebar-style":"default","ast-global-header-display":"","ast-banner-title-visibility":"","ast-main-header-display":"","ast-hfb-above-header-display":"","ast-hfb-below-header-display":"","ast-hfb-mobile-header-display":"","site-post-title":"","ast-breadcrumbs-content":"","ast-featured-img":"","footer-sml-layout":"","theme-transparent-header-meta":"","adv-header-id-meta":"","stick-header-meta":"","header-above-stick-meta":"","header-main-stick-meta":"","header-below-stick-meta":"","astra-migrate-meta-layouts":"default","ast-page-background-enabled":"default","ast-page-background-meta":{"desktop":{"background-color":"var(--ast-global-color-4)","background-image":"","background-repeat":"repeat","background-position":"center center","background-size":"auto","background-attachment":"scroll","background-type":"","background-media":"","overlay-type":"","overlay-color":"","overlay-opacity":"","overlay-gradient":""},"tablet":{"background-color":"","background-image":"","background-repeat":"repeat","background-position":"center center","background-size":"auto","background-attachment":"scroll","background-type":"","background-media":"","overlay-type":"","overlay-color":"","overlay-opacity":"","overlay-gradient":""},"mobile":{"background-color":"","background-image":"","background-repeat":"repeat","background-position":"center center","background-size":"auto","background-attachment":"scroll","background-type":"","background-media":"","overlay-type":"","overlay-color":"","overlay-opacity":"","overlay-gradient":""}},"ast-content-background-meta":{"desktop":{"background-color":"var(--ast-global-color-5)","background-image":"","background-repeat":"repeat","background-position":"center center","background-size":"auto","background-attachment":"scroll","background-type":"","background-media":"","overlay-type":"","overlay-color":"","overlay-opacity":"","overlay-gradient":""},"tablet":{"background-color":"var(--ast-global-color-5)","background-image":"","background-repeat":"repeat","background-position":"center center","background-size":"auto","background-attachment":"scroll","background-type":"","background-media":"","overlay-type":"","overlay-color":"","overlay-opacity":"","overlay-gradient":""},"mobile":{"background-color":"var(--ast-global-color-5)","background-image":"","background-repeat":"repeat","background-position":"center center","background-size":"auto","background-attachment":"scroll","background-type":"","background-media":"","overlay-type":"","overlay-color":"","overlay-opacity":"","overlay-gradient":""}},"footnotes":""},"categories":[119,1,29],"tags":[],"class_list":["post-1210","post","type-post","status-publish","format-standard","hentry","category-escverda","category-general","category-portada"],"post_mailing_queue_ids":[],"_links":{"self":[{"href":"https:\/\/agora.xtec.cat\/ieselspallaresos\/wp-json\/wp\/v2\/posts\/1210","targetHints":{"allow":["GET"]}}],"collection":[{"href":"https:\/\/agora.xtec.cat\/ieselspallaresos\/wp-json\/wp\/v2\/posts"}],"about":[{"href":"https:\/\/agora.xtec.cat\/ieselspallaresos\/wp-json\/wp\/v2\/types\/post"}],"author":[{"embeddable":true,"href":"https:\/\/agora.xtec.cat\/ieselspallaresos\/wp-json\/wp\/v2\/users\/12"}],"replies":[{"embeddable":true,"href":"https:\/\/agora.xtec.cat\/ieselspallaresos\/wp-json\/wp\/v2\/comments?post=1210"}],"version-history":[{"count":3,"href":"https:\/\/agora.xtec.cat\/ieselspallaresos\/wp-json\/wp\/v2\/posts\/1210\/revisions"}],"predecessor-version":[{"id":1233,"href":"https:\/\/agora.xtec.cat\/ieselspallaresos\/wp-json\/wp\/v2\/posts\/1210\/revisions\/1233"}],"wp:attachment":[{"href":"https:\/\/agora.xtec.cat\/ieselspallaresos\/wp-json\/wp\/v2\/media?parent=1210"}],"wp:term":[{"taxonomy":"category","embeddable":true,"href":"https:\/\/agora.xtec.cat\/ieselspallaresos\/wp-json\/wp\/v2\/categories?post=1210"},{"taxonomy":"post_tag","embeddable":true,"href":"https:\/\/agora.xtec.cat\/ieselspallaresos\/wp-json\/wp\/v2\/tags?post=1210"}],"curies":[{"name":"wp","href":"https:\/\/api.w.org\/{rel}","templated":true}]}}