{"id":1066,"date":"2018-06-04T10:39:49","date_gmt":"2018-06-04T08:39:49","guid":{"rendered":"http:\/\/agora.xtec.cat\/ieselspallaresos\/?p=1066"},"modified":"2018-06-07T10:18:32","modified_gmt":"2018-06-07T08:18:32","slug":"hem-celebrat-la-diada-verda","status":"publish","type":"post","link":"https:\/\/agora.xtec.cat\/ieselspallaresos\/general\/hem-celebrat-la-diada-verda\/","title":{"rendered":"Hem celebrat la Diada Verda"},"content":{"rendered":"<p><b>Hem celebrat la Diada Verda<\/b><\/p>\n<p><span style=\"font-weight: 400\">Dissabte, 21 d\u2019abril, vam celebrar la Diada Verda de l\u2019Institut, organitzada per la comissi\u00f3 d\u2019Escola Verda i en la qual va poder participar tota la comunitat educativa: alumnat, fam\u00edlies, professorat, PAS\u2026<\/span><\/p>\n<p><span style=\"font-weight: 400\">La jornada va iniciar-se amb les curses i les caminades. Hi va haver curses de dist\u00e0ncia diversa (5 o 10 quil\u00f2metres) i dues caminades (una de general, i una d\u2019infantil, la qual va tenir un recorregut m\u00e9s curt, per\u00f2 que va incloure jocs i activitats de descobriment de l\u2019entorn).<\/span><\/p>\n<p><span style=\"font-weight: 400\">Despr\u00e9s vam fer un esmorzar saludable en qu\u00e8 tothom va compartir el que havia dut: bescuits i coques casolans, pa amb tom\u00e0quet i oli d\u2019oliva arbequina, fruita\u2026 <\/span><\/p>\n<p><span style=\"font-weight: 400\">Havent recuperat forces, es va procedir a l\u2019entrega de copes i medalles als guanyadors i guanyadores de les curses:<\/span><\/p>\n<table>\n<tbody>\n<tr>\n<td><\/td>\n<td><b>CURSA 10K<\/b><\/td>\n<td><b>DORSAL<\/b><\/td>\n<td><b>TEMPS<\/b><\/td>\n<\/tr>\n<tr>\n<td><span style=\"font-weight: 400\">1<\/span><\/td>\n<td><span style=\"font-weight: 400\">Jordi P\u00e0mies Carri\u00f3n<\/span><\/td>\n<td><span style=\"font-weight: 400\">12<\/span><\/td>\n<td><span style=\"font-weight: 400\">44&#8217;08&#8221;<\/span><\/td>\n<\/tr>\n<tr>\n<td><span style=\"font-weight: 400\">2<\/span><\/td>\n<td><span style=\"font-weight: 400\">David Zuferri Balmes<\/span><\/td>\n<td><span style=\"font-weight: 400\">5<\/span><\/td>\n<td><span style=\"font-weight: 400\">45&#8217;52&#8221;<\/span><\/td>\n<\/tr>\n<tr>\n<td><span style=\"font-weight: 400\">3<\/span><\/td>\n<td><span style=\"font-weight: 400\">Ignasi Rullo Pinyol<\/span><\/td>\n<td><span style=\"font-weight: 400\">11<\/span><\/td>\n<td><span style=\"font-weight: 400\">46&#8217;06&#8221;<\/span><\/td>\n<\/tr>\n<tr>\n<td><span style=\"font-weight: 400\">4<\/span><\/td>\n<td><span style=\"font-weight: 400\">Arnau Torres Aymerich<\/span><\/td>\n<td><span style=\"font-weight: 400\">6<\/span><\/td>\n<td><span style=\"font-weight: 400\">46&#8217;39&#8221;<\/span><\/td>\n<\/tr>\n<tr>\n<td><span style=\"font-weight: 400\">5<\/span><\/td>\n<td><span style=\"font-weight: 400\">Yolanda Aguirre Chac\u00f3n<\/span><\/td>\n<td><span style=\"font-weight: 400\">19<\/span><\/td>\n<td><span style=\"font-weight: 400\">48&#8217;45&#8221;<\/span><\/td>\n<\/tr>\n<tr>\n<td><span style=\"font-weight: 400\">6<\/span><\/td>\n<td><span style=\"font-weight: 400\">Soraya Mart\u00ednez Hernandez<\/span><\/td>\n<td><span style=\"font-weight: 400\">17<\/span><\/td>\n<td><span style=\"font-weight: 400\">50&#8217;13&#8221;<\/span><\/td>\n<\/tr>\n<tr>\n<td><span style=\"font-weight: 400\">7<\/span><\/td>\n<td><span style=\"font-weight: 400\">Jordi irazuzta<\/span><\/td>\n<td><span style=\"font-weight: 400\">1<\/span><\/td>\n<td><span style=\"font-weight: 400\">51&#8217;05&#8221;<\/span><\/td>\n<\/tr>\n<tr>\n<td><span style=\"font-weight: 400\">8<\/span><\/td>\n<td><span style=\"font-weight: 400\">Pau Nolla Ferr\u00e9<\/span><\/td>\n<td><span style=\"font-weight: 400\">2<\/span><\/td>\n<td><span style=\"font-weight: 400\">51&#8217;58&#8221;<\/span><\/td>\n<\/tr>\n<tr>\n<td><span style=\"font-weight: 400\">9<\/span><\/td>\n<td><span style=\"font-weight: 400\">Arnau G\u00f3mez Recasens<\/span><\/td>\n<td><span style=\"font-weight: 400\">3<\/span><\/td>\n<td><span style=\"font-weight: 400\">52&#8217;00&#8221;<\/span><\/td>\n<\/tr>\n<tr>\n<td><span style=\"font-weight: 400\">10<\/span><\/td>\n<td><span style=\"font-weight: 400\">Joan Dalmau Torn\u00e9<\/span><\/td>\n<td><span style=\"font-weight: 400\">28<\/span><\/td>\n<td><span style=\"font-weight: 400\">52&#8217;06&#8221;<\/span><\/td>\n<\/tr>\n<tr>\n<td><span style=\"font-weight: 400\">11<\/span><\/td>\n<td><span style=\"font-weight: 400\">\u00c1lvaro Aparicio Peris<\/span><\/td>\n<td><span style=\"font-weight: 400\">21<\/span><\/td>\n<td><span style=\"font-weight: 400\">52&#8217;14&#8221;<\/span><\/td>\n<\/tr>\n<tr>\n<td><span style=\"font-weight: 400\">12<\/span><\/td>\n<td><span style=\"font-weight: 400\">Maria Jos\u00e9 Aguirre Chac\u00f3n<\/span><\/td>\n<td><span style=\"font-weight: 400\">18<\/span><\/td>\n<td><span style=\"font-weight: 400\">55&#8217;25&#8221;<\/span><\/td>\n<\/tr>\n<tr>\n<td><span style=\"font-weight: 400\">13<\/span><\/td>\n<td><span style=\"font-weight: 400\">Yelco Hernandez Aguirre<\/span><\/td>\n<td><span style=\"font-weight: 400\">26<\/span><\/td>\n<td><span style=\"font-weight: 400\">55&#8217;25&#8221;<\/span><\/td>\n<\/tr>\n<tr>\n<td><span style=\"font-weight: 400\">14<\/span><\/td>\n<td><span style=\"font-weight: 400\">David Alberni<\/span><\/td>\n<td><span style=\"font-weight: 400\">13<\/span><\/td>\n<td><span style=\"font-weight: 400\">1h<\/span><\/td>\n<\/tr>\n<tr>\n<td><span style=\"font-weight: 400\">15<\/span><\/td>\n<td><span style=\"font-weight: 400\">Laura Casas<\/span><\/td>\n<td><span style=\"font-weight: 400\">15<\/span><\/td>\n<td><span style=\"font-weight: 400\">1h 4&#8242;<\/span><\/td>\n<\/tr>\n<tr>\n<td><span style=\"font-weight: 400\">16<\/span><\/td>\n<td><span style=\"font-weight: 400\">Jose Manuel Velasco Fernandez<\/span><\/td>\n<td><span style=\"font-weight: 400\">30<\/span><\/td>\n<td><span style=\"font-weight: 400\">1h 4&#8242;<\/span><\/td>\n<\/tr>\n<tr>\n<td><span style=\"font-weight: 400\">17<\/span><\/td>\n<td><span style=\"font-weight: 400\">Andreu Terentti<\/span><\/td>\n<td><span style=\"font-weight: 400\">31<\/span><\/td>\n<td><span style=\"font-weight: 400\">1h 4&#8242;<\/span><\/td>\n<\/tr>\n<tr>\n<td><span style=\"font-weight: 400\">18<\/span><\/td>\n<td><span style=\"font-weight: 400\">Dora Pons Nolla<\/span><\/td>\n<td><span style=\"font-weight: 400\">22<\/span><\/td>\n<td><span style=\"font-weight: 400\">1h 7&#8242;<\/span><\/td>\n<\/tr>\n<tr>\n<td><span style=\"font-weight: 400\">19<\/span><\/td>\n<td><span style=\"font-weight: 400\">Marta Vall\u00e8s<\/span><\/td>\n<td><span style=\"font-weight: 400\">16<\/span><\/td>\n<td><span style=\"font-weight: 400\">1h 16&#8242;<\/span><\/td>\n<\/tr>\n<\/tbody>\n<\/table>\n<p>&nbsp;<\/p>\n<table>\n<tbody>\n<tr>\n<td><\/td>\n<td><b>CURSA 6K<\/b><\/td>\n<td><b>DORSAL<\/b><\/td>\n<td><span style=\"font-weight: 400\">TEMPS<\/span><\/td>\n<\/tr>\n<tr>\n<td><span style=\"font-weight: 400\">1<\/span><\/td>\n<td><span style=\"font-weight: 400\">Albert Torres Carles<\/span><\/td>\n<td><span style=\"font-weight: 400\">55<\/span><\/td>\n<td><span style=\"font-weight: 400\">24&#8217;46&#8221;<\/span><\/td>\n<\/tr>\n<tr>\n<td><span style=\"font-weight: 400\">2<\/span><\/td>\n<td><span style=\"font-weight: 400\">Carlota Norte San Juan<\/span><\/td>\n<td><span style=\"font-weight: 400\">32<\/span><\/td>\n<td><span style=\"font-weight: 400\">33&#8221;33&#8221;<\/span><\/td>\n<\/tr>\n<tr>\n<td><span style=\"font-weight: 400\">3<\/span><\/td>\n<td><span style=\"font-weight: 400\">Cristina Arqu\u00e9<\/span><\/td>\n<td><span style=\"font-weight: 400\">52<\/span><\/td>\n<td><span style=\"font-weight: 400\">38&#8217;51&#8221;<\/span><\/td>\n<\/tr>\n<tr>\n<td><span style=\"font-weight: 400\">4<\/span><\/td>\n<td><span style=\"font-weight: 400\">Abel Aparicio Lozano<\/span><\/td>\n<td><span style=\"font-weight: 400\">54<\/span><\/td>\n<td><span style=\"font-weight: 400\">38&#8217;51&#8221;<\/span><\/td>\n<\/tr>\n<tr>\n<td><span style=\"font-weight: 400\">5<\/span><\/td>\n<td><span style=\"font-weight: 400\">V\u00edctor Ramal Rodr\u00edguez<\/span><\/td>\n<td><span style=\"font-weight: 400\">58<\/span><\/td>\n<td><span style=\"font-weight: 400\">42&#8217;05&#8221;<\/span><\/td>\n<\/tr>\n<tr>\n<td><span style=\"font-weight: 400\">6<\/span><\/td>\n<td><span style=\"font-weight: 400\">Ana Colomer<\/span><\/td>\n<td><span style=\"font-weight: 400\">69<\/span><\/td>\n<td><span style=\"font-weight: 400\">42&#8217;38&#8221;<\/span><\/td>\n<\/tr>\n<tr>\n<td><span style=\"font-weight: 400\">7<\/span><\/td>\n<td><span style=\"font-weight: 400\">Mavi Ferri<\/span><\/td>\n<td><span style=\"font-weight: 400\">50<\/span><\/td>\n<td><span style=\"font-weight: 400\">43&#8217;51&#8221;<\/span><\/td>\n<\/tr>\n<tr>\n<td><span style=\"font-weight: 400\">8<\/span><\/td>\n<td><span style=\"font-weight: 400\">Eloi Sanchez Roca<\/span><\/td>\n<td><span style=\"font-weight: 400\">64<\/span><\/td>\n<td><span style=\"font-weight: 400\">47&#8217;15&#8221;<\/span><\/td>\n<\/tr>\n<tr>\n<td><span style=\"font-weight: 400\">9<\/span><\/td>\n<td><span style=\"font-weight: 400\">Jesus Sanchez<\/span><\/td>\n<td><span style=\"font-weight: 400\">65<\/span><\/td>\n<td><span style=\"font-weight: 400\">47&#8217;16&#8221;<\/span><\/td>\n<\/tr>\n<tr>\n<td><span style=\"font-weight: 400\">10<\/span><\/td>\n<td><span style=\"font-weight: 400\">Laura Callej\u00f3n<\/span><\/td>\n<td><span style=\"font-weight: 400\">53<\/span><\/td>\n<td><span style=\"font-weight: 400\">1h 10&#8242;<\/span><\/td>\n<\/tr>\n<tr>\n<td><span style=\"font-weight: 400\">11<\/span><\/td>\n<td><span style=\"font-weight: 400\">Iris Giralt Velasco<\/span><\/td>\n<td><span style=\"font-weight: 400\">57<\/span><\/td>\n<td><span style=\"font-weight: 400\">1h 10&#8242;<\/span><\/td>\n<\/tr>\n<tr>\n<td><span style=\"font-weight: 400\">12<\/span><\/td>\n<td><span style=\"font-weight: 400\">Adrian Robles<\/span><\/td>\n<td><span style=\"font-weight: 400\">66<\/span><\/td>\n<td><span style=\"font-weight: 400\">1h 10&#8242;<\/span><\/td>\n<\/tr>\n<tr>\n<td><span style=\"font-weight: 400\">13<\/span><\/td>\n<td><span style=\"font-weight: 400\">Grecia Romero Jimenez<\/span><\/td>\n<td><span style=\"font-weight: 400\">67<\/span><\/td>\n<td><span style=\"font-weight: 400\">1h 10&#8242;<\/span><\/td>\n<\/tr>\n<\/tbody>\n<\/table>\n<p><span style=\"font-weight: 400\">La segona part de la jornada, m\u00e9s pausada, va consistir en la realitzaci\u00f3 d\u2019activitats i visita a exposicions que tenien l\u2019objectiu de conscienciar sobre la necessitat de gestionar adequadament els residus i estimar la natura: plantada d\u2019herbes arom\u00e0tiques, vestida d\u2019arbres, kahoot sobre gesti\u00f3 de residus i reciclatge, joc de l\u2019oca, c\u00e0lcul de la petjada ecol\u00f2gica, taller de valors, jocs de l\u2019energia i les exposicions de la maqueta de la depuradora i de l\u2019anella verda. Tamb\u00e9 van participar les escoles de prim\u00e0ria exposant els seus projectes. L\u2019escola Sant Sebasti\u00e0 amb l\u2019exposici\u00f3 de diferents maquetes i l\u2019escola Jujol amb el projecte de micropl\u00e0stics a la platja.<\/span><\/p>\n<p><span style=\"font-weight: 400\">Per cloure la Diada, un grup d\u2019alumnes de 4t d\u2019ESO va representar l\u2019obra de teatre Apilo XII, en la qual es tracta la import\u00e0ncia de la recollida selectiva de piles.<\/span><\/p>\n<p><a href=\"https:\/\/drive.google.com\/open?id=1VJ3h14xgCpuHBZYK3jYaNF-32h-413TG\"><span style=\"font-weight: 400\">https:\/\/drive.google.com\/open?id=1VJ3h14xgCpuHBZYK3jYaNF-32h-413TG<\/span><\/a><\/p>\n<p><span style=\"font-weight: 400\">Va ser una jornada molt enriquidora. Us esperem a la propera edici\u00f3!<\/span><\/p>\n<p><a href=\"http:\/\/goo.gl\/R78s4F\">Imatges\u00a0de la Diada.<\/a><\/p>\n<p>&nbsp;<\/p>\n","protected":false},"excerpt":{"rendered":"<p>Hem celebrat la Diada Verda Dissabte, 21 d\u2019abril, vam celebrar la Diada Verda de l\u2019Institut, organitzada per la comissi\u00f3 d\u2019Escola Verda i en la qual va poder participar tota la comunitat educativa: alumnat, fam\u00edlies, professorat, PAS\u2026 La jornada va iniciar-se amb les curses i les caminades. Hi va haver curses de dist\u00e0ncia diversa (5 o [&hellip;]<\/p>\n","protected":false},"author":12,"featured_media":0,"comment_status":"open","ping_status":"closed","sticky":false,"template":"","format":"standard","meta":{"_bbp_topic_count":0,"_bbp_reply_count":0,"_bbp_total_topic_count":0,"_bbp_total_reply_count":0,"_bbp_voice_count":0,"_bbp_anonymous_reply_count":0,"_bbp_topic_count_hidden":0,"_bbp_reply_count_hidden":0,"_bbp_forum_subforum_count":0,"site-sidebar-layout":"default","site-content-layout":"","ast-site-content-layout":"","site-content-style":"default","site-sidebar-style":"default","ast-global-header-display":"","ast-banner-title-visibility":"","ast-main-header-display":"","ast-hfb-above-header-display":"","ast-hfb-below-header-display":"","ast-hfb-mobile-header-display":"","site-post-title":"","ast-breadcrumbs-content":"","ast-featured-img":"","footer-sml-layout":"","theme-transparent-header-meta":"","adv-header-id-meta":"","stick-header-meta":"","header-above-stick-meta":"","header-main-stick-meta":"","header-below-stick-meta":"","astra-migrate-meta-layouts":"default","ast-page-background-enabled":"default","ast-page-background-meta":{"desktop":{"background-color":"var(--ast-global-color-4)","background-image":"","background-repeat":"repeat","background-position":"center center","background-size":"auto","background-attachment":"scroll","background-type":"","background-media":"","overlay-type":"","overlay-color":"","overlay-opacity":"","overlay-gradient":""},"tablet":{"background-color":"","background-image":"","background-repeat":"repeat","background-position":"center center","background-size":"auto","background-attachment":"scroll","background-type":"","background-media":"","overlay-type":"","overlay-color":"","overlay-opacity":"","overlay-gradient":""},"mobile":{"background-color":"","background-image":"","background-repeat":"repeat","background-position":"center center","background-size":"auto","background-attachment":"scroll","background-type":"","background-media":"","overlay-type":"","overlay-color":"","overlay-opacity":"","overlay-gradient":""}},"ast-content-background-meta":{"desktop":{"background-color":"var(--ast-global-color-5)","background-image":"","background-repeat":"repeat","background-position":"center center","background-size":"auto","background-attachment":"scroll","background-type":"","background-media":"","overlay-type":"","overlay-color":"","overlay-opacity":"","overlay-gradient":""},"tablet":{"background-color":"var(--ast-global-color-5)","background-image":"","background-repeat":"repeat","background-position":"center center","background-size":"auto","background-attachment":"scroll","background-type":"","background-media":"","overlay-type":"","overlay-color":"","overlay-opacity":"","overlay-gradient":""},"mobile":{"background-color":"var(--ast-global-color-5)","background-image":"","background-repeat":"repeat","background-position":"center center","background-size":"auto","background-attachment":"scroll","background-type":"","background-media":"","overlay-type":"","overlay-color":"","overlay-opacity":"","overlay-gradient":""}},"footnotes":""},"categories":[119,1,29],"tags":[],"class_list":["post-1066","post","type-post","status-publish","format-standard","hentry","category-escverda","category-general","category-portada"],"post_mailing_queue_ids":[],"_links":{"self":[{"href":"https:\/\/agora.xtec.cat\/ieselspallaresos\/wp-json\/wp\/v2\/posts\/1066","targetHints":{"allow":["GET"]}}],"collection":[{"href":"https:\/\/agora.xtec.cat\/ieselspallaresos\/wp-json\/wp\/v2\/posts"}],"about":[{"href":"https:\/\/agora.xtec.cat\/ieselspallaresos\/wp-json\/wp\/v2\/types\/post"}],"author":[{"embeddable":true,"href":"https:\/\/agora.xtec.cat\/ieselspallaresos\/wp-json\/wp\/v2\/users\/12"}],"replies":[{"embeddable":true,"href":"https:\/\/agora.xtec.cat\/ieselspallaresos\/wp-json\/wp\/v2\/comments?post=1066"}],"version-history":[{"count":2,"href":"https:\/\/agora.xtec.cat\/ieselspallaresos\/wp-json\/wp\/v2\/posts\/1066\/revisions"}],"predecessor-version":[{"id":1070,"href":"https:\/\/agora.xtec.cat\/ieselspallaresos\/wp-json\/wp\/v2\/posts\/1066\/revisions\/1070"}],"wp:attachment":[{"href":"https:\/\/agora.xtec.cat\/ieselspallaresos\/wp-json\/wp\/v2\/media?parent=1066"}],"wp:term":[{"taxonomy":"category","embeddable":true,"href":"https:\/\/agora.xtec.cat\/ieselspallaresos\/wp-json\/wp\/v2\/categories?post=1066"},{"taxonomy":"post_tag","embeddable":true,"href":"https:\/\/agora.xtec.cat\/ieselspallaresos\/wp-json\/wp\/v2\/tags?post=1066"}],"curies":[{"name":"wp","href":"https:\/\/api.w.org\/{rel}","templated":true}]}}