{"id":1023,"date":"2018-04-17T09:00:30","date_gmt":"2018-04-17T07:00:30","guid":{"rendered":"http:\/\/agora.xtec.cat\/ieselspallaresos\/?p=1023"},"modified":"2018-04-18T11:01:26","modified_gmt":"2018-04-18T09:01:26","slug":"vine-a-la-diada-verda","status":"publish","type":"post","link":"https:\/\/agora.xtec.cat\/ieselspallaresos\/general\/vine-a-la-diada-verda\/","title":{"rendered":"Vine a la Diada Verda"},"content":{"rendered":"<p style=\"text-align: left\"><a href=\"http:\/\/agora.xtec.cat\/ieselspallaresos\/wp-content\/uploads\/usu652\/2018\/04\/logotip.jpg\"><img loading=\"lazy\" decoding=\"async\" class=\"alignnone wp-image-1025\" src=\"http:\/\/agora.xtec.cat\/ieselspallaresos\/wp-content\/uploads\/usu652\/2018\/04\/logotip.jpg\" alt=\"\" width=\"83\" height=\"83\" srcset=\"https:\/\/agora.xtec.cat\/ieselspallaresos\/wp-content\/uploads\/usu652\/2018\/04\/logotip.jpg 160w, https:\/\/agora.xtec.cat\/ieselspallaresos\/wp-content\/uploads\/usu652\/2018\/04\/logotip-150x150.jpg 150w\" sizes=\"auto, (max-width: 83px) 100vw, 83px\" \/><\/a><\/p>\n<p><span style=\"font-weight: 400\">Benvolgudes fam\u00edlies,<\/span><\/p>\n<p><span style=\"font-weight: 400\">L\u2019Institut Els Pallaresos, com a centre adherit a la xarxa d\u2019Escoles Verdes de Catalunya, ha organitzat una jornada festiva l\u2019eix principal de la qual ser\u00e0 el medi ambient. Realitzarem activitats per a totes les edats, perqu\u00e8 aix\u00ed tothom hi pugui participar. Us convidem a <\/span><b>la Diada Verda<\/b><span style=\"font-weight: 400\">, el<\/span><b> dissabte 21 d\u2019abril, <\/b><span style=\"font-weight: 400\">a l\u2019institut. <\/span><\/p>\n<p><span style=\"font-weight: 400\">Aquestes s\u00f3n les activitats i els horaris previstos:<\/span><\/p>\n<ul>\n<li style=\"font-weight: 400\"><span style=\"font-weight: 400\">A les<\/span><b> 9.00 h<\/b><span style=\"font-weight: 400\"> comen\u00e7aran \u00a0les <\/span><b>caminades i les curses<\/b><span style=\"font-weight: 400\">. Els circuits estaran senyalitzats. Tindrem un punt d\u2019avituallament amb aig\u00fces i fruita. Disposarem de servei de dutxes.<\/span><\/li>\n<li style=\"font-weight: 400\"><span style=\"font-weight: 400\">A les <\/span><b>11.00 h,<\/b><span style=\"font-weight: 400\"> l\u2019<\/span><b>esmorzar per compartir<\/b><span style=\"font-weight: 400\">. Tots portarem esmorzar de casa i el compartirem.<\/span><\/li>\n<li style=\"font-weight: 400\"><span style=\"font-weight: 400\">De les <\/span><b>11.45 h fins a les 13.30 h <\/b><span style=\"font-weight: 400\">hi haur\u00e0<\/span><b> tallers, jocs i exposicions<\/b><span style=\"font-weight: 400\">.<\/span><\/li>\n<\/ul>\n<p><b>Circuits:<\/b><\/p>\n<p><span style=\"font-weight: 400\">Omple el seg\u00fcent formulari si vols participar a la caminada o a la cursa:<\/span> <a href=\"https:\/\/docs.google.com\/forms\/d\/e\/1FAIpQLSfNQdHaWjKyZYYiulHd2pfwG5MFcevaqkX2ZgL-I8jAcdniTQ\/viewform?usp=pp_url&amp;entry.305740805&amp;entry.1003180166\"><b>FORMULARI<\/b><\/a><\/p>\n<ol>\n<li style=\"font-weight: 400\"><a href=\"https:\/\/ca.wikiloc.com\/rutes-correr\/circuit-llarg-23088669\"><span style=\"font-weight: 400\">Llarg<\/span><\/a><\/li>\n<li style=\"font-weight: 400\"><a href=\"https:\/\/ca.wikiloc.com\/rutes-correr\/circuit-curt-23088991\"><span style=\"font-weight: 400\">Curt<\/span><\/a><\/li>\n<li style=\"font-weight: 400\"><span style=\"font-weight: 400\">Infantil. Ser\u00e0 el primer tram del circuit curt\/llarg fins arribar al bosc, \u00e9s apte per circular amb cotxets (2 km anar\/tornar).<\/span><\/li>\n<\/ol>\n<p><a href=\"https:\/\/docs.google.com\/spreadsheets\/d\/1EpHcICB-n8v2_G4FvebvdxCL4ySiv8k5LTkcQVpquAU\/edit?usp=sharing\">Llista d&#8217;inscrits a les caminades\/curses<\/a><\/p>\n<p><b>Tallers i jocs:<\/b><\/p>\n<h6 style=\"text-align: justify\"><span style=\"font-weight: 400\">Plantada d\u2019arom\u00e0tiques<\/span><\/h6>\n<h6 style=\"text-align: justify\"><span style=\"font-weight: 400\">Concurs Kahoot<\/span><\/h6>\n<h6 style=\"text-align: justify\"><span style=\"font-weight: 400\">Vestida d\u2019arbres<\/span><\/h6>\n<h6 style=\"text-align: justify\"><span style=\"font-weight: 400\">Gimcana de residus<\/span><\/h6>\n<h6><span style=\"font-weight: 400\">El joc de l\u2019oca de l\u2019Anella Verda<\/span><\/h6>\n<h6><span style=\"font-weight: 400\">C\u00e0lcul de la petjada ecol\u00f2gica<\/span><\/h6>\n<h6><span style=\"font-weight: 400\">Taller de l\u2019aigua<\/span><\/h6>\n<h6><span style=\"font-weight: 400\">Joc de l\u2019energia<\/span><\/h6>\n<h6 style=\"text-align: justify\"><span style=\"font-weight: 400\">Cartell cooperatiu <\/span><\/h6>\n<p><b>Exposicions:<\/b><\/p>\n<h6><span style=\"font-weight: 400\">Dona la volta. Del residu al recurs<\/span><\/h6>\n<h6><span style=\"font-weight: 400\">El reciclatge<\/span><\/h6>\n<h6><span style=\"font-weight: 400\">Anella Verda<\/span><\/h6>\n<h6><span style=\"font-weight: 400\">Xarxa de Cust\u00f2dia del Territori<\/span><\/h6>\n<p>&nbsp;<\/p>\n<p><span style=\"font-weight: 400\">Us esperem el dissabte 21 d\u2019abril al nostre centre! Volem que sigui una gran jornada i que tots aprenguem una mica m\u00e9s a tenir cura del nostre entorn. Fins aviat!<\/span><\/p>\n<p style=\"text-align: right\"><span style=\"font-weight: 400\">Comissi\u00f3 d\u2019Escoles Verdes Institut Els Pallaresos<\/span><\/p>\n<p style=\"text-align: right\"><a href=\"http:\/\/agora.xtec.cat\/ieselspallaresos\/wp-content\/uploads\/usu652\/2018\/04\/cartell-diada-verda-definitiu_opt.jpg\"><img loading=\"lazy\" decoding=\"async\" class=\"size-full wp-image-1022 aligncenter\" src=\"http:\/\/agora.xtec.cat\/ieselspallaresos\/wp-content\/uploads\/usu652\/2018\/04\/cartell-diada-verda-definitiu_opt.jpg\" alt=\"\" width=\"400\" height=\"566\" srcset=\"https:\/\/agora.xtec.cat\/ieselspallaresos\/wp-content\/uploads\/usu652\/2018\/04\/cartell-diada-verda-definitiu_opt.jpg 400w, https:\/\/agora.xtec.cat\/ieselspallaresos\/wp-content\/uploads\/usu652\/2018\/04\/cartell-diada-verda-definitiu_opt-212x300.jpg 212w\" sizes=\"auto, (max-width: 400px) 100vw, 400px\" \/><\/a><\/p>\n","protected":false},"excerpt":{"rendered":"<p>Benvolgudes fam\u00edlies, L\u2019Institut Els Pallaresos, com a centre adherit a la xarxa d\u2019Escoles Verdes de Catalunya, ha organitzat una jornada festiva l\u2019eix principal de la qual ser\u00e0 el medi ambient. Realitzarem activitats per a totes les edats, perqu\u00e8 aix\u00ed tothom hi pugui participar. Us convidem a la Diada Verda, el dissabte 21 d\u2019abril, a l\u2019institut. [&hellip;]<\/p>\n","protected":false},"author":12,"featured_media":1022,"comment_status":"open","ping_status":"closed","sticky":false,"template":"","format":"standard","meta":{"_bbp_topic_count":0,"_bbp_reply_count":0,"_bbp_total_topic_count":0,"_bbp_total_reply_count":0,"_bbp_voice_count":0,"_bbp_anonymous_reply_count":0,"_bbp_topic_count_hidden":0,"_bbp_reply_count_hidden":0,"_bbp_forum_subforum_count":0,"site-sidebar-layout":"default","site-content-layout":"","ast-site-content-layout":"","site-content-style":"default","site-sidebar-style":"default","ast-global-header-display":"","ast-banner-title-visibility":"","ast-main-header-display":"","ast-hfb-above-header-display":"","ast-hfb-below-header-display":"","ast-hfb-mobile-header-display":"","site-post-title":"","ast-breadcrumbs-content":"","ast-featured-img":"","footer-sml-layout":"","theme-transparent-header-meta":"","adv-header-id-meta":"","stick-header-meta":"","header-above-stick-meta":"","header-main-stick-meta":"","header-below-stick-meta":"","astra-migrate-meta-layouts":"default","ast-page-background-enabled":"default","ast-page-background-meta":{"desktop":{"background-color":"var(--ast-global-color-4)","background-image":"","background-repeat":"repeat","background-position":"center center","background-size":"auto","background-attachment":"scroll","background-type":"","background-media":"","overlay-type":"","overlay-color":"","overlay-opacity":"","overlay-gradient":""},"tablet":{"background-color":"","background-image":"","background-repeat":"repeat","background-position":"center center","background-size":"auto","background-attachment":"scroll","background-type":"","background-media":"","overlay-type":"","overlay-color":"","overlay-opacity":"","overlay-gradient":""},"mobile":{"background-color":"","background-image":"","background-repeat":"repeat","background-position":"center center","background-size":"auto","background-attachment":"scroll","background-type":"","background-media":"","overlay-type":"","overlay-color":"","overlay-opacity":"","overlay-gradient":""}},"ast-content-background-meta":{"desktop":{"background-color":"var(--ast-global-color-5)","background-image":"","background-repeat":"repeat","background-position":"center center","background-size":"auto","background-attachment":"scroll","background-type":"","background-media":"","overlay-type":"","overlay-color":"","overlay-opacity":"","overlay-gradient":""},"tablet":{"background-color":"var(--ast-global-color-5)","background-image":"","background-repeat":"repeat","background-position":"center center","background-size":"auto","background-attachment":"scroll","background-type":"","background-media":"","overlay-type":"","overlay-color":"","overlay-opacity":"","overlay-gradient":""},"mobile":{"background-color":"var(--ast-global-color-5)","background-image":"","background-repeat":"repeat","background-position":"center center","background-size":"auto","background-attachment":"scroll","background-type":"","background-media":"","overlay-type":"","overlay-color":"","overlay-opacity":"","overlay-gradient":""}},"footnotes":""},"categories":[119,1,29],"tags":[],"class_list":["post-1023","post","type-post","status-publish","format-standard","has-post-thumbnail","hentry","category-escverda","category-general","category-portada"],"post_mailing_queue_ids":[],"_links":{"self":[{"href":"https:\/\/agora.xtec.cat\/ieselspallaresos\/wp-json\/wp\/v2\/posts\/1023","targetHints":{"allow":["GET"]}}],"collection":[{"href":"https:\/\/agora.xtec.cat\/ieselspallaresos\/wp-json\/wp\/v2\/posts"}],"about":[{"href":"https:\/\/agora.xtec.cat\/ieselspallaresos\/wp-json\/wp\/v2\/types\/post"}],"author":[{"embeddable":true,"href":"https:\/\/agora.xtec.cat\/ieselspallaresos\/wp-json\/wp\/v2\/users\/12"}],"replies":[{"embeddable":true,"href":"https:\/\/agora.xtec.cat\/ieselspallaresos\/wp-json\/wp\/v2\/comments?post=1023"}],"version-history":[{"count":3,"href":"https:\/\/agora.xtec.cat\/ieselspallaresos\/wp-json\/wp\/v2\/posts\/1023\/revisions"}],"predecessor-version":[{"id":1034,"href":"https:\/\/agora.xtec.cat\/ieselspallaresos\/wp-json\/wp\/v2\/posts\/1023\/revisions\/1034"}],"wp:featuredmedia":[{"embeddable":true,"href":"https:\/\/agora.xtec.cat\/ieselspallaresos\/wp-json\/wp\/v2\/media\/1022"}],"wp:attachment":[{"href":"https:\/\/agora.xtec.cat\/ieselspallaresos\/wp-json\/wp\/v2\/media?parent=1023"}],"wp:term":[{"taxonomy":"category","embeddable":true,"href":"https:\/\/agora.xtec.cat\/ieselspallaresos\/wp-json\/wp\/v2\/categories?post=1023"},{"taxonomy":"post_tag","embeddable":true,"href":"https:\/\/agora.xtec.cat\/ieselspallaresos\/wp-json\/wp\/v2\/tags?post=1023"}],"curies":[{"name":"wp","href":"https:\/\/api.w.org\/{rel}","templated":true}]}}