{"id":5669,"date":"2026-09-02T16:26:23","date_gmt":"2026-09-02T14:26:23","guid":{"rendered":"https:\/\/agora.xtec.cat\/ieselpalau\/?p=5669"},"modified":"2026-09-02T16:31:54","modified_gmt":"2026-09-02T14:31:54","slug":"places-vacants-torn-en-linia","status":"publish","type":"post","link":"https:\/\/agora.xtec.cat\/ieselpalau\/general\/places-vacants-torn-en-linia\/","title":{"rendered":"PLACES VACANTS &#8211; TORN EN L\u00cdNIA"},"content":{"rendered":"<p>El proper dilluns 7 de setembre, s&#8217;activar\u00e0 la inscripci\u00f3 a la cua virtual de les places vacants de GM i GS.<\/p>\n<h6 style=\"text-align: justify;\"><a href=\"https:\/\/preinscripcio.gencat.cat\/ca\/estudis\/fp-grau-mitja\/accedeix-vacant\/\" target=\"_blank\" rel=\"noopener\"><span style=\"color: #ff0000;\"><strong>ENLLA\u00c7 INFORMACI\u00d3 PLACES VACANTS GRAU MITJ\u00c0<\/strong><\/span><\/a><\/h6>\n<h6 style=\"text-align: justify;\"><a href=\"https:\/\/preinscripcio.gencat.cat\/ca\/estudis\/fp-grau-superior\/accedeix-vacant\/\" target=\"_blank\" rel=\"noopener\"><span style=\"color: #ff0000;\"><strong>ENLLA\u00c7 INFORMACI\u00d3 PLACES VACANTS GRAU SUPERIOR<\/strong><\/span><\/a><\/h6>\n<p>&nbsp;<\/p>\n<p><strong><span style=\"text-decoration: underline;\">Aquesta inscripci\u00f3 es podr\u00e0 realitzar online entre les 9:00h i les 23:59h del dilluns 7 de setembre:<\/span><\/strong><\/p>\n<h2 style=\"text-align: center;\"><a href=\"https:\/\/aplicacions.gestioeducativa.gencat.cat\/ords\/pls\/apex\/f?p=20160079072543618:650:::NO:650:P650_CENTRE:950279C726C63CE2094B273A51B2E251B44138C0D736936B\" target=\"_blank\" rel=\"noopener\"><span style=\"color: #ff0000;\"><strong>ENLLA\u00c7 A LA GESTI\u00d3 DE VACANTS &#8211; TORN EN L\u00cdNIA<\/strong><\/span><\/a><\/h2>\n","protected":false},"excerpt":{"rendered":"<p>El proper dilluns 7 de setembre, s&#8217;activar\u00e0 la inscripci\u00f3 a la cua virtual de les places vacants de GM i GS.<br \/>\n<a href=\"https:\/\/preinscripcio.gencat.cat\/ca\/estudis\/fp-grau-mitja\/accedeix-vacant\/\" target=\"_blank\" rel=\"noopener\">ENLLA\u00c7 INFORMACI\u00d3 PLACES VACANTS GRAU MITJ\u00c0<\/a><br \/>\n<a href=\"https:\/\/preinscripcio.gencat.cat\/ca\/estudis\/fp-grau-superior\/accedeix-vacant\/\" target=\"_blank\" rel=\"noopener\">ENLLA\u00c7 INFORMACI\u00d3 PLACES VACANTS GRAU SUPERIOR<\/a><br \/>\n&nbsp;<br \/>\nAquesta inscripci\u00f3 es podr\u00e0 realitzar online entre les 9:00h&hellip;  <a href=\"https:\/\/agora.xtec.cat\/ieselpalau\/general\/places-vacants-torn-en-linia\/\" title=\"Read PLACES VACANTS &#8211; TORN EN L\u00cdNIA\">Llegeix m\u00e9s\u00bb<\/a><\/p>\n","protected":false},"author":1,"featured_media":0,"comment_status":"closed","ping_status":"closed","sticky":true,"template":"","format":"standard","meta":{"_bbp_topic_count":0,"_bbp_reply_count":0,"_bbp_total_topic_count":0,"_bbp_total_reply_count":0,"_bbp_voice_count":0,"_bbp_anonymous_reply_count":0,"_bbp_topic_count_hidden":0,"_bbp_reply_count_hidden":0,"_bbp_forum_subforum_count":0,"footnotes":""},"categories":[30,1,29],"tags":[],"class_list":["post-5669","post","type-post","status-publish","format-standard","hentry","category-cicles-formatius","category-general","category-portada"],"post_mailing_queue_ids":[],"_links":{"self":[{"href":"https:\/\/agora.xtec.cat\/ieselpalau\/wp-json\/wp\/v2\/posts\/5669","targetHints":{"allow":["GET"]}}],"collection":[{"href":"https:\/\/agora.xtec.cat\/ieselpalau\/wp-json\/wp\/v2\/posts"}],"about":[{"href":"https:\/\/agora.xtec.cat\/ieselpalau\/wp-json\/wp\/v2\/types\/post"}],"author":[{"embeddable":true,"href":"https:\/\/agora.xtec.cat\/ieselpalau\/wp-json\/wp\/v2\/users\/1"}],"replies":[{"embeddable":true,"href":"https:\/\/agora.xtec.cat\/ieselpalau\/wp-json\/wp\/v2\/comments?post=5669"}],"version-history":[{"count":4,"href":"https:\/\/agora.xtec.cat\/ieselpalau\/wp-json\/wp\/v2\/posts\/5669\/revisions"}],"predecessor-version":[{"id":5674,"href":"https:\/\/agora.xtec.cat\/ieselpalau\/wp-json\/wp\/v2\/posts\/5669\/revisions\/5674"}],"wp:attachment":[{"href":"https:\/\/agora.xtec.cat\/ieselpalau\/wp-json\/wp\/v2\/media?parent=5669"}],"wp:term":[{"taxonomy":"category","embeddable":true,"href":"https:\/\/agora.xtec.cat\/ieselpalau\/wp-json\/wp\/v2\/categories?post=5669"},{"taxonomy":"post_tag","embeddable":true,"href":"https:\/\/agora.xtec.cat\/ieselpalau\/wp-json\/wp\/v2\/tags?post=5669"}],"curies":[{"name":"wp","href":"https:\/\/api.w.org\/{rel}","templated":true}]}}