{"id":4075,"date":"2019-12-04T11:35:42","date_gmt":"2019-12-04T10:35:42","guid":{"rendered":"http:\/\/agora.xtec.cat\/ieselcastell\/?p=4075"},"modified":"2019-12-04T12:09:32","modified_gmt":"2019-12-04T11:09:32","slug":"batxillerat-artistic-a-barcelona","status":"publish","type":"post","link":"https:\/\/agora.xtec.cat\/ieselcastell\/batxillerat\/batxillerat-artistic-a-barcelona\/","title":{"rendered":"Batxillerat Art\u00edstic a Barcelona"},"content":{"rendered":"<div id=\":15m\" class=\"a3s aXjCH \">\n<div dir=\"ltr\">\n<p>Els alumnes de Batxillerat Art\u00edstic hem passat el mat\u00ed a Barcelona. Hem visitat l&#8217;exposici\u00f3 Feminismes! al CCCB on hem reflexionat sobre el paper de la dona a la d\u00e8cada dels 70, la difer\u00e8ncia entre g\u00e8nere i sexe i el per qu\u00e8 del moviment feminista, abans i ara. Tot aix\u00f2 a partir de les obres de diferents artistes internacionals i locals.<\/p>\n<p>Tamb\u00e9 hem gaudit d&#8217;una ruta pel Raval amb el nostre professor d&#8217;hist\u00f2ria, que ens ha explicat hist\u00f2ries i an\u00e8cdotes molt interessants.<\/p>\n<p>Ha estat un mat\u00ed meravell\u00f3s!<\/p>\n<p><img loading=\"lazy\" decoding=\"async\" class=\"alignnone size-large wp-image-4076\" src=\"https:\/\/agora.xtec.cat\/ieselcastell\/wp-content\/uploads\/usu221\/2019\/12\/DSC04165-1024x576.jpg\" alt=\"\" width=\"1024\" height=\"576\" srcset=\"https:\/\/agora.xtec.cat\/ieselcastell\/wp-content\/uploads\/usu221\/2019\/12\/DSC04165-1024x576.jpg 1024w, https:\/\/agora.xtec.cat\/ieselcastell\/wp-content\/uploads\/usu221\/2019\/12\/DSC04165-300x169.jpg 300w, https:\/\/agora.xtec.cat\/ieselcastell\/wp-content\/uploads\/usu221\/2019\/12\/DSC04165-768x432.jpg 768w, https:\/\/agora.xtec.cat\/ieselcastell\/wp-content\/uploads\/usu221\/2019\/12\/DSC04165.jpg 1920w\" sizes=\"auto, (max-width: 1024px) 100vw, 1024px\" \/> <img loading=\"lazy\" decoding=\"async\" class=\"alignnone size-large wp-image-4077\" src=\"https:\/\/agora.xtec.cat\/ieselcastell\/wp-content\/uploads\/usu221\/2019\/12\/DSC04222-1024x576.jpg\" alt=\"\" width=\"1024\" height=\"576\" srcset=\"https:\/\/agora.xtec.cat\/ieselcastell\/wp-content\/uploads\/usu221\/2019\/12\/DSC04222-1024x576.jpg 1024w, https:\/\/agora.xtec.cat\/ieselcastell\/wp-content\/uploads\/usu221\/2019\/12\/DSC04222-300x169.jpg 300w, https:\/\/agora.xtec.cat\/ieselcastell\/wp-content\/uploads\/usu221\/2019\/12\/DSC04222-768x432.jpg 768w, https:\/\/agora.xtec.cat\/ieselcastell\/wp-content\/uploads\/usu221\/2019\/12\/DSC04222.jpg 1920w\" sizes=\"auto, (max-width: 1024px) 100vw, 1024px\" \/> <img loading=\"lazy\" decoding=\"async\" class=\"alignnone size-large wp-image-4078\" src=\"https:\/\/agora.xtec.cat\/ieselcastell\/wp-content\/uploads\/usu221\/2019\/12\/DSC04161-1024x576.jpg\" alt=\"\" width=\"1024\" height=\"576\" srcset=\"https:\/\/agora.xtec.cat\/ieselcastell\/wp-content\/uploads\/usu221\/2019\/12\/DSC04161-1024x576.jpg 1024w, https:\/\/agora.xtec.cat\/ieselcastell\/wp-content\/uploads\/usu221\/2019\/12\/DSC04161-300x169.jpg 300w, https:\/\/agora.xtec.cat\/ieselcastell\/wp-content\/uploads\/usu221\/2019\/12\/DSC04161-768x432.jpg 768w, https:\/\/agora.xtec.cat\/ieselcastell\/wp-content\/uploads\/usu221\/2019\/12\/DSC04161.jpg 1920w\" sizes=\"auto, (max-width: 1024px) 100vw, 1024px\" \/> <img loading=\"lazy\" decoding=\"async\" class=\"alignnone size-large wp-image-4079\" src=\"https:\/\/agora.xtec.cat\/ieselcastell\/wp-content\/uploads\/usu221\/2019\/12\/DSC04217-1024x576.jpg\" alt=\"\" width=\"1024\" height=\"576\" srcset=\"https:\/\/agora.xtec.cat\/ieselcastell\/wp-content\/uploads\/usu221\/2019\/12\/DSC04217-1024x576.jpg 1024w, https:\/\/agora.xtec.cat\/ieselcastell\/wp-content\/uploads\/usu221\/2019\/12\/DSC04217-300x169.jpg 300w, https:\/\/agora.xtec.cat\/ieselcastell\/wp-content\/uploads\/usu221\/2019\/12\/DSC04217-768x432.jpg 768w, https:\/\/agora.xtec.cat\/ieselcastell\/wp-content\/uploads\/usu221\/2019\/12\/DSC04217.jpg 1920w\" sizes=\"auto, (max-width: 1024px) 100vw, 1024px\" \/><\/p>\n<\/div>\n<\/div>\n","protected":false},"excerpt":{"rendered":"<p>Els alumnes de Batxillerat Art\u00edstic hem passat el mat\u00ed a Barcelona. Hem visitat l&#8217;exposici\u00f3 Feminismes! al CCCB on hem reflexionat sobre el paper de la dona a la d\u00e8cada dels 70, la difer\u00e8ncia entre g\u00e8nere i sexe i el per qu\u00e8 del moviment feminista, abans i ara. Tot aix\u00f2 a partir de les obres de [&hellip;]<\/p>\n","protected":false},"author":1,"featured_media":0,"comment_status":"open","ping_status":"closed","sticky":false,"template":"","format":"standard","meta":{"_bbp_topic_count":0,"_bbp_reply_count":0,"_bbp_total_topic_count":0,"_bbp_total_reply_count":0,"_bbp_voice_count":0,"_bbp_anonymous_reply_count":0,"_bbp_topic_count_hidden":0,"_bbp_reply_count_hidden":0,"_bbp_forum_subforum_count":0,"site-sidebar-layout":"default","site-content-layout":"","ast-site-content-layout":"","site-content-style":"default","site-sidebar-style":"default","ast-global-header-display":"","ast-banner-title-visibility":"","ast-main-header-display":"","ast-hfb-above-header-display":"","ast-hfb-below-header-display":"","ast-hfb-mobile-header-display":"","site-post-title":"","ast-breadcrumbs-content":"","ast-featured-img":"","footer-sml-layout":"","theme-transparent-header-meta":"","adv-header-id-meta":"","stick-header-meta":"","header-above-stick-meta":"","header-main-stick-meta":"","header-below-stick-meta":"","astra-migrate-meta-layouts":"default","ast-page-background-enabled":"default","ast-page-background-meta":{"desktop":{"background-color":"var(--ast-global-color-4)","background-image":"","background-repeat":"repeat","background-position":"center center","background-size":"auto","background-attachment":"scroll","background-type":"","background-media":"","overlay-type":"","overlay-color":"","overlay-opacity":"","overlay-gradient":""},"tablet":{"background-color":"","background-image":"","background-repeat":"repeat","background-position":"center center","background-size":"auto","background-attachment":"scroll","background-type":"","background-media":"","overlay-type":"","overlay-color":"","overlay-opacity":"","overlay-gradient":""},"mobile":{"background-color":"","background-image":"","background-repeat":"repeat","background-position":"center center","background-size":"auto","background-attachment":"scroll","background-type":"","background-media":"","overlay-type":"","overlay-color":"","overlay-opacity":"","overlay-gradient":""}},"ast-content-background-meta":{"desktop":{"background-color":"var(--ast-global-color-5)","background-image":"","background-repeat":"repeat","background-position":"center center","background-size":"auto","background-attachment":"scroll","background-type":"","background-media":"","overlay-type":"","overlay-color":"","overlay-opacity":"","overlay-gradient":""},"tablet":{"background-color":"var(--ast-global-color-5)","background-image":"","background-repeat":"repeat","background-position":"center center","background-size":"auto","background-attachment":"scroll","background-type":"","background-media":"","overlay-type":"","overlay-color":"","overlay-opacity":"","overlay-gradient":""},"mobile":{"background-color":"var(--ast-global-color-5)","background-image":"","background-repeat":"repeat","background-position":"center center","background-size":"auto","background-attachment":"scroll","background-type":"","background-media":"","overlay-type":"","overlay-color":"","overlay-opacity":"","overlay-gradient":""}},"footnotes":""},"categories":[8,92,29],"tags":[],"class_list":["post-4075","post","type-post","status-publish","format-standard","hentry","category-batxillerat","category-arts-esceniques","category-portada"],"post_mailing_queue_ids":[],"_links":{"self":[{"href":"https:\/\/agora.xtec.cat\/ieselcastell\/wp-json\/wp\/v2\/posts\/4075","targetHints":{"allow":["GET"]}}],"collection":[{"href":"https:\/\/agora.xtec.cat\/ieselcastell\/wp-json\/wp\/v2\/posts"}],"about":[{"href":"https:\/\/agora.xtec.cat\/ieselcastell\/wp-json\/wp\/v2\/types\/post"}],"author":[{"embeddable":true,"href":"https:\/\/agora.xtec.cat\/ieselcastell\/wp-json\/wp\/v2\/users\/1"}],"replies":[{"embeddable":true,"href":"https:\/\/agora.xtec.cat\/ieselcastell\/wp-json\/wp\/v2\/comments?post=4075"}],"version-history":[{"count":1,"href":"https:\/\/agora.xtec.cat\/ieselcastell\/wp-json\/wp\/v2\/posts\/4075\/revisions"}],"predecessor-version":[{"id":4080,"href":"https:\/\/agora.xtec.cat\/ieselcastell\/wp-json\/wp\/v2\/posts\/4075\/revisions\/4080"}],"wp:attachment":[{"href":"https:\/\/agora.xtec.cat\/ieselcastell\/wp-json\/wp\/v2\/media?parent=4075"}],"wp:term":[{"taxonomy":"category","embeddable":true,"href":"https:\/\/agora.xtec.cat\/ieselcastell\/wp-json\/wp\/v2\/categories?post=4075"},{"taxonomy":"post_tag","embeddable":true,"href":"https:\/\/agora.xtec.cat\/ieselcastell\/wp-json\/wp\/v2\/tags?post=4075"}],"curies":[{"name":"wp","href":"https:\/\/api.w.org\/{rel}","templated":true}]}}