{"id":3413,"date":"2026-01-30T08:10:00","date_gmt":"2026-01-30T07:10:00","guid":{"rendered":"http:\/\/agora.xtec.cat\/ieselcastell\/?p=3413"},"modified":"2026-04-29T14:39:52","modified_gmt":"2026-04-29T12:39:52","slug":"periodes-de-preinscripcio-i-matricula-deso-per-al-curs-2019-2020","status":"publish","type":"post","link":"https:\/\/agora.xtec.cat\/ieselcastell\/eso\/periodes-de-preinscripcio-i-matricula-deso-per-al-curs-2019-2020\/","title":{"rendered":"PROC\u00c9S DE PREINSCRIPCI\u00d3 I MATR\u00cdCULA ESO CURS 2026\/2027"},"content":{"rendered":"<p style=\"text-align: left;\"><span style=\"color: #000000;\"> <img loading=\"lazy\" decoding=\"async\" class=\"aligncenter  wp-image-7799\" src=\"https:\/\/agora.xtec.cat\/ieselcastell\/wp-content\/uploads\/usu221\/2026\/02\/Preinscripcio_baners_Web_educacio__Preinscripcio_web_educacio_832x468_SECUNDARIA.jpg\" alt=\"\" width=\"609\" height=\"348\" srcset=\"https:\/\/agora.xtec.cat\/ieselcastell\/wp-content\/uploads\/usu221\/2026\/02\/Preinscripcio_baners_Web_educacio__Preinscripcio_web_educacio_832x468_SECUNDARIA.jpg 849w, https:\/\/agora.xtec.cat\/ieselcastell\/wp-content\/uploads\/usu221\/2026\/02\/Preinscripcio_baners_Web_educacio__Preinscripcio_web_educacio_832x468_SECUNDARIA-300x171.jpg 300w, https:\/\/agora.xtec.cat\/ieselcastell\/wp-content\/uploads\/usu221\/2026\/02\/Preinscripcio_baners_Web_educacio__Preinscripcio_web_educacio_832x468_SECUNDARIA-768x439.jpg 768w\" sizes=\"auto, (max-width: 609px) 100vw, 609px\" \/><\/span><\/p>\n<h5 style=\"text-align: center;\"><span style=\"color: #000000;\">PER\u00cdODE DE PRESENTACI\u00d3 DE SOL\u00b7LICITUDS DE PREINSCRIPCI\u00d3 DEL 6 AL 18 DE MAR\u00c7<\/span><\/h5>\n<h5 style=\"text-align: center;\"><span style=\"color: #000000;\">PER\u00cdODE DE PRESENTACI\u00d3 DE DOCUMENTACI\u00d3 PER A LA MATRICULA DEL 22 AL 30 DE JUNY<\/span><\/h5>\n<p>Les sol\u00b7licituds de preinscripci\u00f3 nom\u00e9s es poden presentar telem\u00e0ticament seguint les instruccions de la web de preinscripcions.<\/p>\n<h5 style=\"text-align: center;\"><a href=\"https:\/\/preinscripcio.gencat.cat\/ca\/estudis\/eso\/inici\/\" target=\"_blank\" rel=\"noopener\"><span style=\"color: #ff9900;\"><span style=\"color: #ff6600;\">Web Preinscripcions ESO<\/span><\/span><\/a><\/h5>\n<h4><span style=\"color: #0000ff;\"><strong>PREINSCRIPCI\u00d3:<\/strong><\/span><\/h4>\n<h6><a href=\"https:\/\/drive.google.com\/file\/d\/1WITtDEny9svJzYNFCdC9cXUZKrHXLBk9\/view?usp=sharing\" target=\"_blank\" rel=\"noopener\"><span style=\"color: #000000;\"><span style=\"color: #ff6600;\">Oferta Inicial (03\/03)<\/span><\/span><\/a><\/h6>\n<h6><a href=\"https:\/\/tramits.gencat.cat\/ca\/tramits\/tramits-temes\/perinscripcio-obligatoris?&amp;moda=3\" target=\"_blank\" rel=\"noopener\"><span style=\"color: #000000;\"><span style=\"color: #ff6600;\">Presentaci\u00f3\/modificaci\u00f3 sol\u00b7licituds (6 &#8211; 18 de mar\u00e7)<\/span><\/span><\/a><\/h6>\n<h6><a href=\"https:\/\/drive.google.com\/file\/d\/11UAD_VySVGqsdi6YzeTqyMSFfNsgdyLu\/view?usp=sharing\" target=\"_blank\" rel=\"noopener\"><span style=\"color: #000000;\"><span style=\"color: #ff6600;\">Llista puntuacions provisional (15\/04)<\/span><\/span><\/a><\/h6>\n<h6><span style=\"color: #000000;\"><a href=\"https:\/\/preinscripcio.gencat.cat\/ca\/estudis\/eso\/preinscriute\/seguiment-sollicitud\/llista-sollicituds-puntuacio\/\" target=\"_blank\" rel=\"noopener\"><span style=\"color: #ff6600;\">Reclamacions (15 &#8211; 20 d&#8217;abril)<\/span><\/a><br \/><\/span><\/h6>\n<h6><span style=\"color: #ff6600;\"><a style=\"color: #ff6600;\" href=\"https:\/\/drive.google.com\/file\/d\/1uZLQvEVJ9wbuvfanUQ3hHJrUor6sWXIk\/view?usp=sharing\" target=\"_blank\" rel=\"noopener\">Llista puntuacions amb reclamacions resoltes (23\/04)<\/a><br \/><\/span><\/h6>\n<h6><span style=\"color: #ff6600;\">N\u00famero de desempat: 42129<\/span><\/h6>\n<h6><span style=\"color: #ff6600;\"><a style=\"color: #ff6600;\" href=\"https:\/\/drive.google.com\/file\/d\/1wepfhGo-a_q-xXOiTNVC-SUjkmsLq01M\/view?usp=sharing\" target=\"_blank\" rel=\"noopener\"><span style=\"background-color: #ff6600;\"><span style=\"background-color: #ffffff;\">Llista puntuacions ordenades (29\/04)<\/span><\/span><\/a><br \/><\/span><\/h6>\n<h6><span style=\"color: #000000;\">Oferta final (10\/06)<br \/><\/span><\/h6>\n<h6><span style=\"color: #000000;\">Llista d&#8217;espera (10\/06)<\/span><\/h6>\n<h4><span style=\"color: #000000;\">Llista de l&#8217;alumnat assignat al centre (10\/06)<br \/><\/span><\/h4>\n<h6><span style=\"color: #000000;\">\u00a0<\/span><\/h6>\n<h4><strong><span style=\"color: #ff6600;\"><span style=\"color: #000000;\"><span style=\"text-decoration: underline; color: #0000ff;\">MATR\u00cdCULA:<\/span><br \/><\/span><\/span><\/strong><\/h4>\n<p><span style=\"color: #000000;\">Entre el <strong>22 i el\u00a0 30 de juny<\/strong>, les fam\u00edlies de <strong>l&#8217;alumnat assignat al nostre institut<\/strong>, haureu d&#8217;imprimir, emplenar, signar i portar a la secretaria del centre, entre les 10:30 i les 13:30 hores, la documentaci\u00f3 seg\u00fcent:<\/span><\/p>\n<p><a href=\"https:\/\/drive.google.com\/file\/d\/18dqgEy3Uz_vciPCWNoB3ljyN205ThSQt\/view?usp=sharing\" target=\"_blank\" rel=\"noopener\"><span style=\"color: #ff6600;\"><strong><span style=\"text-decoration: underline;\">Documentaci\u00f3 matr\u00edcula alumnat adm\u00e8s<\/span><\/strong><\/span><\/a><\/p>\n<p><span style=\"color: #000000;\"><strong><a href=\"https:\/\/drive.google.com\/file\/d\/18dqgEy3Uz_vciPCWNoB3ljyN205ThSQt\/view?usp=sharing\" target=\"_blank\" rel=\"noopener\"><span style=\"text-decoration: underline; color: #ff6600;\">Documentaci\u00f3 que hauran d&#8217;afegir els alumnes matriculats a 4t d&#8217;E<\/span><\/a><span style=\"text-decoration: underline;\"><span style=\"color: #ff6600;\">SO\u00a0<\/span><\/span><\/strong><\/span><\/p>\n<p><span style=\"color: #000000;\">Si en el moment de formalitzar la matr\u00edcula necessiteu transport escolar tamb\u00e9 haureu de portar, emplenada i signada, la seg\u00fcent documentaci\u00f3:<\/span><\/p>\n<p><a href=\"https:\/\/drive.google.com\/file\/d\/1ahop-vO5lhfklxEAWwF8XBq2LRgdAMkI\/view?usp=sharing\" target=\"_blank\" rel=\"noopener\"><span style=\"color: #000000;\"><strong><span style=\"text-decoration: underline;\"><strong><span style=\"color: #ff6600; text-decoration: underline;\">Sol\u00b7licitud i autoritzacions transport escolar alumnat nou<\/span><\/strong><\/span><\/strong><\/span><\/a><\/p>\n<p>Per a qualsevol dubte o consulta podeu contactar amb nosaltres al tel\u00e8fon 93 777 76 40 o enviant un correu a ieselcastell<span class=\"\">@xtec.cat<\/span><\/p>\n\n\n\n\n<p><\/p>\n","protected":false},"excerpt":{"rendered":"<p>Alumnat ESO<br \/>\nTota la informaci\u00f3 sobre el proc\u00e8s de preinscripci\u00f3 i matriculaci\u00f3 per al curs 2026\/2027.<br \/>\nAmb l&#8217;enlla\u00e7 directe a la web de preinscripcions<\/p>\n","protected":false},"author":1,"featured_media":7956,"comment_status":"open","ping_status":"closed","sticky":false,"template":"","format":"standard","meta":{"_bbp_topic_count":0,"_bbp_reply_count":0,"_bbp_total_topic_count":0,"_bbp_total_reply_count":0,"_bbp_voice_count":0,"_bbp_anonymous_reply_count":0,"_bbp_topic_count_hidden":0,"_bbp_reply_count_hidden":0,"_bbp_forum_subforum_count":0,"site-sidebar-layout":"default","site-content-layout":"","ast-site-content-layout":"default","site-content-style":"default","site-sidebar-style":"default","ast-global-header-display":"","ast-banner-title-visibility":"","ast-main-header-display":"","ast-hfb-above-header-display":"","ast-hfb-below-header-display":"","ast-hfb-mobile-header-display":"","site-post-title":"","ast-breadcrumbs-content":"","ast-featured-img":"","footer-sml-layout":"","theme-transparent-header-meta":"","adv-header-id-meta":"","stick-header-meta":"","header-above-stick-meta":"","header-main-stick-meta":"","header-below-stick-meta":"","astra-migrate-meta-layouts":"set","ast-page-background-enabled":"default","ast-page-background-meta":{"desktop":{"background-color":"var(--ast-global-color-4)","background-image":"","background-repeat":"repeat","background-position":"center center","background-size":"auto","background-attachment":"scroll","background-type":"","background-media":"","overlay-type":"","overlay-color":"","overlay-opacity":"","overlay-gradient":""},"tablet":{"background-color":"","background-image":"","background-repeat":"repeat","background-position":"center center","background-size":"auto","background-attachment":"scroll","background-type":"","background-media":"","overlay-type":"","overlay-color":"","overlay-opacity":"","overlay-gradient":""},"mobile":{"background-color":"","background-image":"","background-repeat":"repeat","background-position":"center center","background-size":"auto","background-attachment":"scroll","background-type":"","background-media":"","overlay-type":"","overlay-color":"","overlay-opacity":"","overlay-gradient":""}},"ast-content-background-meta":{"desktop":{"background-color":"var(--ast-global-color-5)","background-image":"","background-repeat":"repeat","background-position":"center center","background-size":"auto","background-attachment":"scroll","background-type":"","background-media":"","overlay-type":"","overlay-color":"","overlay-opacity":"","overlay-gradient":""},"tablet":{"background-color":"var(--ast-global-color-5)","background-image":"","background-repeat":"repeat","background-position":"center center","background-size":"auto","background-attachment":"scroll","background-type":"","background-media":"","overlay-type":"","overlay-color":"","overlay-opacity":"","overlay-gradient":""},"mobile":{"background-color":"var(--ast-global-color-5)","background-image":"","background-repeat":"repeat","background-position":"center center","background-size":"auto","background-attachment":"scroll","background-type":"","background-media":"","overlay-type":"","overlay-color":"","overlay-opacity":"","overlay-gradient":""}},"footnotes":""},"categories":[31,3,29,103,87],"tags":[],"class_list":["post-3413","post","type-post","status-publish","format-standard","has-post-thumbnail","hentry","category-afa","category-eso","category-portada","category-preinscripcio-i-matricula","category-secretaria"],"post_mailing_queue_ids":[],"_links":{"self":[{"href":"https:\/\/agora.xtec.cat\/ieselcastell\/wp-json\/wp\/v2\/posts\/3413","targetHints":{"allow":["GET"]}}],"collection":[{"href":"https:\/\/agora.xtec.cat\/ieselcastell\/wp-json\/wp\/v2\/posts"}],"about":[{"href":"https:\/\/agora.xtec.cat\/ieselcastell\/wp-json\/wp\/v2\/types\/post"}],"author":[{"embeddable":true,"href":"https:\/\/agora.xtec.cat\/ieselcastell\/wp-json\/wp\/v2\/users\/1"}],"replies":[{"embeddable":true,"href":"https:\/\/agora.xtec.cat\/ieselcastell\/wp-json\/wp\/v2\/comments?post=3413"}],"version-history":[{"count":5,"href":"https:\/\/agora.xtec.cat\/ieselcastell\/wp-json\/wp\/v2\/posts\/3413\/revisions"}],"predecessor-version":[{"id":8116,"href":"https:\/\/agora.xtec.cat\/ieselcastell\/wp-json\/wp\/v2\/posts\/3413\/revisions\/8116"}],"wp:featuredmedia":[{"embeddable":true,"href":"https:\/\/agora.xtec.cat\/ieselcastell\/wp-json\/wp\/v2\/media\/7956"}],"wp:attachment":[{"href":"https:\/\/agora.xtec.cat\/ieselcastell\/wp-json\/wp\/v2\/media?parent=3413"}],"wp:term":[{"taxonomy":"category","embeddable":true,"href":"https:\/\/agora.xtec.cat\/ieselcastell\/wp-json\/wp\/v2\/categories?post=3413"},{"taxonomy":"post_tag","embeddable":true,"href":"https:\/\/agora.xtec.cat\/ieselcastell\/wp-json\/wp\/v2\/tags?post=3413"}],"curies":[{"name":"wp","href":"https:\/\/api.w.org\/{rel}","templated":true}]}}